{"id":129171,"date":"2026-05-01T08:49:33","date_gmt":"2026-05-01T11:49:33","guid":{"rendered":"https:\/\/noticiasbahia360.com.br\/?p=129171"},"modified":"2026-05-01T08:49:33","modified_gmt":"2026-05-01T11:49:33","slug":"bolsonaro-e-internado-em-brasilia-apos-autorizacao-de-ministro-veja-o-procedimento-que-o-ex-presidente-ira-fazer","status":"publish","type":"post","link":"https:\/\/noticiasbahia360.com.br\/?p=129171","title":{"rendered":"Bolsonaro \u00e9 internado em Bras\u00edlia ap\u00f3s autoriza\u00e7\u00e3o de ministro; veja o procedimento que o ex-presidente ir\u00e1 fazer"},"content":{"rendered":"<div>\n<div>\n<figure><img decoding=\"async\" src=\"http:\/\/noticiasbahia360.com.br\/wp-content\/uploads\/2026\/05\/jair-bolsonaro-uti.jpg\" alt=\"Ap\u00f3s melhora cl\u00ednica, Bolsonaro deixa UTI e \u00e9 transferido para unidade semi-intensiva, diz Michelle\"><figcaption>Foto ilustrativa do ex-presidente | Foto: Reprodu\u00e7\u00e3o \/ Redes Sociais<\/figcaption><\/figure>\n<\/div>\n<p>Ag\u00eancia Brasil \u2013 O ex-presidente Jair Bolsonaro (PL) foi internado nesta sexta-feira (1\u00b0) no hospital DF Star, em Bras\u00edlia, ap\u00f3s autoriza\u00e7\u00e3o do ministro do Supremo Tribunal Federal (STF), Alexandre de Moraes. O pol\u00edtico,\u00a0condenado a\u00a027 anos e 3 meses de pris\u00e3o, ser\u00e1 submetido a uma cirurgia no ombro para repara\u00e7\u00e3o do manguito rotador e de les\u00f5es associadas.<\/p>\n<p>Conforme o ortopedista Alexandre Firmino, respons\u00e1vel pelo acompanhamento m\u00e9dico, exames pr\u00e9-operat\u00f3rios foram realizados para garantir a seguran\u00e7a do procedimento, previsto para ocorrer por volta das 10h.<\/p>\n<p>A ex-primeira-dama Michelle Bolsonaro informou, por meio de rede social, que acompanhava o ex-presidente no deslocamento at\u00e9 o hospital na manh\u00e3 desta sexta-feira.<\/p>\n<p>No \u00faltimo dia 24 de abril, a Procuradoria-Geral da Rep\u00fablica (PGR) manifestou-se favor\u00e1vel ao pedido da defesa de Bolsonaro para libera\u00e7\u00e3o do procedimento cir\u00fargico. Inicialmente, os advogados solicitaram que a cirurgia fosse realizada entre os dias 24 e 25 de abril, mas a autoriza\u00e7\u00e3o judicial foi concedida posteriormente.<\/p>\n<p>Bolsonaro foi condenado por tentativa de golpe e cumpre pris\u00e3o domiciliar humanit\u00e1ria tempor\u00e1ria desde 27 de mar\u00e7o. O benef\u00edcio, com prazo inicial de 90 dias, foi concedido por decis\u00e3o de Alexandre de Moraes, em raz\u00e3o das condi\u00e7\u00f5es de sa\u00fade do ex-presidente.<\/p>\n<p>De acordo com a equipe m\u00e9dica, durante sess\u00e3o de fisioterapia pr\u00e9-operat\u00f3ria realizada na \u00faltima segunda-feira (27), o ex-presidente apresentou evolu\u00e7\u00e3o satisfat\u00f3ria, atingindo os objetivos terap\u00eauticos previstos. Ap\u00f3s o procedimento,<\/p>\n<p>O ex-presidente condenado dever\u00e1 passar por nova avalia\u00e7\u00e3o m\u00e9dica e seguir acompanhamento fisioterap\u00eautico na fase p\u00f3s-operat\u00f3ria, conforme a evolu\u00e7\u00e3o cl\u00ednica.<\/p>\n<p><em>Fonte: <a href=\"https:\/\/www.bahianoticias.com.br\/noticia\/316354-bolsonaro-e-internado-em-brasilia-para-cirurgia-no-ombro-apos-autorizacao-de-alexandre-de-moraes\" type=\"link\" id=\"https:\/\/www.bahianoticias.com.br\/noticia\/316354-bolsonaro-e-internado-em-brasilia-para-cirurgia-no-ombro-apos-autorizacao-de-alexandre-de-moraes\" target=\"_blank\" rel=\"noreferrer noopener\">Bahia Not\u00edcias<\/a>, site parceiro do Acorda Cidade<\/em><\/p>\n<p><em>Siga o Acorda Cidade no<\/em><a href=\"https:\/\/news.google.com\/search?q=acorda%20cidade&amp;hl=pt-BR&amp;gl=BR&amp;ceid=BR%3Apt-419\"><strong><em>\u00a0Google Not\u00edcias<\/em><\/strong><\/a><em>\u00a0e receba os principais destaques do dia. Participe tamb\u00e9m dos nossos canais no\u00a0<\/em><a href=\"https:\/\/www.whatsapp.com\/channel\/0029Va6Rb4v3WHTNnsh8WI3N\"><strong><em>WhatsApp<\/em><\/strong><\/a><em>\u00a0e\u00a0<\/em><a href=\"https:\/\/www.youtube.com\/@acordacidadenoticias\/videos\"><strong>YouTube<\/strong><\/a><em>\u00a0e grupo de\u00a0<\/em><a href=\"https:\/\/t.me\/+sSz0khrgARA0ZmRh\"><strong><em>Telegram<\/em><\/strong><\/a><em>.<\/em><\/p>\n<\/div>\n","protected":false},"excerpt":{"rendered":"<div>\n<div>\n<figure><img decoding=\"async\" src=\"https:\/\/www.acordacidade.com.br\/wp-content\/uploads\/2026\/03\/jair-bolsonaro-uti.jpg\" alt=\"Ap\u00f3s melhora cl\u00ednica, Bolsonaro deixa UTI e \u00e9 transferido para unidade semi-intensiva, diz Michelle\"><figcaption>Foto ilustrativa do ex-presidente | Foto: Reprodu\u00e7\u00e3o \/ Redes Sociais<\/figcaption><\/figure>\n<\/div>\n<p>Bolsonaro foi condenado por tentativa de golpe e cumpre pris\u00e3o domiciliar humanit\u00e1ria tempor\u00e1ria desde 27 de mar\u00e7o.<\/p><\/div>\n","protected":false},"author":1,"featured_media":129172,"comment_status":"closed","ping_status":"closed","sticky":false,"template":"","format":"gallery","meta":{"footnotes":""},"categories":[8,9,6,57,56,10],"tags":[],"class_list":["post-129171","post","type-post","status-publish","format-gallery","has-post-thumbnail","hentry","category-bahia","category-brasil","category-feira-de-santana","category-mundo","category-policia","category-politica","post_format-post-format-gallery"],"featured_image_urls":{"full":["https:\/\/noticiasbahia360.com.br\/wp-content\/uploads\/2026\/05\/jair-bolsonaro-uti.jpg",1200,630,false],"thumbnail":["https:\/\/noticiasbahia360.com.br\/wp-content\/uploads\/2026\/05\/jair-bolsonaro-uti-150x150.jpg",150,150,true],"medium":["https:\/\/noticiasbahia360.com.br\/wp-content\/uploads\/2026\/05\/jair-bolsonaro-uti-300x158.jpg",300,158,true],"medium_large":["https:\/\/noticiasbahia360.com.br\/wp-content\/uploads\/2026\/05\/jair-bolsonaro-uti-768x403.jpg",640,336,true],"large":["https:\/\/noticiasbahia360.com.br\/wp-content\/uploads\/2026\/05\/jair-bolsonaro-uti-1024x538.jpg",640,336,true],"1536x1536":["https:\/\/noticiasbahia360.com.br\/wp-content\/uploads\/2026\/05\/jair-bolsonaro-uti.jpg",1200,630,false],"2048x2048":["https:\/\/noticiasbahia360.com.br\/wp-content\/uploads\/2026\/05\/jair-bolsonaro-uti.jpg",1200,630,false],"chromenews-featured":["https:\/\/noticiasbahia360.com.br\/wp-content\/uploads\/2026\/05\/jair-bolsonaro-uti-1024x538.jpg",1024,538,true],"chromenews-large":["https:\/\/noticiasbahia360.com.br\/wp-content\/uploads\/2026\/05\/jair-bolsonaro-uti-825x575.jpg",825,575,true],"chromenews-medium":["https:\/\/noticiasbahia360.com.br\/wp-content\/uploads\/2026\/05\/jair-bolsonaro-uti-590x410.jpg",590,410,true]},"author_info":{"display_name":"noticiasbahia360.com.br","author_link":"https:\/\/noticiasbahia360.com.br\/?author=1"},"category_info":"<a href=\"https:\/\/noticiasbahia360.com.br\/?cat=8\" rel=\"category\">Bahia<\/a> <a href=\"https:\/\/noticiasbahia360.com.br\/?cat=9\" rel=\"category\">Brasil<\/a> <a href=\"https:\/\/noticiasbahia360.com.br\/?cat=6\" rel=\"category\">Feira de Santana<\/a> <a href=\"https:\/\/noticiasbahia360.com.br\/?cat=57\" rel=\"category\">Mundo<\/a> <a href=\"https:\/\/noticiasbahia360.com.br\/?cat=56\" rel=\"category\">Pol\u00edcia<\/a> <a href=\"https:\/\/noticiasbahia360.com.br\/?cat=10\" rel=\"category\">Pol\u00edtica<\/a>","tag_info":"Pol\u00edtica","comment_count":"0","_links":{"self":[{"href":"https:\/\/noticiasbahia360.com.br\/index.php?rest_route=\/wp\/v2\/posts\/129171","targetHints":{"allow":["GET"]}}],"collection":[{"href":"https:\/\/noticiasbahia360.com.br\/index.php?rest_route=\/wp\/v2\/posts"}],"about":[{"href":"https:\/\/noticiasbahia360.com.br\/index.php?rest_route=\/wp\/v2\/types\/post"}],"author":[{"embeddable":true,"href":"https:\/\/noticiasbahia360.com.br\/index.php?rest_route=\/wp\/v2\/users\/1"}],"replies":[{"embeddable":true,"href":"https:\/\/noticiasbahia360.com.br\/index.php?rest_route=%2Fwp%2Fv2%2Fcomments&post=129171"}],"version-history":[{"count":0,"href":"https:\/\/noticiasbahia360.com.br\/index.php?rest_route=\/wp\/v2\/posts\/129171\/revisions"}],"wp:featuredmedia":[{"embeddable":true,"href":"https:\/\/noticiasbahia360.com.br\/index.php?rest_route=\/wp\/v2\/media\/129172"}],"wp:attachment":[{"href":"https:\/\/noticiasbahia360.com.br\/index.php?rest_route=%2Fwp%2Fv2%2Fmedia&parent=129171"}],"wp:term":[{"taxonomy":"category","embeddable":true,"href":"https:\/\/noticiasbahia360.com.br\/index.php?rest_route=%2Fwp%2Fv2%2Fcategories&post=129171"},{"taxonomy":"post_tag","embeddable":true,"href":"https:\/\/noticiasbahia360.com.br\/index.php?rest_route=%2Fwp%2Fv2%2Ftags&post=129171"}],"curies":[{"name":"wp","href":"https:\/\/api.w.org\/{rel}","templated":true}]}}