{"id":129173,"date":"2026-05-01T08:51:46","date_gmt":"2026-05-01T11:51:46","guid":{"rendered":"https:\/\/noticiasbahia360.com.br\/?p=129173"},"modified":"2026-05-01T08:51:46","modified_gmt":"2026-05-01T11:51:46","slug":"nota-premiada-cinco-moradores-de-feira-de-santana-sao-contemplados-no-sorteio-de-abril","status":"publish","type":"post","link":"https:\/\/noticiasbahia360.com.br\/?p=129173","title":{"rendered":"Nota Premiada: cinco moradores de Feira de Santana s\u00e3o contemplados no sorteio de abril"},"content":{"rendered":"<div>\n<div>\n<figure><img decoding=\"async\" src=\"http:\/\/noticiasbahia360.com.br\/wp-content\/uploads\/2026\/05\/Nota-Premiada-Bahia-Foto-Filipe-Nobre_Ascom-Sefaz-Ba-1.webp\" alt=\"nota premiada\"><figcaption>Foto: Filipe Nobre\/Ascom Sefaz-Ba<\/figcaption><\/figure>\n<\/div>\n<p>Feira de Santana teve cinco moradores contemplados no sorteio de mar\u00e7o da Nota Premiada Bahia, campanha de cidadania fiscal do Governo do Estado. Cada um receber\u00e1 o pr\u00eamio de R$ 10 mil. Feira foi destaque entre os munic\u00edpios do interior com o maior n\u00famero de ganhadores no sorteio, ao lado de Cama\u00e7ari e Ilh\u00e9us, que tamb\u00e9m tiveram cinco contemplados. O resultado foi divulgado na quinta-feira (30) e premiou 91 participantes residentes em Salvador e em outros 40 munic\u00edpios do estado. O pr\u00eamio principal, de R$ 100 mil, foi para uma moradora da capital.<\/p>\n<p>A lista completa dos ganhadores est\u00e1 dispon\u00edvel no site\u00a0<a href=\"http:\/\/www.npb.sefaz.ba.gov.br\/\" target=\"_blank\" rel=\"noreferrer noopener\">www.npb.sefaz.ba.gov.br<\/a>\u00a0e no Instagram da campanha (@notapremiadabahia), al\u00e9m das redes sociais da Secretaria da Fazenda do Estado (Sefaz-Ba): @sefazbahia (Instagram), @sefaz.govba (Facebook) e @sefazbahia (X, antigo Twitter).<\/p>\n<p>Atualmente, a Nota Premiada Bahia conta com quase 900 mil participantes inscritos. Desde fevereiro de 2018, os sorteios j\u00e1 contemplaram 6.961 pessoas \u2014 das quais 4.155 residentes em Salvador, 2.802 no interior do estado e quatro fora da Bahia. O pr\u00f3ximo sorteio da campanha est\u00e1 marcado para o dia 28 de maio, tamb\u00e9m com 91 pr\u00eamios, incluindo 90 de R$ 10 mil e um de R$ 100 mil.<\/p>\n<p>Os pr\u00eamios para moradores do interior da Bahia foram distribu\u00eddos entre participantes de 22 munic\u00edpios. Al\u00e9m de Cama\u00e7ari, Feira de Santana e Ilh\u00e9us, est\u00e3o entre as cidades com maior n\u00famero de ganhadores Lauro de Freitas, que teve quatro premiados, e Jequi\u00e9, Paulo Afonso e Porto Seguro, que tiveram dois ganhadores cada. Completam a lista, com um contemplado cada, outros 15 munic\u00edpios: Campo Formoso, Canavieiras, Catu, Concei\u00e7\u00e3o do Coit\u00e9, Dario Meira, Ibirataia, Ipia\u00fa, Luis Eduardo Magalh\u00e3es, Mucuri, Muritiba, Ribeir\u00e3o do Largo, S\u00e3o Gon\u00e7alo dos Campos, Sim\u00f5es Filho, Valente e Vera Cruz.<\/p>\n<p><strong>Sorteio do milh\u00e3o<\/strong><\/p>\n<p>No dia 16 de julho, um participante da campanha Nota Premiada Bahia vai se tornar o mais novo milion\u00e1rio baiano. Para concorrer, \u00e9 preciso estar cadastrado no endere\u00e7o\u00a0<a href=\"http:\/\/www.npb.sefaz.ba.gov.br\/\" target=\"_blank\" rel=\"noreferrer noopener\">www.npb.sefaz.ba.gov.br<\/a>\u00a0e ter realizado compras inserindo o CPF na nota fiscal entre 1\u00ba de junho de 2025 e 31 de maio de 2026. Ou seja, ainda \u00e9 poss\u00edvel concorrer ao grande pr\u00eamio.Com periodicidade anual, os sorteios especiais de R$ 1 milh\u00e3o da Nota Premiada j\u00e1 contemplaram at\u00e9 hoje sete pessoas, das quais tr\u00eas residentes no interior baiano e quatro na capital. Pelo interior, ganharam o pr\u00eamio milion\u00e1rio moradores de Feira de Santana, de Lauro de Freitas e de Guanambi.<\/p>\n<p><strong>Como participar<\/strong><\/p>\n<p>Para participar da Nota Premiada Bahia, \u00e9 necess\u00e1rio estar inscrito na campanha e informar o CPF nas notas fiscais de compras realizadas. A inscri\u00e7\u00e3o \u00e9 feita por meio de um cadastro \u00fanico no site\u00a0<a href=\"http:\/\/www.npb.sefaz.ba.gov.br\/\" target=\"_blank\" rel=\"noreferrer noopener\">www.npb.sefaz.ba.gov.br<\/a>, com o preenchimento de um formul\u00e1rio simples. No momento da inscri\u00e7\u00e3o, o participante escolhe at\u00e9 duas entidades filantr\u00f3picas \u2014 uma da \u00e1rea de sa\u00fade e outra da social \u2014 que receber\u00e3o o compartilhamento das notas fiscais vinculadas ao CPF cadastrado.<\/p>\n<p>Esta parte do cadastro \u00e9 importante porque, al\u00e9m de concorrer aos sorteios, ao incluir o CPF nas notas, o participante contribui com institui\u00e7\u00f5es do programa Sua Nota \u00e9 um Show de Solidariedade, que conta atualmente com 534 entidades ativas. A cada quatro meses, as notas compartilhadas s\u00e3o convertidas em repasses de R$ 5 milh\u00f5es para essas institui\u00e7\u00f5es.<\/p>\n<p><em>Siga o Acorda Cidade no\u00a0<\/em><a href=\"https:\/\/news.google.com\/search?q=acorda%20cidade&amp;hl=pt-BR&amp;gl=BR&amp;ceid=BR%3Apt-419\"><strong><em>Google Not\u00edcias<\/em><\/strong><\/a><em>\u00a0e receba os principais destaques do dia. Participe tamb\u00e9m dos nossos canais no\u00a0<\/em><a href=\"https:\/\/www.whatsapp.com\/channel\/0029Va6Rb4v3WHTNnsh8WI3N\"><strong><em>WhatsApp<\/em><\/strong><\/a><em>\u00a0e\u00a0<\/em><a href=\"https:\/\/www.youtube.com\/@acordacidadenoticias\/videos\"><strong>YouTube<\/strong><\/a><em>\u00a0e grupo de\u00a0<\/em><a href=\"https:\/\/t.me\/+sSz0khrgARA0ZmRh\"><strong><em>Telegram<\/em><\/strong><\/a><em>.<\/em><\/p>\n<\/div>\n","protected":false},"excerpt":{"rendered":"<div>\n<div>\n<figure><img decoding=\"async\" src=\"https:\/\/uploads.acordacidade.com.br\/2026\/05\/Nota-Premiada-Bahia.-Foto-Filipe-Nobre_Ascom-Sefaz-Ba-1.webp\" alt=\"nota premiada\"><figcaption>Foto: Filipe Nobre\/Ascom Sefaz-Ba<\/figcaption><\/figure>\n<\/div>\n<p>O resultado foi divulgado na quinta-feira (30) e premiou 91 participantes residentes em Salvador e em outros 40 munic\u00edpios do estado.<\/p><\/div>\n","protected":false},"author":1,"featured_media":129174,"comment_status":"closed","ping_status":"closed","sticky":false,"template":"","format":"gallery","meta":{"footnotes":""},"categories":[8,9,6,57,56,10],"tags":[],"class_list":["post-129173","post","type-post","status-publish","format-gallery","has-post-thumbnail","hentry","category-bahia","category-brasil","category-feira-de-santana","category-mundo","category-policia","category-politica","post_format-post-format-gallery"],"featured_image_urls":{"full":["https:\/\/noticiasbahia360.com.br\/wp-content\/uploads\/2026\/05\/Nota-Premiada-Bahia-Foto-Filipe-Nobre_Ascom-Sefaz-Ba-1.webp",1200,806,false],"thumbnail":["https:\/\/noticiasbahia360.com.br\/wp-content\/uploads\/2026\/05\/Nota-Premiada-Bahia-Foto-Filipe-Nobre_Ascom-Sefaz-Ba-1-150x150.webp",150,150,true],"medium":["https:\/\/noticiasbahia360.com.br\/wp-content\/uploads\/2026\/05\/Nota-Premiada-Bahia-Foto-Filipe-Nobre_Ascom-Sefaz-Ba-1-300x202.webp",300,202,true],"medium_large":["https:\/\/noticiasbahia360.com.br\/wp-content\/uploads\/2026\/05\/Nota-Premiada-Bahia-Foto-Filipe-Nobre_Ascom-Sefaz-Ba-1-768x516.webp",640,430,true],"large":["https:\/\/noticiasbahia360.com.br\/wp-content\/uploads\/2026\/05\/Nota-Premiada-Bahia-Foto-Filipe-Nobre_Ascom-Sefaz-Ba-1-1024x688.webp",640,430,true],"1536x1536":["https:\/\/noticiasbahia360.com.br\/wp-content\/uploads\/2026\/05\/Nota-Premiada-Bahia-Foto-Filipe-Nobre_Ascom-Sefaz-Ba-1.webp",1200,806,false],"2048x2048":["https:\/\/noticiasbahia360.com.br\/wp-content\/uploads\/2026\/05\/Nota-Premiada-Bahia-Foto-Filipe-Nobre_Ascom-Sefaz-Ba-1.webp",1200,806,false],"chromenews-featured":["https:\/\/noticiasbahia360.com.br\/wp-content\/uploads\/2026\/05\/Nota-Premiada-Bahia-Foto-Filipe-Nobre_Ascom-Sefaz-Ba-1-1024x688.webp",1024,688,true],"chromenews-large":["https:\/\/noticiasbahia360.com.br\/wp-content\/uploads\/2026\/05\/Nota-Premiada-Bahia-Foto-Filipe-Nobre_Ascom-Sefaz-Ba-1-825x575.webp",825,575,true],"chromenews-medium":["https:\/\/noticiasbahia360.com.br\/wp-content\/uploads\/2026\/05\/Nota-Premiada-Bahia-Foto-Filipe-Nobre_Ascom-Sefaz-Ba-1-590x410.webp",590,410,true]},"author_info":{"display_name":"noticiasbahia360.com.br","author_link":"https:\/\/noticiasbahia360.com.br\/?author=1"},"category_info":"<a href=\"https:\/\/noticiasbahia360.com.br\/?cat=8\" rel=\"category\">Bahia<\/a> <a href=\"https:\/\/noticiasbahia360.com.br\/?cat=9\" rel=\"category\">Brasil<\/a> <a href=\"https:\/\/noticiasbahia360.com.br\/?cat=6\" rel=\"category\">Feira de Santana<\/a> <a href=\"https:\/\/noticiasbahia360.com.br\/?cat=57\" rel=\"category\">Mundo<\/a> <a href=\"https:\/\/noticiasbahia360.com.br\/?cat=56\" rel=\"category\">Pol\u00edcia<\/a> <a href=\"https:\/\/noticiasbahia360.com.br\/?cat=10\" rel=\"category\">Pol\u00edtica<\/a>","tag_info":"Pol\u00edtica","comment_count":"0","_links":{"self":[{"href":"https:\/\/noticiasbahia360.com.br\/index.php?rest_route=\/wp\/v2\/posts\/129173","targetHints":{"allow":["GET"]}}],"collection":[{"href":"https:\/\/noticiasbahia360.com.br\/index.php?rest_route=\/wp\/v2\/posts"}],"about":[{"href":"https:\/\/noticiasbahia360.com.br\/index.php?rest_route=\/wp\/v2\/types\/post"}],"author":[{"embeddable":true,"href":"https:\/\/noticiasbahia360.com.br\/index.php?rest_route=\/wp\/v2\/users\/1"}],"replies":[{"embeddable":true,"href":"https:\/\/noticiasbahia360.com.br\/index.php?rest_route=%2Fwp%2Fv2%2Fcomments&post=129173"}],"version-history":[{"count":0,"href":"https:\/\/noticiasbahia360.com.br\/index.php?rest_route=\/wp\/v2\/posts\/129173\/revisions"}],"wp:featuredmedia":[{"embeddable":true,"href":"https:\/\/noticiasbahia360.com.br\/index.php?rest_route=\/wp\/v2\/media\/129174"}],"wp:attachment":[{"href":"https:\/\/noticiasbahia360.com.br\/index.php?rest_route=%2Fwp%2Fv2%2Fmedia&parent=129173"}],"wp:term":[{"taxonomy":"category","embeddable":true,"href":"https:\/\/noticiasbahia360.com.br\/index.php?rest_route=%2Fwp%2Fv2%2Fcategories&post=129173"},{"taxonomy":"post_tag","embeddable":true,"href":"https:\/\/noticiasbahia360.com.br\/index.php?rest_route=%2Fwp%2Fv2%2Ftags&post=129173"}],"curies":[{"name":"wp","href":"https:\/\/api.w.org\/{rel}","templated":true}]}}