{"id":129175,"date":"2026-05-01T09:06:09","date_gmt":"2026-05-01T12:06:09","guid":{"rendered":"https:\/\/noticiasbahia360.com.br\/?p=129175"},"modified":"2026-05-01T09:06:09","modified_gmt":"2026-05-01T12:06:09","slug":"instituto-de-saude-e-acao-social-realiza-a-vii-feira-solidarizar-da-ideia-a-acao","status":"publish","type":"post","link":"https:\/\/noticiasbahia360.com.br\/?p=129175","title":{"rendered":"Instituto de Sa\u00fade e A\u00e7\u00e3o Social realiza a VII Feira Solidarizar: Da Ideia \u00e0 A\u00e7\u00e3o"},"content":{"rendered":"<div>\n<div>\n<figure><img decoding=\"async\" src=\"http:\/\/noticiasbahia360.com.br\/wp-content\/uploads\/2026\/05\/Instituto-de-Saude-e-Acao-Social-Isas-Foto-Divulgacao-2.jpg\" alt=\"Instituto de Sa\u00fade e A\u00e7\u00e3o Social - Isas\"><figcaption>Foto: Divulga\u00e7\u00e3o<\/figcaption><\/figure>\n<\/div>\n<p>Acontece dias 5 e 6 de maio de 2026 a VII Feira Solidarizar: Da Ideia \u00e0 A\u00e7\u00e3o. A promo\u00e7\u00e3o \u00e9 do Instituto de Sa\u00fade e A\u00e7\u00e3o Social (Isas)., com o objetivo de valorizar o artesanato (croch\u00ea, macram\u00ea, bonecas de pano, tric\u00f4\u2026) al\u00e9m de produtos de Aromoterapia (sabonetes, difusores de ambiente, escalda p\u00e9s, velas\u2026), que fortalecem hist\u00f3rias, fam\u00edlias e a economia da comunidade. <\/p>\n<p>A coordenadora L\u00facia Margarida Alves de Figueredo informa que a ideia \u00e9 ajudar uma m\u00e3e e comprar o presente de sua m\u00e3e \u2013 \u00e9 a economia circular. Aos interessados o evento acontece na rua Antenor Moreira Pinho, 75, Jardim Ac\u00e1cia, Feira de Santana, sempre entre as 9h \u00e0s 17h.<\/p>\n<figure class=\"wp-block-image size-full\"><img fetchpriority=\"high\" fetchpriority=\"high\" decoding=\"async\" width=\"1200\" height=\"630\" src=\"http:\/\/noticiasbahia360.com.br\/wp-content\/uploads\/2026\/05\/VII-Feira-Solidarizar-Da-Ideia-a-Acao-Foto-Divulgacao-1-1.jpg\" alt=\"VII Feira Solidarizar: Da Ideia \u00e0 A\u00e7\u00e3o\" class=\"wp-image-650582\" srcset=\"http:\/\/noticiasbahia360.com.br\/wp-content\/uploads\/2026\/05\/VII-Feira-Solidarizar-Da-Ideia-a-Acao-Foto-Divulgacao-1-1.jpg 1200w, https:\/\/uploads.acordacidade.com.br\/2026\/04\/VII-Feira-Solidarizar-Da-Ideia-a-Acao-Foto-Divulgacao-1-1-750x394.jpg 750w, https:\/\/uploads.acordacidade.com.br\/2026\/04\/VII-Feira-Solidarizar-Da-Ideia-a-Acao-Foto-Divulgacao-1-1-1000x525.jpg 1000w, https:\/\/uploads.acordacidade.com.br\/2026\/04\/VII-Feira-Solidarizar-Da-Ideia-a-Acao-Foto-Divulgacao-1-1-450x236.jpg 450w, https:\/\/uploads.acordacidade.com.br\/2026\/04\/VII-Feira-Solidarizar-Da-Ideia-a-Acao-Foto-Divulgacao-1-1-150x79.jpg 150w\" sizes=\"(max-width: 1200px) 100vw, 1200px\"><figcaption class=\"wp-element-caption\">Foto: Divulga\u00e7\u00e3o<\/figcaption><\/figure>\n<h2 class=\"wp-block-heading\" id=\"h-sobre-o-isas\">Sobre o Isas<\/h2>\n<p>O Instituto de Sa\u00fade e A\u00e7\u00e3o Social (Isas) \u00e9 uma organiza\u00e7\u00e3o sem fins lucrativos que, h\u00e1 mais de 35 anos, atua com excel\u00eancia e prop\u00f3sito na promo\u00e7\u00e3o da sa\u00fade e da assist\u00eancia social. Fundado em Feira de Santana, na Bahia, o Isas nasceu do desejo genu\u00edno de servir e transformar realidades, tornando-se uma refer\u00eancia no cuidado humanizado e no impacto social. <\/p>\n<p>Com sede em Feira de Santana, o Isas j\u00e1 atuou em mais de 100 munic\u00edpios, com uma equipe formada por mais de 1.000 colaboradores diretos e indiretos. As a\u00e7\u00f5es j\u00e1 impactaram positivamente a vida de mais de 50 mil pessoas, oferecendo acesso \u00e0 sa\u00fade, acolhimento social e oportunidades de uma vida mais digna.<\/p>\n<p><em>Siga o Acorda Cidade no<\/em><a href=\"https:\/\/news.google.com\/search?q=acorda%20cidade&amp;hl=pt-BR&amp;gl=BR&amp;ceid=BR%3Apt-419\"><strong><em>\u00a0Google Not\u00edcias<\/em><\/strong><\/a><em>\u00a0e receba os principais destaques do dia. Participe tamb\u00e9m dos nossos canais no\u00a0<\/em><a href=\"https:\/\/www.whatsapp.com\/channel\/0029Va6Rb4v3WHTNnsh8WI3N\"><strong><em>WhatsApp<\/em><\/strong><\/a><em>\u00a0e\u00a0<\/em><a href=\"https:\/\/www.youtube.com\/@acordacidadenoticias\/videos\"><strong>YouTube<\/strong><\/a><em>\u00a0e no grupo de\u00a0<\/em><a href=\"https:\/\/t.me\/+sSz0khrgARA0ZmRh\"><strong><em>Telegram<\/em><\/strong><\/a><em>.<\/em><\/p>\n<\/div>\n","protected":false},"excerpt":{"rendered":"<div>\n<div>\n<figure><img decoding=\"async\" src=\"https:\/\/uploads.acordacidade.com.br\/2026\/04\/Instituto-de-Saude-e-Acao-Social-Isas-Foto-Divulgacao-2.jpg\" alt=\"Instituto de Sa\u00fade e A\u00e7\u00e3o Social - Isas\"><figcaption>Foto: Divulga\u00e7\u00e3o<\/figcaption><\/figure>\n<\/div>\n<p>A coordenadora L\u00facia Margarida de Figueredo informa que a ideia \u00e9 ajudar uma m\u00e3e e comprar o presente de sua m\u00e3e \u2013 \u00e9 a economia circular.<\/p><\/div>\n","protected":false},"author":1,"featured_media":129176,"comment_status":"closed","ping_status":"closed","sticky":false,"template":"","format":"gallery","meta":{"footnotes":""},"categories":[8,9,6,57,56,10],"tags":[],"class_list":["post-129175","post","type-post","status-publish","format-gallery","has-post-thumbnail","hentry","category-bahia","category-brasil","category-feira-de-santana","category-mundo","category-policia","category-politica","post_format-post-format-gallery"],"featured_image_urls":{"full":["https:\/\/noticiasbahia360.com.br\/wp-content\/uploads\/2026\/05\/Instituto-de-Saude-e-Acao-Social-Isas-Foto-Divulgacao-2.jpg",1200,716,false],"thumbnail":["https:\/\/noticiasbahia360.com.br\/wp-content\/uploads\/2026\/05\/Instituto-de-Saude-e-Acao-Social-Isas-Foto-Divulgacao-2-150x150.jpg",150,150,true],"medium":["https:\/\/noticiasbahia360.com.br\/wp-content\/uploads\/2026\/05\/Instituto-de-Saude-e-Acao-Social-Isas-Foto-Divulgacao-2-300x179.jpg",300,179,true],"medium_large":["https:\/\/noticiasbahia360.com.br\/wp-content\/uploads\/2026\/05\/Instituto-de-Saude-e-Acao-Social-Isas-Foto-Divulgacao-2-768x458.jpg",640,382,true],"large":["https:\/\/noticiasbahia360.com.br\/wp-content\/uploads\/2026\/05\/Instituto-de-Saude-e-Acao-Social-Isas-Foto-Divulgacao-2-1024x611.jpg",640,382,true],"1536x1536":["https:\/\/noticiasbahia360.com.br\/wp-content\/uploads\/2026\/05\/Instituto-de-Saude-e-Acao-Social-Isas-Foto-Divulgacao-2.jpg",1200,716,false],"2048x2048":["https:\/\/noticiasbahia360.com.br\/wp-content\/uploads\/2026\/05\/Instituto-de-Saude-e-Acao-Social-Isas-Foto-Divulgacao-2.jpg",1200,716,false],"chromenews-featured":["https:\/\/noticiasbahia360.com.br\/wp-content\/uploads\/2026\/05\/Instituto-de-Saude-e-Acao-Social-Isas-Foto-Divulgacao-2-1024x611.jpg",1024,611,true],"chromenews-large":["https:\/\/noticiasbahia360.com.br\/wp-content\/uploads\/2026\/05\/Instituto-de-Saude-e-Acao-Social-Isas-Foto-Divulgacao-2-825x575.jpg",825,575,true],"chromenews-medium":["https:\/\/noticiasbahia360.com.br\/wp-content\/uploads\/2026\/05\/Instituto-de-Saude-e-Acao-Social-Isas-Foto-Divulgacao-2-590x410.jpg",590,410,true]},"author_info":{"display_name":"noticiasbahia360.com.br","author_link":"https:\/\/noticiasbahia360.com.br\/?author=1"},"category_info":"<a href=\"https:\/\/noticiasbahia360.com.br\/?cat=8\" rel=\"category\">Bahia<\/a> <a href=\"https:\/\/noticiasbahia360.com.br\/?cat=9\" rel=\"category\">Brasil<\/a> <a href=\"https:\/\/noticiasbahia360.com.br\/?cat=6\" rel=\"category\">Feira de Santana<\/a> <a href=\"https:\/\/noticiasbahia360.com.br\/?cat=57\" rel=\"category\">Mundo<\/a> <a href=\"https:\/\/noticiasbahia360.com.br\/?cat=56\" rel=\"category\">Pol\u00edcia<\/a> <a href=\"https:\/\/noticiasbahia360.com.br\/?cat=10\" rel=\"category\">Pol\u00edtica<\/a>","tag_info":"Pol\u00edtica","comment_count":"0","_links":{"self":[{"href":"https:\/\/noticiasbahia360.com.br\/index.php?rest_route=\/wp\/v2\/posts\/129175","targetHints":{"allow":["GET"]}}],"collection":[{"href":"https:\/\/noticiasbahia360.com.br\/index.php?rest_route=\/wp\/v2\/posts"}],"about":[{"href":"https:\/\/noticiasbahia360.com.br\/index.php?rest_route=\/wp\/v2\/types\/post"}],"author":[{"embeddable":true,"href":"https:\/\/noticiasbahia360.com.br\/index.php?rest_route=\/wp\/v2\/users\/1"}],"replies":[{"embeddable":true,"href":"https:\/\/noticiasbahia360.com.br\/index.php?rest_route=%2Fwp%2Fv2%2Fcomments&post=129175"}],"version-history":[{"count":0,"href":"https:\/\/noticiasbahia360.com.br\/index.php?rest_route=\/wp\/v2\/posts\/129175\/revisions"}],"wp:featuredmedia":[{"embeddable":true,"href":"https:\/\/noticiasbahia360.com.br\/index.php?rest_route=\/wp\/v2\/media\/129176"}],"wp:attachment":[{"href":"https:\/\/noticiasbahia360.com.br\/index.php?rest_route=%2Fwp%2Fv2%2Fmedia&parent=129175"}],"wp:term":[{"taxonomy":"category","embeddable":true,"href":"https:\/\/noticiasbahia360.com.br\/index.php?rest_route=%2Fwp%2Fv2%2Fcategories&post=129175"},{"taxonomy":"post_tag","embeddable":true,"href":"https:\/\/noticiasbahia360.com.br\/index.php?rest_route=%2Fwp%2Fv2%2Ftags&post=129175"}],"curies":[{"name":"wp","href":"https:\/\/api.w.org\/{rel}","templated":true}]}} 