{"id":129178,"date":"2026-05-01T09:30:54","date_gmt":"2026-05-01T12:30:54","guid":{"rendered":"https:\/\/noticiasbahia360.com.br\/?p=129178"},"modified":"2026-05-01T09:30:54","modified_gmt":"2026-05-01T12:30:54","slug":"fila-no-forum-eleitoral-gera-reclamacoes-mas-tre-ba-nega-venda-de-fichas-e-reforca-atendimento-por-ordem-de-chegada","status":"publish","type":"post","link":"https:\/\/noticiasbahia360.com.br\/?p=129178","title":{"rendered":"Fila no F\u00f3rum Eleitoral gera reclama\u00e7\u00f5es, mas TRE-BA nega venda de fichas e refor\u00e7a atendimento por ordem de chegada"},"content":{"rendered":"<div>\n<div>\n<figure><img decoding=\"async\" src=\"http:\/\/noticiasbahia360.com.br\/wp-content\/uploads\/2026\/05\/TRE-Feira-Forum-Eleitoral-ft-ed-santos-acorda-cidade.webp\" alt=\"Fila no F\u00f3rum Eleitoral gera reclama\u00e7\u00f5es, mas TRE-BA nega venda de fichas e refor\u00e7a atendimento por ordem de chegada\"><figcaption>Foto: Ed Santos\/Acorda Cidade<\/figcaption><\/figure>\n<\/div>\n<p>Com o prazo final para regulariza\u00e7\u00e3o do t\u00edtulo de eleitor se aproximando, o movimento no F\u00f3rum Eleitoral de Feira de Santana tem sido intenso e marcado por longas filas, madrugadas de espera e muitas reclama\u00e7\u00f5es da popula\u00e7\u00e3o. Nesta sexta-feira (1\u00ba), feriado do trabalhador, eleitores relataram indigna\u00e7\u00e3o com a grande demanda e denunciaram supostas situa\u00e7\u00f5es de pessoas furando fila e at\u00e9 cobran\u00e7a para garantir lugar no atendimento.<\/p>\n<p>O fechamento do Cadastro Eleitoral para as Elei\u00e7\u00f5es 2026 acontece no pr\u00f3ximo dia 6 de maio, e por isso os cart\u00f3rios eleitorais da capital e do interior est\u00e3o funcionando em regime de plant\u00e3o para atender quem ainda precisa resolver pend\u00eancias como biometria, emiss\u00e3o do primeiro t\u00edtulo, transfer\u00eancia de domic\u00edlio ou regulariza\u00e7\u00e3o cadastral.<\/p>\n<figure class=\"wp-block-image size-full\"><img fetchpriority=\"high\" fetchpriority=\"high\" decoding=\"async\" width=\"1200\" height=\"675\" src=\"http:\/\/noticiasbahia360.com.br\/wp-content\/uploads\/2026\/05\/TRE-Feira-Forum-Eleitoral-ft-ed-santos-acorda-cidade-.webp\" alt=\"Fila no F\u00f3rum Eleitoral gera reclama\u00e7\u00f5es, mas TRE-BA nega venda de fichas e refor\u00e7a atendimento por ordem de chegada\" class=\"wp-image-651569\" srcset=\"http:\/\/noticiasbahia360.com.br\/wp-content\/uploads\/2026\/05\/TRE-Feira-Forum-Eleitoral-ft-ed-santos-acorda-cidade-.webp 1200w, https:\/\/uploads.acordacidade.com.br\/2026\/05\/TRE-Feira-Forum-Eleitoral-ft-ed-santos-acorda-cidade--750x422.webp 750w, https:\/\/uploads.acordacidade.com.br\/2026\/05\/TRE-Feira-Forum-Eleitoral-ft-ed-santos-acorda-cidade--1000x563.webp 1000w, https:\/\/uploads.acordacidade.com.br\/2026\/05\/TRE-Feira-Forum-Eleitoral-ft-ed-santos-acorda-cidade--450x253.webp 450w, https:\/\/uploads.acordacidade.com.br\/2026\/05\/TRE-Feira-Forum-Eleitoral-ft-ed-santos-acorda-cidade--150x84.webp 150w\" sizes=\"(max-width: 1200px) 100vw, 1200px\"><figcaption class=\"wp-element-caption\">Foto: Ed Santos\/Acorda Cidade<\/figcaption><\/figure>\n<p>Durante visita ao F\u00f3rum Eleitoral, no bairro Queimadinha, a reportagem do Acorda Cidade conversou com eleitores que aguardavam atendimento desde a madrugada.<\/p>\n<p>Moradora do Avi\u00e1rio IV, Valkyria Puridade contou que chegou ao local por volta da meia-noite e se revoltou com a situa\u00e7\u00e3o da fila.<\/p>\n<p>\u201cA gente chegou aqui meia-noite, s\u00f3 tinha 14 pessoas na frente da gente. Tudo bem que as pessoas querem vender a fila, a gente concorda. Mas ultrapassar o limite da barreira, j\u00e1 entrar mais de 100 pessoas na frente, sendo que tem jovens que podem acordar e vir para a fila; chega aqui, mam\u00e3e, papai, tira o dinheiro do bolso, paga o lugar, R$ 50, R$ 70, e a gente vai ficando para tr\u00e1s. Isso injusto.\u201d<\/p>\n<p>Ela afirmou que saiu de casa mesmo enfrentando problemas de sa\u00fade e criticou a falta de organiza\u00e7\u00e3o no local.<\/p>\n<p>\u201cTenho um problema de sa\u00fade e mesmo assim eu sa\u00ed da minha casa, estou aqui desde a meia-noite sem conseguir tirar um cochilo. Isso \u00e9 injusto com todo mundo que est\u00e1 aqui\u201d, reclamou.<\/p>\n<figure class=\"wp-block-image size-full\"><img decoding=\"async\" width=\"1200\" height=\"675\" src=\"http:\/\/noticiasbahia360.com.br\/wp-content\/uploads\/2026\/05\/TRE-Feira-Forum-Eleitoral-ft-ed-santos-acorda-cidade-1.webp\" alt=\"Fila no F\u00f3rum Eleitoral gera reclama\u00e7\u00f5es, mas TRE-BA nega venda de fichas e refor\u00e7a atendimento por ordem de chegada\" class=\"wp-image-651567\" srcset=\"http:\/\/noticiasbahia360.com.br\/wp-content\/uploads\/2026\/05\/TRE-Feira-Forum-Eleitoral-ft-ed-santos-acorda-cidade-1.webp 1200w, https:\/\/uploads.acordacidade.com.br\/2026\/05\/TRE-Feira-Forum-Eleitoral-ft-ed-santos-acorda-cidade-1-750x422.webp 750w, https:\/\/uploads.acordacidade.com.br\/2026\/05\/TRE-Feira-Forum-Eleitoral-ft-ed-santos-acorda-cidade-1-1000x563.webp 1000w, https:\/\/uploads.acordacidade.com.br\/2026\/05\/TRE-Feira-Forum-Eleitoral-ft-ed-santos-acorda-cidade-1-450x253.webp 450w, https:\/\/uploads.acordacidade.com.br\/2026\/05\/TRE-Feira-Forum-Eleitoral-ft-ed-santos-acorda-cidade-1-150x84.webp 150w\" sizes=\"(max-width: 1200px) 100vw, 1200px\"><figcaption class=\"wp-element-caption\">Foto: Ed Santos\/Acorda Cidade<\/figcaption><\/figure>\n<p>Valkyria buscava realizar a biometria e ainda n\u00e3o havia conseguido sequer a ficha de atendimento. Ela ainda disse que aproveitou o feriado para tentar resolver e espera conseguir o atendimento.<\/p>\n<p>Outro eleitor, Jo\u00e3o Vitor, que veio de Concei\u00e7\u00e3o do Jacu\u00edpe cidade conhecida como Berimbau, tamb\u00e9m relatou o desconforto com a espera e a sensa\u00e7\u00e3o de desrespeito.<\/p>\n<p>\u201cO neg\u00f3cio aqui \u00e9 a falta de respeito. A gente madrugou aqui para vir pegar a ficha para chegar e botar um bocado de gente na frente.\u201d<\/p>\n<p>Ele contou que saiu ainda de madrugada, por volta das 3h30, para acompanhar a cunhada.<\/p>\n<p>\u201c\u00c9 passar perrengue para estar aqui, para passar esse tipo de vergonha, ver gente passando na frente. Gente que poderia muito bem ter acordado cedo e vir pra c\u00e1 que mam\u00e3e e papai pagou ora passar na frente\u201d<\/p>\n<p>Para ele, manter o t\u00edtulo regular \u00e9 uma obriga\u00e7\u00e3o cidad\u00e3. \u201cPra gente tamb\u00e9m ter o direito de opinar e votar, pra gente decidir quem vai tomar a dire\u00e7\u00e3o do nosso pa\u00eds.\u201d<\/p>\n<p>Morador do bairro Feira IV, Jos\u00e9 M\u00e1rio Souza da Silva tamb\u00e9m enfrentava a fila desde as 3h da manh\u00e3. Ele disse que por conta do trabalho n\u00e3o pode comparecer dias antes para tentar regularizar seu t\u00edtulo.<\/p>\n<h2 class=\"wp-block-heading\" id=\"h-aos-94-anos-eleitor-faz-questao-de-manter-o-titulo-regular\">Aos 94 anos, eleitor faz quest\u00e3o de manter o t\u00edtulo regular<\/h2>\n<p>Em meio \u00e0 longa fila, um exemplo chamou aten\u00e7\u00e3o: o senhor Jo\u00e3o Pinheiro de Santana, de 94 anos, morador de Feira de Santana, fez quest\u00e3o de comparecer pessoalmente ao F\u00f3rum Eleitoral para emitir novamente seu t\u00edtulo.<\/p>\n<p>Mesmo sem a obrigatoriedade do voto por conta da idade, ele explicou que faz quest\u00e3o de exercer sua cidadania.<\/p>\n<p>\u201cEu gosto porque eu sou cidad\u00e3o brasileiro, eu gosto de votar, ent\u00e3o eu acho que eu tenho o direito. Para mim \u00e9 tudo, porque o cara tem que estar com seus documentos tudo em dias.\u201d<\/p>\n<figure class=\"wp-block-image size-full\"><img decoding=\"async\" width=\"1200\" height=\"675\" src=\"http:\/\/noticiasbahia360.com.br\/wp-content\/uploads\/2026\/05\/Seu-Joao-TRE-Feira-ft-ed-santos-acorda-cidade.webp\" alt=\"Fila no F\u00f3rum Eleitoral gera reclama\u00e7\u00f5es, mas TRE-BA nega venda de fichas e refor\u00e7a atendimento por ordem de chegada\" class=\"wp-image-651571\" srcset=\"http:\/\/noticiasbahia360.com.br\/wp-content\/uploads\/2026\/05\/Seu-Joao-TRE-Feira-ft-ed-santos-acorda-cidade.webp 1200w, https:\/\/uploads.acordacidade.com.br\/2026\/05\/Seu-Joao-TRE-Feira-ft-ed-santos-acorda-cidade-750x422.webp 750w, https:\/\/uploads.acordacidade.com.br\/2026\/05\/Seu-Joao-TRE-Feira-ft-ed-santos-acorda-cidade-1000x563.webp 1000w, https:\/\/uploads.acordacidade.com.br\/2026\/05\/Seu-Joao-TRE-Feira-ft-ed-santos-acorda-cidade-450x253.webp 450w, https:\/\/uploads.acordacidade.com.br\/2026\/05\/Seu-Joao-TRE-Feira-ft-ed-santos-acorda-cidade-150x84.webp 150w\" sizes=\"(max-width: 1200px) 100vw, 1200px\"><figcaption class=\"wp-element-caption\">Foto: Ed Santos\/Acorda Cidade<\/figcaption><\/figure>\n<p>Ele contou que perdeu o t\u00edtulo junto com outros documentos. O idoso saiu de casa \u00e0s 4h da manh\u00e3 para resolver a situa\u00e7\u00e3o.<\/p>\n<p>Cabelereiro aposentado h\u00e1 40 anos, a voz da experi\u00eancia mandou um recado direto para quem ainda n\u00e3o regularizou a situa\u00e7\u00e3o eleitoral.<\/p>\n<p>\u201cTem de vir, tem de vir porque voc\u00ea vai precisar. Eu que n\u00e3o tenho mais a utilidade de ter t\u00edtulo, estou aqui, quanto mais os que s\u00e3o modernos, novos\u201d, alertou Seu Jo\u00e3o.<\/p>\n<h2 class=\"wp-block-heading\" id=\"h-tre-ba-nega-venda-de-fichas\">TRE-BA nega venda de fichas<\/h2>\n<p>Ap\u00f3s as den\u00fancias de suposta venda de lugar na fila, o Tribunal Regional Eleitoral da Bahia (TRE-BA) informou, por meio de nota oficial, que a informa\u00e7\u00e3o n\u00e3o procede.<\/p>\n<p>Segundo o \u00f3rg\u00e3o, houve sim o registro de den\u00fancia em Feira de Santana, e a equipe da 157\u00aa Zona Eleitoral acionou a 64\u00aa Companhia Independente da Pol\u00edcia Militar (CIPM), que esteve no local para averigua\u00e7\u00e3o, mas nenhuma irregularidade foi constatada.<\/p>\n<p>O TRE-BA refor\u00e7ou que n\u00e3o existe venda de fichas para atendimento em cart\u00f3rios eleitorais, Centrais de Atendimento ao P\u00fablico (CAP) ou postos descentralizados, como o SAC (Servi\u00e7o de Atendimento ao Cidad\u00e3o).<\/p>\n<p>O atendimento ocorre por demanda espont\u00e2nea, ou seja, por ordem de chegada.<\/p>\n<figure class=\"wp-block-image size-full\"><img decoding=\"async\" width=\"1200\" height=\"675\" src=\"http:\/\/noticiasbahia360.com.br\/wp-content\/uploads\/2026\/05\/Seu-Joao-TRE-Feira-ft-ed-santos-acorda-cidade-.webp\" alt=\"Fila no F\u00f3rum Eleitoral gera reclama\u00e7\u00f5es, mas TRE-BA nega venda de fichas e refor\u00e7a atendimento por ordem de chegada\" class=\"wp-image-651570\" srcset=\"http:\/\/noticiasbahia360.com.br\/wp-content\/uploads\/2026\/05\/Seu-Joao-TRE-Feira-ft-ed-santos-acorda-cidade-.webp 1200w, https:\/\/uploads.acordacidade.com.br\/2026\/05\/Seu-Joao-TRE-Feira-ft-ed-santos-acorda-cidade--750x422.webp 750w, https:\/\/uploads.acordacidade.com.br\/2026\/05\/Seu-Joao-TRE-Feira-ft-ed-santos-acorda-cidade--1000x563.webp 1000w, https:\/\/uploads.acordacidade.com.br\/2026\/05\/Seu-Joao-TRE-Feira-ft-ed-santos-acorda-cidade--450x253.webp 450w, https:\/\/uploads.acordacidade.com.br\/2026\/05\/Seu-Joao-TRE-Feira-ft-ed-santos-acorda-cidade--150x84.webp 150w\" sizes=\"(max-width: 1200px) 100vw, 1200px\"><figcaption class=\"wp-element-caption\">Foto: Ed Santos\/Acorda Cidade<\/figcaption><\/figure>\n<p>Em Feira de Santana, o funcionamento regular acontece das 8h \u00e0s 14h, de segunda a sexta-feira. Como o Acorda Cidade j\u00e1 mostrou, nos dias 1\u00ba e 2 de maio, o atendimento extraordin\u00e1rio est\u00e1 acontecendo das 8h \u00e0s 12h. J\u00e1 entre os dias 4 e 6 de maio, \u00faltimo prazo para regulariza\u00e7\u00e3o, o hor\u00e1rio ser\u00e1 ampliado das 8h \u00e0s 15h.<\/p>\n<p>Para refor\u00e7ar a seguran\u00e7a nesta reta final, as unidades da Justi\u00e7a Eleitoral na cidade contam com o suporte de tr\u00eas agentes de seguran\u00e7a e apoio constante da Pol\u00edcia Militar.<\/p>\n<p>A orienta\u00e7\u00e3o \u00e9 que os eleitores n\u00e3o deixem para a \u00faltima hora e busquem o atendimento o quanto antes para evitar transtornos e garantir a regulariza\u00e7\u00e3o do cadastro eleitoral dentro do prazo.<\/p>\n<p><em>Com informa\u00e7\u00f5es do rep\u00f3rter Ed Santos, do Acorda Cidade<\/em><\/p>\n<p><em>Siga o Acorda Cidade no<\/em><a href=\"https:\/\/news.google.com\/search?q=acorda%20cidade&amp;hl=pt-BR&amp;gl=BR&amp;ceid=BR%3Apt-419\"><strong><em>\u00a0Google Not\u00edcias<\/em><\/strong><\/a><em>\u00a0e receba os principais destaques do dia. Participe tamb\u00e9m dos nossos canais no\u00a0<\/em><a href=\"https:\/\/www.whatsapp.com\/channel\/0029Va6Rb4v3WHTNnsh8WI3N\"><strong><em>WhatsApp<\/em><\/strong><\/a><em>\u00a0e\u00a0<\/em><a href=\"https:\/\/www.youtube.com\/@acordacidadenoticias\/videos\"><strong>YouTube<\/strong><\/a><em>\u00a0e grupo de\u00a0<\/em><a href=\"https:\/\/t.me\/+sSz0khrgARA0ZmRh\"><strong><em>Telegram<\/em><\/strong><\/a><em>.<\/em><\/p>\n<\/div>\n","protected":false},"excerpt":{"rendered":"<div>\n<div>\n<figure><img decoding=\"async\" src=\"https:\/\/uploads.acordacidade.com.br\/2026\/05\/TRE-Feira-Forum-Eleitoral-ft-ed-santos-acorda-cidade.webp\" alt=\"Fila no F\u00f3rum Eleitoral gera reclama\u00e7\u00f5es, mas TRE-BA nega venda de fichas e refor\u00e7a atendimento por ordem de chegada\"><figcaption>Foto: Ed Santos\/Acorda Cidade<\/figcaption><\/figure>\n<\/div>\n<p>Ap\u00f3s as den\u00fancias de suposta venda de lugar na fila, em Feira, o Tribunal Regional Eleitoral da Bahia (TRE-BA) disse que n\u00e3o precede.<\/p><\/div>\n","protected":false},"author":1,"featured_media":129179,"comment_status":"closed","ping_status":"closed","sticky":false,"template":"","format":"gallery","meta":{"footnotes":""},"categories":[8,9,6,57,56,10],"tags":[],"class_list":["post-129178","post","type-post","status-publish","format-gallery","has-post-thumbnail","hentry","category-bahia","category-brasil","category-feira-de-santana","category-mundo","category-policia","category-politica","post_format-post-format-gallery"],"featured_image_urls":{"full":["https:\/\/noticiasbahia360.com.br\/wp-content\/uploads\/2026\/05\/TRE-Feira-Forum-Eleitoral-ft-ed-santos-acorda-cidade.webp",1200,675,false],"thumbnail":["https:\/\/noticiasbahia360.com.br\/wp-content\/uploads\/2026\/05\/TRE-Feira-Forum-Eleitoral-ft-ed-santos-acorda-cidade-150x150.webp",150,150,true],"medium":["https:\/\/noticiasbahia360.com.br\/wp-content\/uploads\/2026\/05\/TRE-Feira-Forum-Eleitoral-ft-ed-santos-acorda-cidade-300x169.webp",300,169,true],"medium_large":["https:\/\/noticiasbahia360.com.br\/wp-content\/uploads\/2026\/05\/TRE-Feira-Forum-Eleitoral-ft-ed-santos-acorda-cidade-768x432.webp",640,360,true],"large":["https:\/\/noticiasbahia360.com.br\/wp-content\/uploads\/2026\/05\/TRE-Feira-Forum-Eleitoral-ft-ed-santos-acorda-cidade-1024x576.webp",640,360,true],"1536x1536":["https:\/\/noticiasbahia360.com.br\/wp-content\/uploads\/2026\/05\/TRE-Feira-Forum-Eleitoral-ft-ed-santos-acorda-cidade.webp",1200,675,false],"2048x2048":["https:\/\/noticiasbahia360.com.br\/wp-content\/uploads\/2026\/05\/TRE-Feira-Forum-Eleitoral-ft-ed-santos-acorda-cidade.webp",1200,675,false],"chromenews-featured":["https:\/\/noticiasbahia360.com.br\/wp-content\/uploads\/2026\/05\/TRE-Feira-Forum-Eleitoral-ft-ed-santos-acorda-cidade-1024x576.webp",1024,576,true],"chromenews-large":["https:\/\/noticiasbahia360.com.br\/wp-content\/uploads\/2026\/05\/TRE-Feira-Forum-Eleitoral-ft-ed-santos-acorda-cidade-825x575.webp",825,575,true],"chromenews-medium":["https:\/\/noticiasbahia360.com.br\/wp-content\/uploads\/2026\/05\/TRE-Feira-Forum-Eleitoral-ft-ed-santos-acorda-cidade-590x410.webp",590,410,true]},"author_info":{"display_name":"noticiasbahia360.com.br","author_link":"https:\/\/noticiasbahia360.com.br\/?author=1"},"category_info":"<a href=\"https:\/\/noticiasbahia360.com.br\/?cat=8\" rel=\"category\">Bahia<\/a> <a href=\"https:\/\/noticiasbahia360.com.br\/?cat=9\" rel=\"category\">Brasil<\/a> <a href=\"https:\/\/noticiasbahia360.com.br\/?cat=6\" rel=\"category\">Feira de Santana<\/a> <a href=\"https:\/\/noticiasbahia360.com.br\/?cat=57\" rel=\"category\">Mundo<\/a> <a href=\"https:\/\/noticiasbahia360.com.br\/?cat=56\" rel=\"category\">Pol\u00edcia<\/a> <a href=\"https:\/\/noticiasbahia360.com.br\/?cat=10\" rel=\"category\">Pol\u00edtica<\/a>","tag_info":"Pol\u00edtica","comment_count":"0","_links":{"self":[{"href":"https:\/\/noticiasbahia360.com.br\/index.php?rest_route=\/wp\/v2\/posts\/129178","targetHints":{"allow":["GET"]}}],"collection":[{"href":"https:\/\/noticiasbahia360.com.br\/index.php?rest_route=\/wp\/v2\/posts"}],"about":[{"href":"https:\/\/noticiasbahia360.com.br\/index.php?rest_route=\/wp\/v2\/types\/post"}],"author":[{"embeddable":true,"href":"https:\/\/noticiasbahia360.com.br\/index.php?rest_route=\/wp\/v2\/users\/1"}],"replies":[{"embeddable":true,"href":"https:\/\/noticiasbahia360.com.br\/index.php?rest_route=%2Fwp%2Fv2%2Fcomments&post=129178"}],"version-history":[{"count":0,"href":"https:\/\/noticiasbahia360.com.br\/index.php?rest_route=\/wp\/v2\/posts\/129178\/revisions"}],"wp:featuredmedia":[{"embeddable":true,"href":"https:\/\/noticiasbahia360.com.br\/index.php?rest_route=\/wp\/v2\/media\/129179"}],"wp:attachment":[{"href":"https:\/\/noticiasbahia360.com.br\/index.php?rest_route=%2Fwp%2Fv2%2Fmedia&parent=129178"}],"wp:term":[{"taxonomy":"category","embeddable":true,"href":"https:\/\/noticiasbahia360.com.br\/index.php?rest_route=%2Fwp%2Fv2%2Fcategories&post=129178"},{"taxonomy":"post_tag","embeddable":true,"href":"https:\/\/noticiasbahia360.com.br\/index.php?rest_route=%2Fwp%2Fv2%2Ftags&post=129178"}],"curies":[{"name":"wp","href":"https:\/\/api.w.org\/{rel}","templated":true}]}}