{"id":129188,"date":"2026-05-01T11:06:03","date_gmt":"2026-05-01T14:06:03","guid":{"rendered":"https:\/\/noticiasbahia360.com.br\/?p=129188"},"modified":"2026-05-01T11:06:03","modified_gmt":"2026-05-01T14:06:03","slug":"rota-da-independencia-2026-tem-inicio-em-cachoeira-no-dia-4-de-maio","status":"publish","type":"post","link":"https:\/\/noticiasbahia360.com.br\/?p=129188","title":{"rendered":"Rota da Independ\u00eancia 2026 tem in\u00edcio em Cachoeira no dia 4 de maio"},"content":{"rendered":"<div>\n<div>\n<figure><img decoding=\"async\" src=\"http:\/\/noticiasbahia360.com.br\/wp-content\/uploads\/2026\/05\/Rio-Paraguacu-e-Sao-Felis-Vista-de-Cachoeira-Foto-Marcio-Pimentel.jpg\" alt=\"Rio Paragua\u00e7u e S\u00e3o F\u00e9lix. Vista de Cachoeira\"><figcaption>Rio Paragua\u00e7u e S\u00e3o F\u00e9lix. Vista de Cachoeira | Foto: M\u00e1rcio Pimentel<\/figcaption><\/figure>\n<\/div>\n<p>Tem in\u00edcio em <a href=\"https:\/\/www.acordacidade.com.br\/tag\/cachoeira\/\" type=\"post_tag\" id=\"35751\">Cachoeira<\/a>, no dia 4 de maio, a Rota da Independ\u00eancia 2026, uma a\u00e7\u00e3o do Governo do Estado, por meio da Funda\u00e7\u00e3o Pedro Calmon, unidade vinculada \u00e0 Secretaria de Cultura da Bahia.<\/p>\n<p>A Rota da Independ\u00eancia 2026 \u00e9 um projeto itinerante que percorrer\u00e1 24 munic\u00edpios baianos historicamente ligados \u00e0s lutas pela Independ\u00eancia, promovendo atividades de forma\u00e7\u00e3o, valoriza\u00e7\u00e3o da mem\u00f3ria e fortalecimento da identidade cultural.<\/p>\n<p>A programa\u00e7\u00e3o, de acordo com o site do Governo da Bahia (<a href=\"http:\/\/www.ba.gov.br\/\" target=\"_blank\" rel=\"noreferrer noopener\">www.ba.gov.br<\/a>), re\u00fane aulas p\u00fablicas, apresenta\u00e7\u00f5es culturais e conte\u00fados digitais interativos, ampliando o acesso ao conhecimento hist\u00f3rico e incentivando o sentimento de pertencimento da popula\u00e7\u00e3o. A iniciativa surgiu a partir de a\u00e7\u00f5es integradas ao SAC M\u00f3vel e foi incorporada \u00e0 Funda\u00e7\u00e3o Pedro Calmon em 2007, consolidando-se como uma pol\u00edtica p\u00fablica de refer\u00eancia no campo da mem\u00f3ria.<\/p>\n<p>O secret\u00e1rio estadual de Cultura, Bruno Monteiro, ressaltou a import\u00e2ncia da pol\u00edtica cultural voltada \u00e0 valoriza\u00e7\u00e3o da hist\u00f3ria: \u201cO Governo da Bahia est\u00e1 recontando a independ\u00eancia do Brasil sob a perspectiva das lutas populares e de seus her\u00f3is reais, como Maria Quit\u00e9ria e Maria Felipa. Por meio da Rota da Independ\u00eancia, que agora alcan\u00e7a 24 munic\u00edpios, o projeto utiliza tecnologia e educa\u00e7\u00e3o para aproximar a juventude dessa hist\u00f3ria. Com o reconhecimento federal do 2 de Julho, a iniciativa busca consolidar um legado que valoriza a diversidade e a autonomia cr\u00edtica da popula\u00e7\u00e3o.\u201d<\/p>\n<p>\u201c\u00c9 uma honra para os cachoeiranos e cachoeiranas o fato de o Governo do Estado ter escolhido Cachoeira como o in\u00edcio da Rota da Independ\u00eancia 2026. Faz-se justi\u00e7a aos cidad\u00e3os brasileiros que, \u00e0 \u00e9poca, sa\u00edram de Cachoeira para assegurar, em 2 de julho de 1823, a Independ\u00eancia do Brasil\u201d, afirma a prefeita de Cachoeira, Eliana Gonzaga (PT).<\/p>\n<h2 class=\"wp-block-heading\" id=\"h-programacao-da-rota-da-independencia-2026\">Programa\u00e7\u00e3o da Rota da Independ\u00eancia 2026<\/h2>\n<p>Cachoeira \u2013 04\/05<br \/>S\u00e3o F\u00e9lix \u2013 05\/05<br \/>Maragojipe \u2013 06\/05<br \/>Governador Mangabeira \u2013 07\/05<br \/>S\u00e3o Francisco do Conde \u2013 08\/05<br \/>Itacar\u00e9 \u2013 11\/05<br \/>Cairu \u2013 12\/05<br \/>Valen\u00e7a \u2013 13\/05<br \/>Jaguaripe \u2013 14\/05<br \/>Itaparica \u2013 15\/05<br \/>Sim\u00f5es Filho \u2013 18\/05<br \/>Candeias \u2013 19\/05<br \/>Cama\u00e7ari \u2013 20\/05<br \/>Dias d\u2019\u00c1vila \u2013 21\/05<br \/>Lauro de Freitas \u2013 22\/05<br \/>Saubara \u2013 25\/05<br \/>Santo Amaro \u2013 26\/05<br \/>Feira de Santana \u2013 27\/05<br \/>Pedr\u00e3o \u2013 28\/05<br \/>Irar\u00e1 \u2013 29\/05<br \/>Caetit\u00e9 \u2013 09\/06<br \/>Rio de Contas \u2013 10\/06<br \/>Len\u00e7\u00f3is \u2013 11\/06<br \/>Salvador (aula itinerante) \u2013 30\/06<\/p>\n<p><em>Siga o Acorda Cidade no<\/em><a href=\"https:\/\/news.google.com\/search?q=acorda%20cidade&amp;hl=pt-BR&amp;gl=BR&amp;ceid=BR%3Apt-419\"><strong><em>\u00a0Google Not\u00edcias<\/em><\/strong><\/a><em>\u00a0e receba os principais destaques do dia. Participe tamb\u00e9m dos nossos canais no\u00a0<\/em><a href=\"https:\/\/www.whatsapp.com\/channel\/0029Va6Rb4v3WHTNnsh8WI3N\"><strong><em>WhatsApp<\/em><\/strong><\/a><em>\u00a0e\u00a0<\/em><a href=\"https:\/\/www.youtube.com\/@acordacidadenoticias\/videos\"><strong>YouTube<\/strong><\/a><em>\u00a0e grupo de\u00a0<\/em><a href=\"https:\/\/t.me\/+sSz0khrgARA0ZmRh\"><strong><em>Telegram<\/em><\/strong><\/a><em>.<\/em><\/p>\n<\/div>\n","protected":false},"excerpt":{"rendered":"<div>\n<div>\n<figure><img decoding=\"async\" src=\"https:\/\/www.acordacidade.com.br\/wp-content\/uploads\/2026\/03\/Rio-Paraguacu-e-Sao-Felis.-Vista-de-Cachoeira.-Foto-Marcio-Pimentel.jpg\" alt=\"Rio Paragua\u00e7u e S\u00e3o F\u00e9lix. Vista de Cachoeira\"><figcaption>Rio Paragua\u00e7u e S\u00e3o F\u00e9lix. Vista de Cachoeira | Foto: M\u00e1rcio Pimentel<\/figcaption><\/figure>\n<\/div>\n<p>A Rota da Independ\u00eancia 2026 \u00e9 um projeto itinerante que percorrer\u00e1 24 munic\u00edpios baianos historicamente ligados \u00e0s lutas pela Independ\u00eancia.<\/p><\/div>\n","protected":false},"author":1,"featured_media":129189,"comment_status":"closed","ping_status":"closed","sticky":false,"template":"","format":"gallery","meta":{"footnotes":""},"categories":[8,9,6,57,56,10],"tags":[],"class_list":["post-129188","post","type-post","status-publish","format-gallery","has-post-thumbnail","hentry","category-bahia","category-brasil","category-feira-de-santana","category-mundo","category-policia","category-politica","post_format-post-format-gallery"],"featured_image_urls":{"full":["https:\/\/noticiasbahia360.com.br\/wp-content\/uploads\/2026\/05\/Rio-Paraguacu-e-Sao-Felis-Vista-de-Cachoeira-Foto-Marcio-Pimentel.jpg",1200,801,false],"thumbnail":["https:\/\/noticiasbahia360.com.br\/wp-content\/uploads\/2026\/05\/Rio-Paraguacu-e-Sao-Felis-Vista-de-Cachoeira-Foto-Marcio-Pimentel-150x150.jpg",150,150,true],"medium":["https:\/\/noticiasbahia360.com.br\/wp-content\/uploads\/2026\/05\/Rio-Paraguacu-e-Sao-Felis-Vista-de-Cachoeira-Foto-Marcio-Pimentel-300x200.jpg",300,200,true],"medium_large":["https:\/\/noticiasbahia360.com.br\/wp-content\/uploads\/2026\/05\/Rio-Paraguacu-e-Sao-Felis-Vista-de-Cachoeira-Foto-Marcio-Pimentel-768x513.jpg",640,428,true],"large":["https:\/\/noticiasbahia360.com.br\/wp-content\/uploads\/2026\/05\/Rio-Paraguacu-e-Sao-Felis-Vista-de-Cachoeira-Foto-Marcio-Pimentel-1024x684.jpg",640,428,true],"1536x1536":["https:\/\/noticiasbahia360.com.br\/wp-content\/uploads\/2026\/05\/Rio-Paraguacu-e-Sao-Felis-Vista-de-Cachoeira-Foto-Marcio-Pimentel.jpg",1200,801,false],"2048x2048":["https:\/\/noticiasbahia360.com.br\/wp-content\/uploads\/2026\/05\/Rio-Paraguacu-e-Sao-Felis-Vista-de-Cachoeira-Foto-Marcio-Pimentel.jpg",1200,801,false],"chromenews-featured":["https:\/\/noticiasbahia360.com.br\/wp-content\/uploads\/2026\/05\/Rio-Paraguacu-e-Sao-Felis-Vista-de-Cachoeira-Foto-Marcio-Pimentel-1024x684.jpg",1024,684,true],"chromenews-large":["https:\/\/noticiasbahia360.com.br\/wp-content\/uploads\/2026\/05\/Rio-Paraguacu-e-Sao-Felis-Vista-de-Cachoeira-Foto-Marcio-Pimentel-825x575.jpg",825,575,true],"chromenews-medium":["https:\/\/noticiasbahia360.com.br\/wp-content\/uploads\/2026\/05\/Rio-Paraguacu-e-Sao-Felis-Vista-de-Cachoeira-Foto-Marcio-Pimentel-590x410.jpg",590,410,true]},"author_info":{"display_name":"noticiasbahia360.com.br","author_link":"https:\/\/noticiasbahia360.com.br\/?author=1"},"category_info":"<a href=\"https:\/\/noticiasbahia360.com.br\/?cat=8\" rel=\"category\">Bahia<\/a> <a href=\"https:\/\/noticiasbahia360.com.br\/?cat=9\" rel=\"category\">Brasil<\/a> <a href=\"https:\/\/noticiasbahia360.com.br\/?cat=6\" rel=\"category\">Feira de Santana<\/a> <a href=\"https:\/\/noticiasbahia360.com.br\/?cat=57\" rel=\"category\">Mundo<\/a> <a href=\"https:\/\/noticiasbahia360.com.br\/?cat=56\" rel=\"category\">Pol\u00edcia<\/a> <a href=\"https:\/\/noticiasbahia360.com.br\/?cat=10\" rel=\"category\">Pol\u00edtica<\/a>","tag_info":"Pol\u00edtica","comment_count":"0","_links":{"self":[{"href":"https:\/\/noticiasbahia360.com.br\/index.php?rest_route=\/wp\/v2\/posts\/129188","targetHints":{"allow":["GET"]}}],"collection":[{"href":"https:\/\/noticiasbahia360.com.br\/index.php?rest_route=\/wp\/v2\/posts"}],"about":[{"href":"https:\/\/noticiasbahia360.com.br\/index.php?rest_route=\/wp\/v2\/types\/post"}],"author":[{"embeddable":true,"href":"https:\/\/noticiasbahia360.com.br\/index.php?rest_route=\/wp\/v2\/users\/1"}],"replies":[{"embeddable":true,"href":"https:\/\/noticiasbahia360.com.br\/index.php?rest_route=%2Fwp%2Fv2%2Fcomments&post=129188"}],"version-history":[{"count":0,"href":"https:\/\/noticiasbahia360.com.br\/index.php?rest_route=\/wp\/v2\/posts\/129188\/revisions"}],"wp:featuredmedia":[{"embeddable":true,"href":"https:\/\/noticiasbahia360.com.br\/index.php?rest_route=\/wp\/v2\/media\/129189"}],"wp:attachment":[{"href":"https:\/\/noticiasbahia360.com.br\/index.php?rest_route=%2Fwp%2Fv2%2Fmedia&parent=129188"}],"wp:term":[{"taxonomy":"category","embeddable":true,"href":"https:\/\/noticiasbahia360.com.br\/index.php?rest_route=%2Fwp%2Fv2%2Fcategories&post=129188"},{"taxonomy":"post_tag","embeddable":true,"href":"https:\/\/noticiasbahia360.com.br\/index.php?rest_route=%2Fwp%2Fv2%2Ftags&post=129188"}],"curies":[{"name":"wp","href":"https:\/\/api.w.org\/{rel}","templated":true}]}} 