{"id":129190,"date":"2026-05-01T12:01:20","date_gmt":"2026-05-01T15:01:20","guid":{"rendered":"https:\/\/noticiasbahia360.com.br\/?p=129190"},"modified":"2026-05-01T12:01:20","modified_gmt":"2026-05-01T15:01:20","slug":"dispensario-santana-promove-feirao-do-desapego-em-feira-de-santana-ajude-nos-a-ajudar","status":"publish","type":"post","link":"https:\/\/noticiasbahia360.com.br\/?p=129190","title":{"rendered":"Dispens\u00e1rio Santana promove Feir\u00e3o do Desapego em Feira de Santana: \u201cAjude-nos a ajudar\u201d"},"content":{"rendered":"<div>\n<div>\n<figure><img decoding=\"async\" src=\"http:\/\/noticiasbahia360.com.br\/wp-content\/uploads\/2026\/05\/39fxwYJ3-Bazar-em-prol-de-Maria-Sol-Oliveira-Andrade-Queiroz-diagnosticada-com-a-sindrome-rara-de-Aicardi-foto-ney-silva-acorda-cidade.jpg\" alt=\"Bazar em prol de Maria Sol Oliveira Andrade Queiroz diagnosticada com a s\u00edndrome rara de Aicardi\"><figcaption>Ilustrativa | Foto: Ney Silva\/Acorda Cidade<\/figcaption><\/figure>\n<\/div>\n<p>Conhecida pelo trabalho social \u00e0 frente do Dispens\u00e1rio Santana, em Feira de Santana, Irm\u00e3 Rosa Aparecida voltou a mobilizar a popula\u00e7\u00e3o em mais uma a\u00e7\u00e3o solid\u00e1ria voltada para ajudar pessoas em situa\u00e7\u00e3o de vulnerabilidade. Desta vez, o convite \u00e9 para a segunda edi\u00e7\u00e3o do Feir\u00e3o do Desapego, que ser\u00e1 realizado na pr\u00f3xima segunda-feira, 4 de maio, a partir das 9h, no estacionamento em frente \u00e0 Prefeitura Municipal.<\/p>\n<p>Durante participa\u00e7\u00e3o no programa Acorda Cidade, na manh\u00e3 deste feriado do Dia do Trabalhador (1\u00ba), Irm\u00e3 Rosa falou a import\u00e2ncia da colabora\u00e7\u00e3o da comunidade feirense, que h\u00e1 anos contribui com o trabalho desenvolvido pelo Dispens\u00e1rio.<\/p>\n<p>\u201cEu estou aqui presente para mais um apelo a esse povo querido de Feira de Santana, que n\u00e3o me deixa enfrentar as dificuldades sozinha, que n\u00e3o me deixam pegar o peso sozinha. Ent\u00e3o, isso me anima cada vez que o Dispens\u00e1rio Santana aparece com uma proposta de buscar alguma coisa que possa estar ajudando as dificuldades\u201d, afirmou.<\/p>\n<p>O Feir\u00e3o do Desapego re\u00fane roupas, sapatos, bolsas e outros itens doados por pessoas que desejam praticar a solidariedade e, ao mesmo tempo, abrir espa\u00e7o no guarda-roupa. Segundo Irm\u00e3 Rosa, muitas pe\u00e7as s\u00e3o pouco usadas e chegam em excelente estado.<\/p>\n<p>\u201cGestos de generosidade de pessoas que armazenam roupas, sapatos, bolsas, \u00e0s vezes usam s\u00f3 uma vez e n\u00e3o pretendem usar no ano seguinte. Ent\u00e3o, com os nossos apelos de buscar gestos de generosidade, a\u00ed aparecem muitas roupas bonitas e boas e o grupo denominou Feir\u00e3o do Desapego\u201d, explicou.<\/p>\n<h2 class=\"wp-block-heading\" id=\"h-ajude-nos-a-ajudar\">\u201cAjude-nos a ajudar\u201d<\/h2>\n<p>A a\u00e7\u00e3o \u00e9 organizada pelo grupo de sustenta\u00e7\u00e3o do Dispens\u00e1rio Santana, formado por mulheres que acompanham de perto o trabalho social da institui\u00e7\u00e3o. A primeira edi\u00e7\u00e3o, realizada no ano passado, teve grande ades\u00e3o, e a expectativa para este ano \u00e9 ainda maior.<\/p>\n<p>\u201cA primeira foi muito frutuosa o ano passado. Esta vai ser a segunda e eu espero contar com essa participa\u00e7\u00e3o de amizade, de apoio, de generosidade\u201d, disse.<\/p>\n<p>Al\u00e9m de adquirir produtos com pre\u00e7os acess\u00edveis, quem ainda deseja contribuir com doa\u00e7\u00f5es tamb\u00e9m pode participar. Irm\u00e3 Rosa refor\u00e7ou que o dispens\u00e1rio continua recebendo pe\u00e7as e at\u00e9 se disponibiliza para buscar as doa\u00e7\u00f5es, caso seja necess\u00e1rio.<\/p>\n<figure class=\"wp-block-image size-full\"><img fetchpriority=\"high\" fetchpriority=\"high\" decoding=\"async\" width=\"1200\" height=\"675\" src=\"http:\/\/noticiasbahia360.com.br\/wp-content\/uploads\/2026\/05\/irma-rosa-foto-daniela-cardozo.jpg\" alt=\"\" class=\"wp-image-590779\" srcset=\"http:\/\/noticiasbahia360.com.br\/wp-content\/uploads\/2026\/05\/irma-rosa-foto-daniela-cardozo.jpg 1200w, https:\/\/www.acordacidade.com.br\/wp-content\/uploads\/2025\/09\/irma-rosa-foto-daniela-cardozo-648x365.jpg 648w, https:\/\/www.acordacidade.com.br\/wp-content\/uploads\/2025\/09\/irma-rosa-foto-daniela-cardozo-984x553.jpg 984w, https:\/\/www.acordacidade.com.br\/wp-content\/uploads\/2025\/09\/irma-rosa-foto-daniela-cardozo-140x79.jpg 140w, https:\/\/www.acordacidade.com.br\/wp-content\/uploads\/2025\/09\/irma-rosa-foto-daniela-cardozo-421x237.jpg 421w, https:\/\/www.acordacidade.com.br\/wp-content\/uploads\/2025\/09\/irma-rosa-foto-daniela-cardozo-150x84.jpg 150w\" sizes=\"(max-width: 1200px) 100vw, 1200px\"><figcaption class=\"wp-element-caption\">Foto: Beatriz Rosado \/ Acorda Cidade <\/figcaption><\/figure>\n<p>\u201cSe algu\u00e9m tiver doa\u00e7\u00f5es para fazer, meu cora\u00e7\u00e3o est\u00e1 assim, com portas escancaradas para receber. Hoje, amanh\u00e3 e depois. A gente tem m\u00e3o de obra para atuar sobre isso. Se n\u00e3o puder buscar, amanh\u00e3 \u00e9 s\u00e1bado, eu providencio at\u00e9 de como fazer chegar \u00e0 sua casa. Contanto que a doa\u00e7\u00e3o seja mais um contributo para enriquecer o nosso feir\u00e3o. Ajude-nos a ajudar.\u201d<\/p>\n<p>O feir\u00e3o promete reunir produtos de qualidade e pre\u00e7os simb\u00f3licos. Como a pr\u00f3pria Irm\u00e3 Rosa costuma definir, s\u00e3o itens com \u201ctr\u00eas B\u201d: \u201c<strong>Coisas boas, bonitas e baratas<\/strong>. \u00c9 o \u00fatil ao agrad\u00e1vel.\u201d<\/p>\n<p>A expectativa \u00e9 de mais uma grande mobiliza\u00e7\u00e3o solid\u00e1ria, fortalecendo a corrente de apoio que h\u00e1 anos sustenta o trabalho social do Dispens\u00e1rio Santana e beneficia in\u00fameras fam\u00edlias feirenses.<\/p>\n<p><em>Siga o Acorda Cidade no<\/em><a href=\"https:\/\/news.google.com\/search?q=acorda%20cidade&amp;hl=pt-BR&amp;gl=BR&amp;ceid=BR%3Apt-419\"><strong><em>\u00a0Google Not\u00edcias<\/em><\/strong><\/a><em>\u00a0e receba os principais destaques do dia. Participe tamb\u00e9m dos nossos canais no\u00a0<\/em><a href=\"https:\/\/www.whatsapp.com\/channel\/0029Va6Rb4v3WHTNnsh8WI3N\"><strong><em>WhatsApp<\/em><\/strong><\/a><em>\u00a0e\u00a0<\/em><a href=\"https:\/\/www.youtube.com\/@acordacidadenoticias\/videos\"><strong>YouTube<\/strong><\/a><em>\u00a0e grupo de\u00a0<\/em><a href=\"https:\/\/t.me\/+sSz0khrgARA0ZmRh\"><strong><em>Telegram<\/em><\/strong><\/a><em>.<\/em><\/p>\n<\/div>\n","protected":false},"excerpt":{"rendered":"<div>\n<div>\n<figure><img decoding=\"async\" src=\"https:\/\/www.acordacidade.com.br\/wp-content\/uploads\/2024\/11\/39fxwYJ3-Bazar-em-prol-de-Maria-Sol-Oliveira-Andrade-Queiroz-diagnosticada-com-a-sindrome-rara-de-Aicardi-foto-ney-silva-acorda-cidade.jpg\" alt=\"Bazar em prol de Maria Sol Oliveira Andrade Queiroz diagnosticada com a s\u00edndrome rara de Aicardi\"><figcaption>Ilustrativa | Foto: Ney Silva\/Acorda Cidade<\/figcaption><\/figure>\n<\/div>\n<p>O Feir\u00e3o do Desapego ser\u00e1 realizado na pr\u00f3xima segunda-feira, 4 de maio, a partir das 9h, no estacionamento em frente \u00e0 Prefeitura Municipal.<\/p><\/div>\n","protected":false},"author":1,"featured_media":129191,"comment_status":"closed","ping_status":"closed","sticky":false,"template":"","format":"gallery","meta":{"footnotes":""},"categories":[8,9,6,57,56,10],"tags":[],"class_list":["post-129190","post","type-post","status-publish","format-gallery","has-post-thumbnail","hentry","category-bahia","category-brasil","category-feira-de-santana","category-mundo","category-policia","category-politica","post_format-post-format-gallery"],"featured_image_urls":{"full":["https:\/\/noticiasbahia360.com.br\/wp-content\/uploads\/2026\/05\/39fxwYJ3-Bazar-em-prol-de-Maria-Sol-Oliveira-Andrade-Queiroz-diagnosticada-com-a-sindrome-rara-de-Aicardi-foto-ney-silva-acorda-cidade.jpg",640,480,false],"thumbnail":["https:\/\/noticiasbahia360.com.br\/wp-content\/uploads\/2026\/05\/39fxwYJ3-Bazar-em-prol-de-Maria-Sol-Oliveira-Andrade-Queiroz-diagnosticada-com-a-sindrome-rara-de-Aicardi-foto-ney-silva-acorda-cidade-150x150.jpg",150,150,true],"medium":["https:\/\/noticiasbahia360.com.br\/wp-content\/uploads\/2026\/05\/39fxwYJ3-Bazar-em-prol-de-Maria-Sol-Oliveira-Andrade-Queiroz-diagnosticada-com-a-sindrome-rara-de-Aicardi-foto-ney-silva-acorda-cidade-300x225.jpg",300,225,true],"medium_large":["https:\/\/noticiasbahia360.com.br\/wp-content\/uploads\/2026\/05\/39fxwYJ3-Bazar-em-prol-de-Maria-Sol-Oliveira-Andrade-Queiroz-diagnosticada-com-a-sindrome-rara-de-Aicardi-foto-ney-silva-acorda-cidade.jpg",640,480,false],"large":["https:\/\/noticiasbahia360.com.br\/wp-content\/uploads\/2026\/05\/39fxwYJ3-Bazar-em-prol-de-Maria-Sol-Oliveira-Andrade-Queiroz-diagnosticada-com-a-sindrome-rara-de-Aicardi-foto-ney-silva-acorda-cidade.jpg",640,480,false],"1536x1536":["https:\/\/noticiasbahia360.com.br\/wp-content\/uploads\/2026\/05\/39fxwYJ3-Bazar-em-prol-de-Maria-Sol-Oliveira-Andrade-Queiroz-diagnosticada-com-a-sindrome-rara-de-Aicardi-foto-ney-silva-acorda-cidade.jpg",640,480,false],"2048x2048":["https:\/\/noticiasbahia360.com.br\/wp-content\/uploads\/2026\/05\/39fxwYJ3-Bazar-em-prol-de-Maria-Sol-Oliveira-Andrade-Queiroz-diagnosticada-com-a-sindrome-rara-de-Aicardi-foto-ney-silva-acorda-cidade.jpg",640,480,false],"chromenews-featured":["https:\/\/noticiasbahia360.com.br\/wp-content\/uploads\/2026\/05\/39fxwYJ3-Bazar-em-prol-de-Maria-Sol-Oliveira-Andrade-Queiroz-diagnosticada-com-a-sindrome-rara-de-Aicardi-foto-ney-silva-acorda-cidade.jpg",640,480,false],"chromenews-large":["https:\/\/noticiasbahia360.com.br\/wp-content\/uploads\/2026\/05\/39fxwYJ3-Bazar-em-prol-de-Maria-Sol-Oliveira-Andrade-Queiroz-diagnosticada-com-a-sindrome-rara-de-Aicardi-foto-ney-silva-acorda-cidade.jpg",640,480,false],"chromenews-medium":["https:\/\/noticiasbahia360.com.br\/wp-content\/uploads\/2026\/05\/39fxwYJ3-Bazar-em-prol-de-Maria-Sol-Oliveira-Andrade-Queiroz-diagnosticada-com-a-sindrome-rara-de-Aicardi-foto-ney-silva-acorda-cidade-590x410.jpg",590,410,true]},"author_info":{"display_name":"noticiasbahia360.com.br","author_link":"https:\/\/noticiasbahia360.com.br\/?author=1"},"category_info":"<a href=\"https:\/\/noticiasbahia360.com.br\/?cat=8\" rel=\"category\">Bahia<\/a> <a href=\"https:\/\/noticiasbahia360.com.br\/?cat=9\" rel=\"category\">Brasil<\/a> <a href=\"https:\/\/noticiasbahia360.com.br\/?cat=6\" rel=\"category\">Feira de Santana<\/a> <a href=\"https:\/\/noticiasbahia360.com.br\/?cat=57\" rel=\"category\">Mundo<\/a> <a href=\"https:\/\/noticiasbahia360.com.br\/?cat=56\" rel=\"category\">Pol\u00edcia<\/a> <a href=\"https:\/\/noticiasbahia360.com.br\/?cat=10\" rel=\"category\">Pol\u00edtica<\/a>","tag_info":"Pol\u00edtica","comment_count":"0","_links":{"self":[{"href":"https:\/\/noticiasbahia360.com.br\/index.php?rest_route=\/wp\/v2\/posts\/129190","targetHints":{"allow":["GET"]}}],"collection":[{"href":"https:\/\/noticiasbahia360.com.br\/index.php?rest_route=\/wp\/v2\/posts"}],"about":[{"href":"https:\/\/noticiasbahia360.com.br\/index.php?rest_route=\/wp\/v2\/types\/post"}],"author":[{"embeddable":true,"href":"https:\/\/noticiasbahia360.com.br\/index.php?rest_route=\/wp\/v2\/users\/1"}],"replies":[{"embeddable":true,"href":"https:\/\/noticiasbahia360.com.br\/index.php?rest_route=%2Fwp%2Fv2%2Fcomments&post=129190"}],"version-history":[{"count":0,"href":"https:\/\/noticiasbahia360.com.br\/index.php?rest_route=\/wp\/v2\/posts\/129190\/revisions"}],"wp:featuredmedia":[{"embeddable":true,"href":"https:\/\/noticiasbahia360.com.br\/index.php?rest_route=\/wp\/v2\/media\/129191"}],"wp:attachment":[{"href":"https:\/\/noticiasbahia360.com.br\/index.php?rest_route=%2Fwp%2Fv2%2Fmedia&parent=129190"}],"wp:term":[{"taxonomy":"category","embeddable":true,"href":"https:\/\/noticiasbahia360.com.br\/index.php?rest_route=%2Fwp%2Fv2%2Fcategories&post=129190"},{"taxonomy":"post_tag","embeddable":true,"href":"https:\/\/noticiasbahia360.com.br\/index.php?rest_route=%2Fwp%2Fv2%2Ftags&post=129190"}],"curies":[{"name":"wp","href":"https:\/\/api.w.org\/{rel}","templated":true}]}}