{"id":129193,"date":"2026-05-01T12:06:44","date_gmt":"2026-05-01T15:06:44","guid":{"rendered":"https:\/\/noticiasbahia360.com.br\/?p=129193"},"modified":"2026-05-01T12:06:44","modified_gmt":"2026-05-01T15:06:44","slug":"uesb-promove-corrida-1a-volta-uesb-conectando-pessoas-movendo-comunidades","status":"publish","type":"post","link":"https:\/\/noticiasbahia360.com.br\/?p=129193","title":{"rendered":"Uesb promove corrida 1\u00aa Volta Uesb: conectando pessoas, movendo comunidades"},"content":{"rendered":"<div>\n<div>\n<figure><img decoding=\"async\" src=\"http:\/\/noticiasbahia360.com.br\/wp-content\/uploads\/2026\/05\/VT9GT1eF-Uesb-01_1.webp\" alt=\"Uesb\"><figcaption>Foto: Divulga\u00e7\u00e3o\/Ascom Uesb<\/figcaption><\/figure>\n<\/div>\n<p>Por meio da Pr\u00f3-Reitoria de Extens\u00e3o e Assuntos Comunit\u00e1rios (Proex) e da Pr\u00f3-Reitoria de Administra\u00e7\u00e3o (Proad), a Universidade Estadual do Sudoeste da Bahia (Uesb) promover\u00e1 a 1\u00aa Volta Uesb: conectando pessoas, movendo comunidades, no campus de Vit\u00f3ria da Conquista. A atividade tem o objetivo de integrar esporte, sa\u00fade e responsabilidade social de maneira gratuita e solid\u00e1ria.<\/p>\n<p>A corrida ter\u00e1 percursos de 5 km e 10 km, para que pessoas de diferentes perfis e n\u00edveis de condicionamento f\u00edsico consigam participar.\u00a0<strong>A largada est\u00e1 prevista para \u00e0s 7 horas do dia 17 de maio e todo o trajeto ser\u00e1 realizado dentro do campus da Universidade.<\/strong><\/p>\n<p>As inscri\u00e7\u00f5es ter\u00e3o tr\u00eas etapas. No dia 28 de abril, servidores e funcion\u00e1rios da Uesb dever\u00e3o realizar uma pr\u00e9-inscri\u00e7\u00e3o via\u00a0<a href=\"https:\/\/docs.google.com\/forms\/d\/e\/1FAIpQLSc7NGrQRaUskMJksStNQ7VHevC5R7UfXj-xJE-XSqBDUR66gA\/closedform\" target=\"_blank\" rel=\"noreferrer noopener\">formul\u00e1rio on-line<\/a>, a partir das 9 horas. No dia 30 de abril, ser\u00e3o abertas as inscri\u00e7\u00f5es para o p\u00fablico geral. No dia 4 de maio, ser\u00e3o liberadas 50 vagas para que os servidores da Uesb, que preencheram o formul\u00e1rio da pr\u00e9-inscri\u00e7\u00e3o, se inscrevam. Ap\u00f3s valida\u00e7\u00e3o de dados, o servidor receber\u00e1 um cupom individual de acesso \u00e0 plataforma.<\/p>\n<figure class=\"wp-block-image size-full\"><img fetchpriority=\"high\" fetchpriority=\"high\" decoding=\"async\" width=\"1200\" height=\"630\" src=\"http:\/\/noticiasbahia360.com.br\/wp-content\/uploads\/2026\/05\/1a-Volta-da-Uesb-Foto-Divulgacao-1.jpg\" alt=\"1\u00aa Volta da Uesb\" class=\"wp-image-650718\" srcset=\"http:\/\/noticiasbahia360.com.br\/wp-content\/uploads\/2026\/05\/1a-Volta-da-Uesb-Foto-Divulgacao-1.jpg 1200w, https:\/\/uploads.acordacidade.com.br\/2026\/04\/1a-Volta-da-Uesb-Foto-Divulgacao-1-750x394.jpg 750w, https:\/\/uploads.acordacidade.com.br\/2026\/04\/1a-Volta-da-Uesb-Foto-Divulgacao-1-1000x525.jpg 1000w, https:\/\/uploads.acordacidade.com.br\/2026\/04\/1a-Volta-da-Uesb-Foto-Divulgacao-1-450x236.jpg 450w, https:\/\/uploads.acordacidade.com.br\/2026\/04\/1a-Volta-da-Uesb-Foto-Divulgacao-1-150x79.jpg 150w\" sizes=\"(max-width: 1200px) 100vw, 1200px\"><figcaption class=\"wp-element-caption\">Foto: Divulga\u00e7\u00e3o<\/figcaption><\/figure>\n<p>Para validar a inscri\u00e7\u00e3o, \u00e9 necess\u00e1rio que todos os participantes realizem doa\u00e7\u00e3o volunt\u00e1ria de sangue no Hemocentro de Vit\u00f3ria da Conquista (Hemoba), no per\u00edodo de 27 de abril a 14 de maio, ou realizem a doa\u00e7\u00e3o de 3 kg de ra\u00e7\u00e3o seca para c\u00e3es, conforme crit\u00e9rios estabelecidos no\u00a0<a href=\"https:\/\/www.races.com.br\/corridauesb\" target=\"_blank\" rel=\"noreferrer noopener\">Regulamento<\/a>. A comprova\u00e7\u00e3o da doa\u00e7\u00e3o ocorrer\u00e1 no momento da retirada do kit do atleta.<\/p>\n<p>Est\u00e1 vedada a participa\u00e7\u00e3o de atletas n\u00e3o inscritos. Para mais informa\u00e7\u00f5es ou em caso de d\u00favidas, acesse o\u00a0<a href=\"https:\/\/www.races.com.br\/corridauesb\" target=\"_blank\" rel=\"noreferrer noopener\">Regulamento da corrida<\/a>\u00a0ou entre em contato com a Proex pelo e-mail\u00a0<a href=\"mailto:proex@uesb.edu.br\">proex@uesb.edu.br<\/a>\u00a0ou telefone (77) 3424-8603.<\/p>\n<p><em>Siga o Acorda Cidade no\u00a0<\/em><a href=\"https:\/\/news.google.com\/search?q=acorda%20cidade&amp;hl=pt-BR&amp;gl=BR&amp;ceid=BR%3Apt-419\"><strong><em>Google Not\u00edcias<\/em><\/strong><\/a><em>\u00a0e receba os principais destaques do dia. Participe tamb\u00e9m dos nossos canais no\u00a0<\/em><a href=\"https:\/\/www.whatsapp.com\/channel\/0029Va6Rb4v3WHTNnsh8WI3N\"><strong><em>WhatsApp<\/em><\/strong><\/a><em>\u00a0e\u00a0<\/em><a href=\"https:\/\/www.youtube.com\/@acordacidadenoticias\/videos\"><strong>YouTube<\/strong><\/a><em>\u00a0e grupo de\u00a0<\/em><a href=\"https:\/\/t.me\/+sSz0khrgARA0ZmRh\"><strong><em>Telegram<\/em><\/strong><\/a><em>.<\/em><\/p>\n<\/div>\n","protected":false},"excerpt":{"rendered":"<div>\n<div>\n<figure><img decoding=\"async\" src=\"https:\/\/www.acordacidade.com.br\/wp-content\/uploads\/2025\/04\/VT9GT1eF-Uesb-01_1.webp\" alt=\"Uesb\"><figcaption>Foto: Divulga\u00e7\u00e3o\/Ascom Uesb<\/figcaption><\/figure>\n<\/div>\n<p>Para validar a inscri\u00e7\u00e3o, \u00e9 necess\u00e1rio que todos os participantes realizem doa\u00e7\u00e3o volunt\u00e1ria de sangue no Hemocentro de Vit\u00f3ria da Conquista.<\/p><\/div>\n","protected":false},"author":1,"featured_media":129194,"comment_status":"closed","ping_status":"closed","sticky":false,"template":"","format":"gallery","meta":{"footnotes":""},"categories":[8,9,6,57,56,10],"tags":[],"class_list":["post-129193","post","type-post","status-publish","format-gallery","has-post-thumbnail","hentry","category-bahia","category-brasil","category-feira-de-santana","category-mundo","category-policia","category-politica","post_format-post-format-gallery"],"featured_image_urls":{"full":["https:\/\/noticiasbahia360.com.br\/wp-content\/uploads\/2026\/05\/VT9GT1eF-Uesb-01_1.webp",1200,702,false],"thumbnail":["https:\/\/noticiasbahia360.com.br\/wp-content\/uploads\/2026\/05\/VT9GT1eF-Uesb-01_1-150x150.webp",150,150,true],"medium":["https:\/\/noticiasbahia360.com.br\/wp-content\/uploads\/2026\/05\/VT9GT1eF-Uesb-01_1-300x176.webp",300,176,true],"medium_large":["https:\/\/noticiasbahia360.com.br\/wp-content\/uploads\/2026\/05\/VT9GT1eF-Uesb-01_1-768x449.webp",640,374,true],"large":["https:\/\/noticiasbahia360.com.br\/wp-content\/uploads\/2026\/05\/VT9GT1eF-Uesb-01_1-1024x599.webp",640,374,true],"1536x1536":["https:\/\/noticiasbahia360.com.br\/wp-content\/uploads\/2026\/05\/VT9GT1eF-Uesb-01_1.webp",1200,702,false],"2048x2048":["https:\/\/noticiasbahia360.com.br\/wp-content\/uploads\/2026\/05\/VT9GT1eF-Uesb-01_1.webp",1200,702,false],"chromenews-featured":["https:\/\/noticiasbahia360.com.br\/wp-content\/uploads\/2026\/05\/VT9GT1eF-Uesb-01_1-1024x599.webp",1024,599,true],"chromenews-large":["https:\/\/noticiasbahia360.com.br\/wp-content\/uploads\/2026\/05\/VT9GT1eF-Uesb-01_1-825x575.webp",825,575,true],"chromenews-medium":["https:\/\/noticiasbahia360.com.br\/wp-content\/uploads\/2026\/05\/VT9GT1eF-Uesb-01_1-590x410.webp",590,410,true]},"author_info":{"display_name":"noticiasbahia360.com.br","author_link":"https:\/\/noticiasbahia360.com.br\/?author=1"},"category_info":"<a href=\"https:\/\/noticiasbahia360.com.br\/?cat=8\" rel=\"category\">Bahia<\/a> <a href=\"https:\/\/noticiasbahia360.com.br\/?cat=9\" rel=\"category\">Brasil<\/a> <a href=\"https:\/\/noticiasbahia360.com.br\/?cat=6\" rel=\"category\">Feira de Santana<\/a> <a href=\"https:\/\/noticiasbahia360.com.br\/?cat=57\" rel=\"category\">Mundo<\/a> <a href=\"https:\/\/noticiasbahia360.com.br\/?cat=56\" rel=\"category\">Pol\u00edcia<\/a> <a href=\"https:\/\/noticiasbahia360.com.br\/?cat=10\" rel=\"category\">Pol\u00edtica<\/a>","tag_info":"Pol\u00edtica","comment_count":"0","_links":{"self":[{"href":"https:\/\/noticiasbahia360.com.br\/index.php?rest_route=\/wp\/v2\/posts\/129193","targetHints":{"allow":["GET"]}}],"collection":[{"href":"https:\/\/noticiasbahia360.com.br\/index.php?rest_route=\/wp\/v2\/posts"}],"about":[{"href":"https:\/\/noticiasbahia360.com.br\/index.php?rest_route=\/wp\/v2\/types\/post"}],"author":[{"embeddable":true,"href":"https:\/\/noticiasbahia360.com.br\/index.php?rest_route=\/wp\/v2\/users\/1"}],"replies":[{"embeddable":true,"href":"https:\/\/noticiasbahia360.com.br\/index.php?rest_route=%2Fwp%2Fv2%2Fcomments&post=129193"}],"version-history":[{"count":0,"href":"https:\/\/noticiasbahia360.com.br\/index.php?rest_route=\/wp\/v2\/posts\/129193\/revisions"}],"wp:featuredmedia":[{"embeddable":true,"href":"https:\/\/noticiasbahia360.com.br\/index.php?rest_route=\/wp\/v2\/media\/129194"}],"wp:attachment":[{"href":"https:\/\/noticiasbahia360.com.br\/index.php?rest_route=%2Fwp%2Fv2%2Fmedia&parent=129193"}],"wp:term":[{"taxonomy":"category","embeddable":true,"href":"https:\/\/noticiasbahia360.com.br\/index.php?rest_route=%2Fwp%2Fv2%2Fcategories&post=129193"},{"taxonomy":"post_tag","embeddable":true,"href":"https:\/\/noticiasbahia360.com.br\/index.php?rest_route=%2Fwp%2Fv2%2Ftags&post=129193"}],"curies":[{"name":"wp","href":"https:\/\/api.w.org\/{rel}","templated":true}]}}