{"id":129196,"date":"2026-05-01T13:25:54","date_gmt":"2026-05-01T16:25:54","guid":{"rendered":"https:\/\/noticiasbahia360.com.br\/?p=129196"},"modified":"2026-05-01T13:25:54","modified_gmt":"2026-05-01T16:25:54","slug":"dia-do-trabalhador-em-feira-de-santana-reforca-luta-por-direitos-salario-justo-e-fim-da-escala-6x1","status":"publish","type":"post","link":"https:\/\/noticiasbahia360.com.br\/?p=129196","title":{"rendered":"Dia do Trabalhador em Feira de Santana refor\u00e7a luta por direitos, sal\u00e1rio justo e fim da escala 6\u00d71"},"content":{"rendered":"<div>\n<div>\n<figure><img decoding=\"async\" src=\"http:\/\/noticiasbahia360.com.br\/wp-content\/uploads\/2026\/05\/Dia-do-Trabalhador-em-Feira-de-Santana-ft-ed-santos-acorda-cidade.webp\" alt=\"Dia do Trabalhador em Feira de Santana refor\u00e7a luta por direitos, sal\u00e1rio justo e fim da escala 6x1\"><figcaption>Foto: Ed Santos\/Acorda Cidade<\/figcaption><\/figure>\n<\/div>\n<p>Com m\u00fasica, manifesta\u00e7\u00f5es culturais e discursos em defesa da classe trabalhadora, a Pra\u00e7a Dona Pomba, no bairro Rua Nova, em Feira de Santana, foi palco nesta quinta-feira (1\u00ba) de um ato pol\u00edtico e social em celebra\u00e7\u00e3o ao Dia do Trabalhador. A mobiliza\u00e7\u00e3o reuniu sindicatos, movimentos populares, lideran\u00e7as comunit\u00e1rias e trabalhadores de diversas categorias em torno de pautas como o fim da escala 6\u00d71, a redu\u00e7\u00e3o da jornada de trabalho, a valoriza\u00e7\u00e3o do sal\u00e1rio m\u00ednimo e melhores condi\u00e7\u00f5es de vida.<\/p>\n<p>Al\u00e9m das apresenta\u00e7\u00f5es de Gilsam e Banda Airiy\u00ea, Hugo Damasceno e Banda HD e da participa\u00e7\u00e3o do Afox\u00e9 Pomba de Mal\u00ea, o evento refor\u00e7ou o simbolismo da Rua Nova como territ\u00f3rio de resist\u00eancia, cultura e luta popular.<\/p>\n<p>Entre as principais reivindica\u00e7\u00f5es esteve o fim da escala 6\u00d71, pauta que ganhou for\u00e7a em todo o pa\u00eds. Recentemente, o Governo Federal enviou ao Congresso Nacional o Projeto de Lei 1838\/2026, que prop\u00f5e a extin\u00e7\u00e3o oficial desse modelo, reduzindo a jornada semanal de 44 para 40 horas sem redu\u00e7\u00e3o salarial (gov.br), diante dos impactos na sa\u00fade f\u00edsica e mental dos trabalhadores. Segundo a Organiza\u00e7\u00e3o Internacional do Trabalho (OIT), jornadas excessivas e a falta de descanso adequado est\u00e3o diretamente ligadas ao aumento de casos de burnout e doen\u00e7as ocupacionais, refor\u00e7ando o debate sobre qualidade de vida e tempo de conviv\u00eancia familiar.<\/p>\n<figure class=\"wp-block-image size-full\"><img fetchpriority=\"high\" fetchpriority=\"high\" decoding=\"async\" width=\"1200\" height=\"675\" src=\"http:\/\/noticiasbahia360.com.br\/wp-content\/uploads\/2026\/05\/Dia-do-Trabalhador-em-Feira-de-Santana-ft-ed-santos-acorda-cidade-.webp\" alt=\"Dia do Trabalhador em Feira de Santana refor\u00e7a luta por direitos, sal\u00e1rio justo e fim da escala 6x1\" class=\"wp-image-651597\" srcset=\"http:\/\/noticiasbahia360.com.br\/wp-content\/uploads\/2026\/05\/Dia-do-Trabalhador-em-Feira-de-Santana-ft-ed-santos-acorda-cidade-.webp 1200w, https:\/\/uploads.acordacidade.com.br\/2026\/05\/Dia-do-Trabalhador-em-Feira-de-Santana-ft-ed-santos-acorda-cidade--750x422.webp 750w, https:\/\/uploads.acordacidade.com.br\/2026\/05\/Dia-do-Trabalhador-em-Feira-de-Santana-ft-ed-santos-acorda-cidade--1000x563.webp 1000w, https:\/\/uploads.acordacidade.com.br\/2026\/05\/Dia-do-Trabalhador-em-Feira-de-Santana-ft-ed-santos-acorda-cidade--450x253.webp 450w, https:\/\/uploads.acordacidade.com.br\/2026\/05\/Dia-do-Trabalhador-em-Feira-de-Santana-ft-ed-santos-acorda-cidade--150x84.webp 150w\" sizes=\"(max-width: 1200px) 100vw, 1200px\"><figcaption class=\"wp-element-caption\">Foto: Ed Santos\/Acorda Cidade<\/figcaption><\/figure>\n<p>Para o sindicalista Jo\u00e3o Rocha Sobrinho, ex diretor do Diesse com 10 anos de casa, a data vai al\u00e9m da celebra\u00e7\u00e3o e representa um chamado \u00e0 mobiliza\u00e7\u00e3o social.<\/p>\n<p>\u201cA nossa ideia era reunir os trabalhadores para debater um 1\u00ba de maio que \u00e9 o dia internacional da classe trabalhadora. Em v\u00e1rios pa\u00edses do mundo nesse momento tem uma a\u00e7\u00e3o lembrando os quatro companheiros revolucion\u00e1rios que foram enforcados em Chicago em 1886 por defender a jornada de oito horas de trabalho\u201d, afirmou.<\/p>\n<p>\u201cHoje n\u00f3s lutamos n\u00e3o s\u00f3 pela jornada de trabalho, mas n\u00f3s lutamos para que a classe trabalhadora tenha acesso \u00e0 qualidade de vida. O Brasil \u00e9 o d\u00e9cimo pa\u00eds mais rico do mundo, mas n\u00f3s temos um pa\u00eds rico e o povo pobre, infelizmente, com todos os esfor\u00e7os do governo, 60% da nossa popula\u00e7\u00e3o passa bastante dificuldade\u201d, declarou.<\/p>\n<p>Jo\u00e3o destacou ainda a defesa de um sal\u00e1rio m\u00ednimo mais justo e criticou a dificuldade enfrentada por trabalhadores e aposentados para garantir direitos b\u00e1sicos previstos na Constitui\u00e7\u00e3o.<\/p>\n<p>\u201cQuem recebe um sal\u00e1rio m\u00ednimo est\u00e1 impedido de desfrutar do artigo 6 da Constitui\u00e7\u00e3o Brasileira. Est\u00e1 l\u00e1 no artigo 6: todo homem, toda mulher tem direito a moradia digna, alimenta\u00e7\u00e3o, educa\u00e7\u00e3o, sa\u00fade, lazer, cultura. E eu pergunto a voc\u00ea, quem recebe um sal\u00e1rio m\u00ednimo tem acesso a tudo isso? Certamente que n\u00e3o. Sequer como direito, sequer mora direito.\u201d<\/p>\n<p>O debate tamb\u00e9m \u00e9 refor\u00e7ado pelo Departamento Intersindical de Estat\u00edstica e Estudos Socioecon\u00f4micos (Dieese), que aponta que o sal\u00e1rio m\u00ednimo necess\u00e1rio para suprir as necessidades b\u00e1sicas de uma fam\u00edlia de quatro pessoas deveria ser atualmente cerca de cinco vezes maior que o valor vigente, argumento frequentemente utilizado pelos movimentos sindicais na defesa da valoriza\u00e7\u00e3o salarial.<\/p>\n<figure class=\"wp-block-image size-full\"><img decoding=\"async\" width=\"1200\" height=\"675\" src=\"http:\/\/noticiasbahia360.com.br\/wp-content\/uploads\/2026\/05\/Dia-do-Trabalhador-em-Feira-de-Santana-ft-ed-santos-acorda-cidade-4.webp\" alt=\"Dia do Trabalhador em Feira de Santana refor\u00e7a luta por direitos, sal\u00e1rio justo e fim da escala 6x1\" class=\"wp-image-651593\" srcset=\"http:\/\/noticiasbahia360.com.br\/wp-content\/uploads\/2026\/05\/Dia-do-Trabalhador-em-Feira-de-Santana-ft-ed-santos-acorda-cidade-4.webp 1200w, https:\/\/uploads.acordacidade.com.br\/2026\/05\/Dia-do-Trabalhador-em-Feira-de-Santana-ft-ed-santos-acorda-cidade-4-750x422.webp 750w, https:\/\/uploads.acordacidade.com.br\/2026\/05\/Dia-do-Trabalhador-em-Feira-de-Santana-ft-ed-santos-acorda-cidade-4-1000x563.webp 1000w, https:\/\/uploads.acordacidade.com.br\/2026\/05\/Dia-do-Trabalhador-em-Feira-de-Santana-ft-ed-santos-acorda-cidade-4-450x253.webp 450w, https:\/\/uploads.acordacidade.com.br\/2026\/05\/Dia-do-Trabalhador-em-Feira-de-Santana-ft-ed-santos-acorda-cidade-4-150x84.webp 150w\" sizes=\"(max-width: 1200px) 100vw, 1200px\"><figcaption class=\"wp-element-caption\">Jo\u00e3o Rocha Sobrinho | Foto: Ed Santos\/Acorda Cidade<\/figcaption><\/figure>\n<figure class=\"wp-block-pullquote\">\n<blockquote>\n<p><strong><em>\u201cO sal\u00e1rio m\u00ednimo calculado pelo Dieese, que em vez de R$ 1.621, seria R$ 7.400 hoje. E quem recebesse o sal\u00e1rio m\u00ednimo de R$ 1.621, passar a receber o sal\u00e1rio de R$ 7.400, ele ia morar melhor, comer melhor, educar melhor, ia ter acesso ao lazer. E ao ter acesso ao lazer, geraria trabalho, emprego e renda para as pessoas desempregadas\u201d,<\/em><\/strong><\/p>\n<p><cite><strong>disse o ex diretor do Diesse.  <\/strong><\/cite><\/p><\/blockquote>\n<\/figure>\n<p>Entre as bandeiras levantadas no ato, o fim da jornada 6\u00d71 apareceu como uma das mais urgentes. Ao avaliar o cen\u00e1rio atual dos trabalhadores no pa\u00eds, Sobrinho afirmou que a mobiliza\u00e7\u00e3o popular \u00e9 fundamental para garantir avan\u00e7os e evitar retrocessos nos direitos da classe trabalhadora.<\/p>\n<p>\u201cA derrota que o Congresso Nacional imp\u00f4s a Lula, nos dois \u00faltimos dias, demonstrou que se a classe trabalhadora n\u00e3o colocar massa na rua n\u00f3s n\u00e3o vamos de forma nenhuma conseguir. Aquele congresso de direita, a classe dominante toda s\u00f3 fala mal de Lula\u201d, avaliou o sindicalista.<\/p>\n<p>\u201cA briga mesmo \u00e9 para que ningu\u00e9m mais trabalhe ao s\u00e1bado. O fim da jornada 6\u00d71, que \u00e9 uma vergonha. Porque 80% das nossas mulheres, a escala da jornada dela \u00e9 7\u00d70. Ela trabalha 7 dias na semana, ela n\u00e3o tem nenhum dia de folga\u201d, disse Jo\u00e3o.<\/p>\n<figure class=\"wp-block-image size-full\"><img decoding=\"async\" width=\"1200\" height=\"675\" src=\"http:\/\/noticiasbahia360.com.br\/wp-content\/uploads\/2026\/05\/Dia-do-Trabalhador-em-Feira-de-Santana-ft-ed-santos-acorda-cidade-1.webp\" alt=\"Dia do Trabalhador em Feira de Santana refor\u00e7a luta por direitos, sal\u00e1rio justo e fim da escala 6x1\" class=\"wp-image-651596\" srcset=\"http:\/\/noticiasbahia360.com.br\/wp-content\/uploads\/2026\/05\/Dia-do-Trabalhador-em-Feira-de-Santana-ft-ed-santos-acorda-cidade-1.webp 1200w, https:\/\/uploads.acordacidade.com.br\/2026\/05\/Dia-do-Trabalhador-em-Feira-de-Santana-ft-ed-santos-acorda-cidade-1-750x422.webp 750w, https:\/\/uploads.acordacidade.com.br\/2026\/05\/Dia-do-Trabalhador-em-Feira-de-Santana-ft-ed-santos-acorda-cidade-1-1000x563.webp 1000w, https:\/\/uploads.acordacidade.com.br\/2026\/05\/Dia-do-Trabalhador-em-Feira-de-Santana-ft-ed-santos-acorda-cidade-1-450x253.webp 450w, https:\/\/uploads.acordacidade.com.br\/2026\/05\/Dia-do-Trabalhador-em-Feira-de-Santana-ft-ed-santos-acorda-cidade-1-150x84.webp 150w\" sizes=\"(max-width: 1200px) 100vw, 1200px\"><figcaption class=\"wp-element-caption\">Foto: Ed Santos\/Acorda Cidade<\/figcaption><\/figure>\n<p>A professora Marlede Oliveira, presidente da APLB Sindicato e um dos rostos mais conhecidos na luta pela educa\u00e7\u00e3o em Feira, tamb\u00e9m refor\u00e7ou a defesa da redu\u00e7\u00e3o da jornada semanal e criticou o modelo atual de trabalho.<\/p>\n<blockquote class=\"wp-block-quote is-layout-flow wp-block-quote-is-layout-flow\">\n<p>O capitalismo vai tirando direito da classe trabalhadora. Isso \u00e9 no mundo todo, onde o capital domina, onde a gan\u00e2ncia \u00e9 pelo lucro e n\u00e3o pela vida das pessoas. N\u00f3s temos um congresso reacion\u00e1rio. Quem est\u00e1 no congresso nacional, os 13 deputados, s\u00e3o deputados que representam o latif\u00fandio, o empresariados, o banqueiro, os ricos, a classe dominante, como diz o presidente Lula, o andar de cima e n\u00e3o o andar de baixo. Ent\u00e3o, nesse momento \u00e9 para a gente defender o andar de baixo, para que o trabalhador, ele tenha direito ao lazer tamb\u00e9m, porque quem trabalha 6\u00d71 s\u00f3 tem um dia de folga, ele n\u00e3o tem tempo para cuidar da sua vida, n\u00e3o tem tempo para cuidar dos seus filhos, vive no corre-corre para ganhar um m\u00edsero sal\u00e1rio m\u00ednimo\u201d, afirmou Marlede ao Acorda Cidade.<\/p>\n<\/blockquote>\n<p>Marlede ainda afirmou que sempre que surge uma pauta em defesa do trabalhador, aparece o discurso de que \u201co Brasil vai quebrar\u201d, mas isso n\u00e3o aconteceu com o 13\u00ba sal\u00e1rio, com o ter\u00e7o de f\u00e9rias e tamb\u00e9m n\u00e3o acontecer\u00e1 com o fim da escala 6\u00d71.<\/p>\n<figure class=\"wp-block-image size-full\"><img decoding=\"async\" width=\"1200\" height=\"675\" src=\"http:\/\/noticiasbahia360.com.br\/wp-content\/uploads\/2026\/05\/Dia-do-Trabalhador-em-Feira-de-Santana-ft-ed-santos-acorda-cidade-2.webp\" alt=\"Dia do Trabalhador em Feira de Santana refor\u00e7a luta por direitos, sal\u00e1rio justo e fim da escala 6x1\" class=\"wp-image-651595\" srcset=\"http:\/\/noticiasbahia360.com.br\/wp-content\/uploads\/2026\/05\/Dia-do-Trabalhador-em-Feira-de-Santana-ft-ed-santos-acorda-cidade-2.webp 1200w, https:\/\/uploads.acordacidade.com.br\/2026\/05\/Dia-do-Trabalhador-em-Feira-de-Santana-ft-ed-santos-acorda-cidade-2-750x422.webp 750w, https:\/\/uploads.acordacidade.com.br\/2026\/05\/Dia-do-Trabalhador-em-Feira-de-Santana-ft-ed-santos-acorda-cidade-2-1000x563.webp 1000w, https:\/\/uploads.acordacidade.com.br\/2026\/05\/Dia-do-Trabalhador-em-Feira-de-Santana-ft-ed-santos-acorda-cidade-2-450x253.webp 450w, https:\/\/uploads.acordacidade.com.br\/2026\/05\/Dia-do-Trabalhador-em-Feira-de-Santana-ft-ed-santos-acorda-cidade-2-150x84.webp 150w\" sizes=\"(max-width: 1200px) 100vw, 1200px\"><figcaption class=\"wp-element-caption\">Marlede Oliveira | Foto: Ed Santos\/Acorda Cidade<\/figcaption><\/figure>\n<p>\u201cCada um que votou no seu deputado, ligue para ele, cobre dele, voc\u00ea vai votar com quem? Com os trabalhadores ou contra n\u00f3s? Porque deputado que vai para o Congresso \u00e9 para representar o povo e n\u00e3o para ser inimigo do povo\u201d, acrescentou.<\/p>\n<p>Representando o setor qu\u00edmico, Luiz Pedro Moraes, da diretoria do Sindiqu\u00edmica Bahia e da Central \u00danica dos Trabalhadores (CUT-Regional), destacou que o 1\u00ba de Maio tamb\u00e9m \u00e9 um momento de reflex\u00e3o sobre as condi\u00e7\u00f5es de trabalho.<\/p>\n<p>\u201cO dia de hoje foi definido como um dia para reflex\u00e3o a respeito da condi\u00e7\u00e3o da nossa classe trabalhadora. Obviamente, trouxe tamb\u00e9m a parte festiva, mas acima de tudo, \u00e9 para que a gente possa estar refletindo sobre a condi\u00e7\u00e3o da nossa classe trabalhadora e as melhorias que a gente deve ter na nossa condi\u00e7\u00e3o de trabalho\u201d, explicou.<\/p>\n<p>Segundo ele, em rela\u00e7\u00e3o as atividades industriais, a seguran\u00e7a do trabalhador e a redu\u00e7\u00e3o da jornada seguem entre as principais reivindica\u00e7\u00f5es da categoria.<\/p>\n<figure class=\"wp-block-image size-full\"><img loading=\"lazy\" decoding=\"async\" width=\"1200\" height=\"675\" src=\"http:\/\/noticiasbahia360.com.br\/wp-content\/uploads\/2026\/05\/Dia-do-Trabalhador-em-Feira-de-Santana-ft-ed-santos-acorda-cidade-3.webp\" alt=\"Dia do Trabalhador em Feira de Santana refor\u00e7a luta por direitos, sal\u00e1rio justo e fim da escala 6x1\" class=\"wp-image-651594\" srcset=\"http:\/\/noticiasbahia360.com.br\/wp-content\/uploads\/2026\/05\/Dia-do-Trabalhador-em-Feira-de-Santana-ft-ed-santos-acorda-cidade-3.webp 1200w, https:\/\/uploads.acordacidade.com.br\/2026\/05\/Dia-do-Trabalhador-em-Feira-de-Santana-ft-ed-santos-acorda-cidade-3-750x422.webp 750w, https:\/\/uploads.acordacidade.com.br\/2026\/05\/Dia-do-Trabalhador-em-Feira-de-Santana-ft-ed-santos-acorda-cidade-3-1000x563.webp 1000w, https:\/\/uploads.acordacidade.com.br\/2026\/05\/Dia-do-Trabalhador-em-Feira-de-Santana-ft-ed-santos-acorda-cidade-3-450x253.webp 450w, https:\/\/uploads.acordacidade.com.br\/2026\/05\/Dia-do-Trabalhador-em-Feira-de-Santana-ft-ed-santos-acorda-cidade-3-150x84.webp 150w\" sizes=\"(max-width: 1200px) 100vw, 1200px\"><figcaption class=\"wp-element-caption\">Luiz Pedro Moraes | Foto: Ed Santos\/Acorda Cidade<\/figcaption><\/figure>\n<p>\u201cPara algumas categorias isso tem sido um trabalho praticamente escravo, onde as pessoas n\u00e3o t\u00eam tempo de conviver com a sua fam\u00edlia e ter momentos tamb\u00e9m de lazer e cultura.\u201d<\/p>\n<h2 class=\"wp-block-heading\" id=\"h-em-busca-de-emprego\">Em busca de emprego<\/h2>\n<p>O ex-diretor do Dieese ainda chamou aten\u00e7\u00e3o para um problema que, segundo ele, n\u00e3o aparece totalmente nos n\u00fameros oficiais do desemprego. Para o sindicalista, muitos trabalhadores deixaram de procurar emprego por falta de qualifica\u00e7\u00e3o ou at\u00e9 de condi\u00e7\u00f5es financeiras para buscar uma vaga.<\/p>\n<p>\u201cHoje a taxa de desemprego fica em torno de quatro e pouco por cento, que \u00e9 a menor nos \u00faltimos 40 anos. Mas ela n\u00e3o reflete toda a realidade. Porque n\u00f3s temos cerca de 40% da nossa popula\u00e7\u00e3o, homens e mulheres, que j\u00e1 n\u00e3o mais procuram trabalho. Primeiro, porque n\u00e3o t\u00eam qualifica\u00e7\u00e3o. Segundo, \u00e0s vezes n\u00e3o t\u00eam nem dinheiro para se deslocar e buscar esse trabalho\u201d, afirmou Jo\u00e3o Rocha. Ele explicou que s\u00f3 \u00e9 considerado desempregado quem procurou emprego nos \u00faltimos tr\u00eas meses e n\u00e3o encontrou.<\/p>\n<p>Ele defendeu ainda que a redu\u00e7\u00e3o da jornada de trabalho \u00e9 uma das alternativas para enfrentar esse cen\u00e1rio e melhorar a qualidade de vida da popula\u00e7\u00e3o.<\/p>\n<p>\u201cN\u00f3s n\u00e3o devemos viver para trabalhar, n\u00f3s devemos trabalhar para viver.\u201d<\/p>\n<p>A manifesta\u00e7\u00e3o foi organizada pelo Movimento em Defesa da Democracia contra o Fascismo, Frente Brasil Popular, CUT, CTB, CSB, UGT, For\u00e7a Sindical e outras entidades sindicais e sociais.<\/p>\n<p><em>Siga o Acorda Cidade no<\/em><a href=\"https:\/\/news.google.com\/search?q=acorda%20cidade&amp;hl=pt-BR&amp;gl=BR&amp;ceid=BR%3Apt-419\"><strong><em>\u00a0Google Not\u00edcias<\/em><\/strong><\/a><em>\u00a0e receba os principais destaques do dia. Participe tamb\u00e9m dos nossos canais no\u00a0<\/em><a href=\"https:\/\/www.whatsapp.com\/channel\/0029Va6Rb4v3WHTNnsh8WI3N\"><strong><em>WhatsApp<\/em><\/strong><\/a><em>\u00a0e\u00a0<\/em><a href=\"https:\/\/www.youtube.com\/@acordacidadenoticias\/videos\"><strong>YouTube<\/strong><\/a><em>\u00a0e grupo de\u00a0<\/em><a href=\"https:\/\/t.me\/+sSz0khrgARA0ZmRh\"><strong><em>Telegram<\/em><\/strong><\/a><em>.<\/em><\/p>\n<\/div>\n","protected":false},"excerpt":{"rendered":"<div>\n<div>\n<figure><img decoding=\"async\" src=\"https:\/\/uploads.acordacidade.com.br\/2026\/05\/Dia-do-Trabalhador-em-Feira-de-Santana-ft-ed-santos-acorda-cidade.webp\" alt=\"Dia do Trabalhador em Feira de Santana refor\u00e7a luta por direitos, sal\u00e1rio justo e fim da escala 6x1\"><figcaption>Foto: Ed Santos\/Acorda Cidade<\/figcaption><\/figure>\n<\/div>\n<p>Para o sindicalista Jo\u00e3o Rocha Sobrinho,  a data vai al\u00e9m da celebra\u00e7\u00e3o e representa um chamado \u00e0 mobiliza\u00e7\u00e3o social.<\/p><\/div>\n","protected":false},"author":1,"featured_media":129197,"comment_status":"closed","ping_status":"closed","sticky":false,"template":"","format":"gallery","meta":{"footnotes":""},"categories":[8,9,6,57,56,10],"tags":[],"class_list":["post-129196","post","type-post","status-publish","format-gallery","has-post-thumbnail","hentry","category-bahia","category-brasil","category-feira-de-santana","category-mundo","category-policia","category-politica","post_format-post-format-gallery"],"featured_image_urls":{"full":["https:\/\/noticiasbahia360.com.br\/wp-content\/uploads\/2026\/05\/Dia-do-Trabalhador-em-Feira-de-Santana-ft-ed-santos-acorda-cidade.webp",1200,675,false],"thumbnail":["https:\/\/noticiasbahia360.com.br\/wp-content\/uploads\/2026\/05\/Dia-do-Trabalhador-em-Feira-de-Santana-ft-ed-santos-acorda-cidade-150x150.webp",150,150,true],"medium":["https:\/\/noticiasbahia360.com.br\/wp-content\/uploads\/2026\/05\/Dia-do-Trabalhador-em-Feira-de-Santana-ft-ed-santos-acorda-cidade-300x169.webp",300,169,true],"medium_large":["https:\/\/noticiasbahia360.com.br\/wp-content\/uploads\/2026\/05\/Dia-do-Trabalhador-em-Feira-de-Santana-ft-ed-santos-acorda-cidade-768x432.webp",640,360,true],"large":["https:\/\/noticiasbahia360.com.br\/wp-content\/uploads\/2026\/05\/Dia-do-Trabalhador-em-Feira-de-Santana-ft-ed-santos-acorda-cidade-1024x576.webp",640,360,true],"1536x1536":["https:\/\/noticiasbahia360.com.br\/wp-content\/uploads\/2026\/05\/Dia-do-Trabalhador-em-Feira-de-Santana-ft-ed-santos-acorda-cidade.webp",1200,675,false],"2048x2048":["https:\/\/noticiasbahia360.com.br\/wp-content\/uploads\/2026\/05\/Dia-do-Trabalhador-em-Feira-de-Santana-ft-ed-santos-acorda-cidade.webp",1200,675,false],"chromenews-featured":["https:\/\/noticiasbahia360.com.br\/wp-content\/uploads\/2026\/05\/Dia-do-Trabalhador-em-Feira-de-Santana-ft-ed-santos-acorda-cidade-1024x576.webp",1024,576,true],"chromenews-large":["https:\/\/noticiasbahia360.com.br\/wp-content\/uploads\/2026\/05\/Dia-do-Trabalhador-em-Feira-de-Santana-ft-ed-santos-acorda-cidade-825x575.webp",825,575,true],"chromenews-medium":["https:\/\/noticiasbahia360.com.br\/wp-content\/uploads\/2026\/05\/Dia-do-Trabalhador-em-Feira-de-Santana-ft-ed-santos-acorda-cidade-590x410.webp",590,410,true]},"author_info":{"display_name":"noticiasbahia360.com.br","author_link":"https:\/\/noticiasbahia360.com.br\/?author=1"},"category_info":"<a href=\"https:\/\/noticiasbahia360.com.br\/?cat=8\" rel=\"category\">Bahia<\/a> <a href=\"https:\/\/noticiasbahia360.com.br\/?cat=9\" rel=\"category\">Brasil<\/a> <a href=\"https:\/\/noticiasbahia360.com.br\/?cat=6\" rel=\"category\">Feira de Santana<\/a> <a href=\"https:\/\/noticiasbahia360.com.br\/?cat=57\" rel=\"category\">Mundo<\/a> <a href=\"https:\/\/noticiasbahia360.com.br\/?cat=56\" rel=\"category\">Pol\u00edcia<\/a> <a href=\"https:\/\/noticiasbahia360.com.br\/?cat=10\" rel=\"category\">Pol\u00edtica<\/a>","tag_info":"Pol\u00edtica","comment_count":"0","_links":{"self":[{"href":"https:\/\/noticiasbahia360.com.br\/index.php?rest_route=\/wp\/v2\/posts\/129196","targetHints":{"allow":["GET"]}}],"collection":[{"href":"https:\/\/noticiasbahia360.com.br\/index.php?rest_route=\/wp\/v2\/posts"}],"about":[{"href":"https:\/\/noticiasbahia360.com.br\/index.php?rest_route=\/wp\/v2\/types\/post"}],"author":[{"embeddable":true,"href":"https:\/\/noticiasbahia360.com.br\/index.php?rest_route=\/wp\/v2\/users\/1"}],"replies":[{"embeddable":true,"href":"https:\/\/noticiasbahia360.com.br\/index.php?rest_route=%2Fwp%2Fv2%2Fcomments&post=129196"}],"version-history":[{"count":0,"href":"https:\/\/noticiasbahia360.com.br\/index.php?rest_route=\/wp\/v2\/posts\/129196\/revisions"}],"wp:featuredmedia":[{"embeddable":true,"href":"https:\/\/noticiasbahia360.com.br\/index.php?rest_route=\/wp\/v2\/media\/129197"}],"wp:attachment":[{"href":"https:\/\/noticiasbahia360.com.br\/index.php?rest_route=%2Fwp%2Fv2%2Fmedia&parent=129196"}],"wp:term":[{"taxonomy":"category","embeddable":true,"href":"https:\/\/noticiasbahia360.com.br\/index.php?rest_route=%2Fwp%2Fv2%2Fcategories&post=129196"},{"taxonomy":"post_tag","embeddable":true,"href":"https:\/\/noticiasbahia360.com.br\/index.php?rest_route=%2Fwp%2Fv2%2Ftags&post=129196"}],"curies":[{"name":"wp","href":"https:\/\/api.w.org\/{rel}","templated":true}]}}