{"id":129203,"date":"2026-05-01T14:26:07","date_gmt":"2026-05-01T17:26:07","guid":{"rendered":"https:\/\/noticiasbahia360.com.br\/?p=129203"},"modified":"2026-05-01T14:26:07","modified_gmt":"2026-05-01T17:26:07","slug":"condenado-pela-justica-por-estuprar-crianca-de-7-anos-e-preso","status":"publish","type":"post","link":"https:\/\/noticiasbahia360.com.br\/?p=129203","title":{"rendered":"Condenado pela Justi\u00e7a por estuprar crian\u00e7a de 7 anos \u00e9 preso"},"content":{"rendered":"<div>\n<div>\n<figure><img decoding=\"async\" src=\"http:\/\/noticiasbahia360.com.br\/wp-content\/uploads\/2026\/05\/Policia-Civil.webp\" alt=\"Condenado pela Justi\u00e7a por estuprar crian\u00e7a de 7 anos \u00e9 preso\"><figcaption>Foto: Ascom-PCBA<\/figcaption><\/figure>\n<\/div>\n<p>Um homem, de 58 anos, que possu\u00eda mandado de pris\u00e3o decorrente de condena\u00e7\u00e3o definitiva pelo crime de estupro de vulner\u00e1vel, foi preso pela <a href=\"https:\/\/www.acordacidade.com.br\/tag\/policia-civil\/\" type=\"post_tag\" id=\"65445\">Pol\u00edcia Civil da Bahia<\/a> na quinta-feira (30), na cidade de Itanh\u00e9m.<\/p>\n<p>O crime ocorreu na zona rural do munic\u00edpio, em 2016, quando vitimou uma crian\u00e7a de 7 anos \u00e0 \u00e9poca. A senten\u00e7a condenat\u00f3ria foi proferida pela Justi\u00e7a da Comarca de Itanh\u00e9m, em 2025, fixando pena de 15 anos e 11 meses de reclus\u00e3o.<\/p>\n<p>O condenado foi localizado em uma fazenda na regi\u00e3o do Assentamento S\u00e3o Geraldo, na zona rural do munic\u00edpio. A pris\u00e3o foi realizada por equipes integradas da Delegacia Territorial (DT\/Itanh\u00e9m) e da 8\u00aa Coordenadoria Regional de Pol\u00edcia do Interior (Coorpin\/Teixeira de Freitas), para onde foi encaminhado ap\u00f3s o cumprimento da ordem judicial. Ele permanece \u00e0 disposi\u00e7\u00e3o da Justi\u00e7a.<\/p>\n<p><em>Siga o Acorda Cidade no<\/em><a href=\"https:\/\/news.google.com\/search?q=acorda%20cidade&amp;hl=pt-BR&amp;gl=BR&amp;ceid=BR%3Apt-419\"><strong><em>\u00a0Google Not\u00edcias<\/em><\/strong><\/a><em>\u00a0e receba os principais destaques do dia. Participe tamb\u00e9m dos nossos canais no\u00a0<\/em><a href=\"https:\/\/www.whatsapp.com\/channel\/0029Va6Rb4v3WHTNnsh8WI3N\"><strong><em>WhatsApp<\/em><\/strong><\/a><em>\u00a0e\u00a0<\/em><a href=\"https:\/\/www.youtube.com\/@acordacidadenoticias\/videos\"><strong>YouTube<\/strong><\/a><em>\u00a0e grupo de\u00a0<\/em><a href=\"https:\/\/t.me\/+sSz0khrgARA0ZmRh\"><strong><em>Telegram<\/em><\/strong><\/a><em>.<\/em><\/p>\n<\/div>\n","protected":false},"excerpt":{"rendered":"<div>\n<div>\n<figure><img decoding=\"async\" src=\"https:\/\/uploads.acordacidade.com.br\/2026\/05\/Policia-Civil.webp\" alt=\"Condenado pela Justi\u00e7a por estuprar crian\u00e7a de 7 anos \u00e9 preso\"><figcaption>Foto: Ascom-PCBA<\/figcaption><\/figure>\n<\/div>\n<p>O crime ocorreu na zona rural do munic\u00edpio, em 2016, quando vitimou uma crian\u00e7a de 7 anos \u00e0 \u00e9poca. Ele foi preso na quinta (30).<\/p><\/div>\n","protected":false},"author":1,"featured_media":129204,"comment_status":"closed","ping_status":"closed","sticky":false,"template":"","format":"gallery","meta":{"footnotes":""},"categories":[8,9,6,57,56,10],"tags":[],"class_list":["post-129203","post","type-post","status-publish","format-gallery","has-post-thumbnail","hentry","category-bahia","category-brasil","category-feira-de-santana","category-mundo","category-policia","category-politica","post_format-post-format-gallery"],"featured_image_urls":{"full":["https:\/\/noticiasbahia360.com.br\/wp-content\/uploads\/2026\/05\/Policia-Civil.webp",1200,800,false],"thumbnail":["https:\/\/noticiasbahia360.com.br\/wp-content\/uploads\/2026\/05\/Policia-Civil-150x150.webp",150,150,true],"medium":["https:\/\/noticiasbahia360.com.br\/wp-content\/uploads\/2026\/05\/Policia-Civil-300x200.webp",300,200,true],"medium_large":["https:\/\/noticiasbahia360.com.br\/wp-content\/uploads\/2026\/05\/Policia-Civil-768x512.webp",640,427,true],"large":["https:\/\/noticiasbahia360.com.br\/wp-content\/uploads\/2026\/05\/Policia-Civil-1024x683.webp",640,427,true],"1536x1536":["https:\/\/noticiasbahia360.com.br\/wp-content\/uploads\/2026\/05\/Policia-Civil.webp",1200,800,false],"2048x2048":["https:\/\/noticiasbahia360.com.br\/wp-content\/uploads\/2026\/05\/Policia-Civil.webp",1200,800,false],"chromenews-featured":["https:\/\/noticiasbahia360.com.br\/wp-content\/uploads\/2026\/05\/Policia-Civil-1024x683.webp",1024,683,true],"chromenews-large":["https:\/\/noticiasbahia360.com.br\/wp-content\/uploads\/2026\/05\/Policia-Civil-825x575.webp",825,575,true],"chromenews-medium":["https:\/\/noticiasbahia360.com.br\/wp-content\/uploads\/2026\/05\/Policia-Civil-590x410.webp",590,410,true]},"author_info":{"display_name":"noticiasbahia360.com.br","author_link":"https:\/\/noticiasbahia360.com.br\/?author=1"},"category_info":"<a href=\"https:\/\/noticiasbahia360.com.br\/?cat=8\" rel=\"category\">Bahia<\/a> <a href=\"https:\/\/noticiasbahia360.com.br\/?cat=9\" rel=\"category\">Brasil<\/a> <a href=\"https:\/\/noticiasbahia360.com.br\/?cat=6\" rel=\"category\">Feira de Santana<\/a> <a href=\"https:\/\/noticiasbahia360.com.br\/?cat=57\" rel=\"category\">Mundo<\/a> <a href=\"https:\/\/noticiasbahia360.com.br\/?cat=56\" rel=\"category\">Pol\u00edcia<\/a> <a href=\"https:\/\/noticiasbahia360.com.br\/?cat=10\" rel=\"category\">Pol\u00edtica<\/a>","tag_info":"Pol\u00edtica","comment_count":"0","_links":{"self":[{"href":"https:\/\/noticiasbahia360.com.br\/index.php?rest_route=\/wp\/v2\/posts\/129203","targetHints":{"allow":["GET"]}}],"collection":[{"href":"https:\/\/noticiasbahia360.com.br\/index.php?rest_route=\/wp\/v2\/posts"}],"about":[{"href":"https:\/\/noticiasbahia360.com.br\/index.php?rest_route=\/wp\/v2\/types\/post"}],"author":[{"embeddable":true,"href":"https:\/\/noticiasbahia360.com.br\/index.php?rest_route=\/wp\/v2\/users\/1"}],"replies":[{"embeddable":true,"href":"https:\/\/noticiasbahia360.com.br\/index.php?rest_route=%2Fwp%2Fv2%2Fcomments&post=129203"}],"version-history":[{"count":0,"href":"https:\/\/noticiasbahia360.com.br\/index.php?rest_route=\/wp\/v2\/posts\/129203\/revisions"}],"wp:featuredmedia":[{"embeddable":true,"href":"https:\/\/noticiasbahia360.com.br\/index.php?rest_route=\/wp\/v2\/media\/129204"}],"wp:attachment":[{"href":"https:\/\/noticiasbahia360.com.br\/index.php?rest_route=%2Fwp%2Fv2%2Fmedia&parent=129203"}],"wp:term":[{"taxonomy":"category","embeddable":true,"href":"https:\/\/noticiasbahia360.com.br\/index.php?rest_route=%2Fwp%2Fv2%2Fcategories&post=129203"},{"taxonomy":"post_tag","embeddable":true,"href":"https:\/\/noticiasbahia360.com.br\/index.php?rest_route=%2Fwp%2Fv2%2Ftags&post=129203"}],"curies":[{"name":"wp","href":"https:\/\/api.w.org\/{rel}","templated":true}]}} 