{"id":129205,"date":"2026-05-01T14:31:14","date_gmt":"2026-05-01T17:31:14","guid":{"rendered":"https:\/\/noticiasbahia360.com.br\/?p=129205"},"modified":"2026-05-01T14:31:14","modified_gmt":"2026-05-01T17:31:14","slug":"investigado-por-morte-na-br-101-e-preso-pela-policia-civil-em-conceicao-do-jacuipe","status":"publish","type":"post","link":"https:\/\/noticiasbahia360.com.br\/?p=129205","title":{"rendered":"Investigado por morte na BR-101 \u00e9 preso pela Pol\u00edcia Civil em Concei\u00e7\u00e3o do Jacu\u00edpe"},"content":{"rendered":"<div>\n<div>\n<figure><img decoding=\"async\" src=\"http:\/\/noticiasbahia360.com.br\/wp-content\/uploads\/2026\/05\/Conceicao-do-Jacuipe-BA083.webp\" alt=\"BA-084 ser\u00e1 interditada para servi\u00e7o de drenagem em Concei\u00e7\u00e3o do Jacu\u00edpe nesta quinta (22)\"><figcaption>Foto: Prefeitura Municipal de Concei\u00e7\u00e3o do Jacu\u00edpe<\/figcaption><\/figure>\n<\/div>\n<p>Um homem, de 24 anos, investigado por <a href=\"https:\/\/www.acordacidade.com.br\/wp-content\/uploads\/2026\/02\/homicidio-.webp\" type=\"attachment\" id=\"631272\">homic\u00eddio<\/a> qualificado no munic\u00edpio de Concei\u00e7\u00e3o do Jacu\u00edpe, foi preso pela Pol\u00edcia Civil da Bahia nesta quinta-feira (30). O suspeito se apresentou na sede da Delegacia Territorial (DT) do munic\u00edpio, acompanhado de um advogado, onde teve o mandado cumprido.<\/p>\n<p>As investiga\u00e7\u00f5es apontam que o crime ocorreu no dia 15 de mar\u00e7o de 2026, na BR-101, naquele munic\u00edpio. O corpo de Joalisson Santos dos Anjos, de 28 anos, foi localizado com perfura\u00e7\u00f5es provocadas por disparos de arma de fogo e les\u00f5es compat\u00edveis com objeto contundente.<\/p>\n<p>Ap\u00f3s o cumprimento da ordem judicial, expedida pela Vara Crime da Comarca de Concei\u00e7\u00e3o do Jacu\u00edpe, o suspeito foi encaminhado \u00e0 unidade policial, passou pelos exames de praxe no Departamento de Pol\u00edcia T\u00e9cnica (DPT) e permanece \u00e0 disposi\u00e7\u00e3o da Justi\u00e7a.<\/p>\n<p><em>Siga o Acorda Cidade no<\/em><a href=\"https:\/\/news.google.com\/search?q=acorda%20cidade&amp;hl=pt-BR&amp;gl=BR&amp;ceid=BR%3Apt-419\"><strong><em>\u00a0Google Not\u00edcias<\/em><\/strong><\/a><em>\u00a0e receba os principais destaques do dia. Participe tamb\u00e9m dos nossos canais no\u00a0<\/em><a href=\"https:\/\/www.whatsapp.com\/channel\/0029Va6Rb4v3WHTNnsh8WI3N\"><strong><em>WhatsApp<\/em><\/strong><\/a><em>\u00a0e\u00a0<\/em><a href=\"https:\/\/www.youtube.com\/@acordacidadenoticias\/videos\"><strong>YouTube<\/strong><\/a><em>\u00a0e grupo de\u00a0<\/em><a href=\"https:\/\/t.me\/+sSz0khrgARA0ZmRh\"><strong><em>Telegram<\/em><\/strong><\/a><em>.<\/em><\/p>\n<\/div>\n","protected":false},"excerpt":{"rendered":"<div>\n<div>\n<figure><img decoding=\"async\" src=\"https:\/\/www.acordacidade.com.br\/wp-content\/uploads\/2026\/01\/Conceicao-do-Jacuipe-BA083.webp\" alt=\"BA-084 ser\u00e1 interditada para servi\u00e7o de drenagem em Concei\u00e7\u00e3o do Jacu\u00edpe nesta quinta (22)\"><figcaption>Foto: Prefeitura Municipal de Concei\u00e7\u00e3o do Jacu\u00edpe<\/figcaption><\/figure>\n<\/div>\n<p>As investiga\u00e7\u00f5es apontam que o crime ocorreu no dia 15 de mar\u00e7o de 2026, na BR-101, em Concei\u00e7\u00e3o do Jacu\u00edpe.<\/p><\/div>\n","protected":false},"author":1,"featured_media":129206,"comment_status":"closed","ping_status":"closed","sticky":false,"template":"","format":"gallery","meta":{"footnotes":""},"categories":[8,9,6,57,56,10],"tags":[],"class_list":["post-129205","post","type-post","status-publish","format-gallery","has-post-thumbnail","hentry","category-bahia","category-brasil","category-feira-de-santana","category-mundo","category-policia","category-politica","post_format-post-format-gallery"],"featured_image_urls":{"full":["https:\/\/noticiasbahia360.com.br\/wp-content\/uploads\/2026\/05\/Conceicao-do-Jacuipe-BA083.webp",1200,690,false],"thumbnail":["https:\/\/noticiasbahia360.com.br\/wp-content\/uploads\/2026\/05\/Conceicao-do-Jacuipe-BA083-150x150.webp",150,150,true],"medium":["https:\/\/noticiasbahia360.com.br\/wp-content\/uploads\/2026\/05\/Conceicao-do-Jacuipe-BA083-300x173.webp",300,173,true],"medium_large":["https:\/\/noticiasbahia360.com.br\/wp-content\/uploads\/2026\/05\/Conceicao-do-Jacuipe-BA083-768x442.webp",640,368,true],"large":["https:\/\/noticiasbahia360.com.br\/wp-content\/uploads\/2026\/05\/Conceicao-do-Jacuipe-BA083-1024x589.webp",640,368,true],"1536x1536":["https:\/\/noticiasbahia360.com.br\/wp-content\/uploads\/2026\/05\/Conceicao-do-Jacuipe-BA083.webp",1200,690,false],"2048x2048":["https:\/\/noticiasbahia360.com.br\/wp-content\/uploads\/2026\/05\/Conceicao-do-Jacuipe-BA083.webp",1200,690,false],"chromenews-featured":["https:\/\/noticiasbahia360.com.br\/wp-content\/uploads\/2026\/05\/Conceicao-do-Jacuipe-BA083-1024x589.webp",1024,589,true],"chromenews-large":["https:\/\/noticiasbahia360.com.br\/wp-content\/uploads\/2026\/05\/Conceicao-do-Jacuipe-BA083-825x575.webp",825,575,true],"chromenews-medium":["https:\/\/noticiasbahia360.com.br\/wp-content\/uploads\/2026\/05\/Conceicao-do-Jacuipe-BA083-590x410.webp",590,410,true]},"author_info":{"display_name":"noticiasbahia360.com.br","author_link":"https:\/\/noticiasbahia360.com.br\/?author=1"},"category_info":"<a href=\"https:\/\/noticiasbahia360.com.br\/?cat=8\" rel=\"category\">Bahia<\/a> <a href=\"https:\/\/noticiasbahia360.com.br\/?cat=9\" rel=\"category\">Brasil<\/a> <a href=\"https:\/\/noticiasbahia360.com.br\/?cat=6\" rel=\"category\">Feira de Santana<\/a> <a href=\"https:\/\/noticiasbahia360.com.br\/?cat=57\" rel=\"category\">Mundo<\/a> <a href=\"https:\/\/noticiasbahia360.com.br\/?cat=56\" rel=\"category\">Pol\u00edcia<\/a> <a href=\"https:\/\/noticiasbahia360.com.br\/?cat=10\" rel=\"category\">Pol\u00edtica<\/a>","tag_info":"Pol\u00edtica","comment_count":"0","_links":{"self":[{"href":"https:\/\/noticiasbahia360.com.br\/index.php?rest_route=\/wp\/v2\/posts\/129205","targetHints":{"allow":["GET"]}}],"collection":[{"href":"https:\/\/noticiasbahia360.com.br\/index.php?rest_route=\/wp\/v2\/posts"}],"about":[{"href":"https:\/\/noticiasbahia360.com.br\/index.php?rest_route=\/wp\/v2\/types\/post"}],"author":[{"embeddable":true,"href":"https:\/\/noticiasbahia360.com.br\/index.php?rest_route=\/wp\/v2\/users\/1"}],"replies":[{"embeddable":true,"href":"https:\/\/noticiasbahia360.com.br\/index.php?rest_route=%2Fwp%2Fv2%2Fcomments&post=129205"}],"version-history":[{"count":0,"href":"https:\/\/noticiasbahia360.com.br\/index.php?rest_route=\/wp\/v2\/posts\/129205\/revisions"}],"wp:featuredmedia":[{"embeddable":true,"href":"https:\/\/noticiasbahia360.com.br\/index.php?rest_route=\/wp\/v2\/media\/129206"}],"wp:attachment":[{"href":"https:\/\/noticiasbahia360.com.br\/index.php?rest_route=%2Fwp%2Fv2%2Fmedia&parent=129205"}],"wp:term":[{"taxonomy":"category","embeddable":true,"href":"https:\/\/noticiasbahia360.com.br\/index.php?rest_route=%2Fwp%2Fv2%2Fcategories&post=129205"},{"taxonomy":"post_tag","embeddable":true,"href":"https:\/\/noticiasbahia360.com.br\/index.php?rest_route=%2Fwp%2Fv2%2Ftags&post=129205"}],"curies":[{"name":"wp","href":"https:\/\/api.w.org\/{rel}","templated":true}]}} 