{"id":129209,"date":"2026-05-01T14:46:01","date_gmt":"2026-05-01T17:46:01","guid":{"rendered":"https:\/\/noticiasbahia360.com.br\/?p=129209"},"modified":"2026-05-01T14:46:01","modified_gmt":"2026-05-01T17:46:01","slug":"acidente-entre-quatro-veiculos-gera-incendio-e-interdita-br-116","status":"publish","type":"post","link":"https:\/\/noticiasbahia360.com.br\/?p=129209","title":{"rendered":"Acidente entre quatro ve\u00edculos gera inc\u00eandio e interdita BR-116"},"content":{"rendered":"<div>\n<div>\n<figure><img decoding=\"async\" src=\"http:\/\/noticiasbahia360.com.br\/wp-content\/uploads\/2026\/05\/acidente-BR116.webp\" alt=\"Acidente entre quatro ve\u00edculos gera inc\u00eandio e interdita BR-116\"><figcaption>Foto: Reprodu\u00e7\u00e3o<\/figcaption><\/figure>\n<\/div>\n<p>Um acidente envolvendo um caminh\u00e3o\u00a0carregado com produtos inflam\u00e1veis e uma carreta provocou a interdi\u00e7\u00e3o total\u00a0da Rodovia Santos Dumont (BR-116) nesta sexta-feira (1\u00ba). A colis\u00e3o ocorreu entre quatro ve\u00edculos ainda na altura do KM 714, no trecho pertencente ao munic\u00edpio de\u00a0Manoel Vitorino, na regi\u00e3o do M\u00e9dio Rio de Contas.<\/p>\n<p>De acordo com informa\u00e7\u00f5es, o impacto entre quatro\u00a0ve\u00edculos foi seguido de um inc\u00eandio nas proximidades da localidade conhecida como P\u00e9 de Umbu. At\u00e9 o fechamento desta edi\u00e7\u00e3o, n\u00e3o havia registros oficiais de v\u00edtimas decorrentes do acidente.<\/p>\n<p>A Pol\u00edcia Rodovi\u00e1ria Federal (PRF) foi acionada e trabalha no local para controlar o fluxo de ve\u00edculos e garantir a seguran\u00e7a na \u00e1rea. Devido \u00e0 interdi\u00e7\u00e3o completa da pista, um extenso congestionamento se formou na rodovia.\u00a0<\/p>\n<p>As autoridades de tr\u00e2nsito orientam que motoristas evitem o trecho enquanto as equipes trabalham no combate \u00e0s chamas e na avalia\u00e7\u00e3o da seguran\u00e7a da pista. Ainda n\u00e3o h\u00e1 previs\u00e3o para o in\u00edcio do processo de libera\u00e7\u00e3o da rodovia. A Pol\u00edcia Rodovi\u00e1ria Federal (PRF) foi acionada e trabalha no local para controlar o fluxo de ve\u00edculos.<\/p>\n<p><em>Fonte: <a href=\"https:\/\/www.bahianoticias.com.br\/municipios\/noticia\/50611-colisao-de-caminhao-de-carga-gera-incendio-e-provoca-interdicao-total-da-br-116-em-manoel-vitorino\" type=\"link\" id=\"https:\/\/www.bahianoticias.com.br\/municipios\/noticia\/50611-colisao-de-caminhao-de-carga-gera-incendio-e-provoca-interdicao-total-da-br-116-em-manoel-vitorino\" target=\"_blank\" rel=\"noreferrer noopener\">Bahia Not\u00edcias<\/a>, site parceiro do Acorda Cidade<\/em><\/p>\n<p><em>Siga o Acorda Cidade no<\/em><a href=\"https:\/\/news.google.com\/search?q=acorda%20cidade&amp;hl=pt-BR&amp;gl=BR&amp;ceid=BR%3Apt-419\"><strong><em>\u00a0Google Not\u00edcias<\/em><\/strong><\/a><em>\u00a0e receba os principais destaques do dia. Participe tamb\u00e9m dos nossos canais no\u00a0<\/em><a href=\"https:\/\/www.whatsapp.com\/channel\/0029Va6Rb4v3WHTNnsh8WI3N\"><strong><em>WhatsApp<\/em><\/strong><\/a><em>\u00a0e\u00a0<\/em><a href=\"https:\/\/www.youtube.com\/@acordacidadenoticias\/videos\"><strong>YouTube<\/strong><\/a><em>\u00a0e grupo de\u00a0<\/em><a href=\"https:\/\/t.me\/+sSz0khrgARA0ZmRh\"><strong><em>Telegram<\/em><\/strong><\/a><em>.<\/em><\/p>\n<\/div>\n","protected":false},"excerpt":{"rendered":"<div>\n<div>\n<figure><img decoding=\"async\" src=\"https:\/\/uploads.acordacidade.com.br\/2026\/05\/acidente-BR116.webp\" alt=\"Acidente entre quatro ve\u00edculos gera inc\u00eandio e interdita BR-116\"><figcaption>Foto: Reprodu\u00e7\u00e3o<\/figcaption><\/figure>\n<\/div>\n<p>At\u00e9 o fechamento desta edi\u00e7\u00e3o, n\u00e3o havia registros oficiais de v\u00edtimas decorrentes do acidente ocorrido nesta sexta (1\u00ba).<\/p><\/div>\n","protected":false},"author":1,"featured_media":129210,"comment_status":"closed","ping_status":"closed","sticky":false,"template":"","format":"gallery","meta":{"footnotes":""},"categories":[8,9,6,57,56,10],"tags":[],"class_list":["post-129209","post","type-post","status-publish","format-gallery","has-post-thumbnail","hentry","category-bahia","category-brasil","category-feira-de-santana","category-mundo","category-policia","category-politica","post_format-post-format-gallery"],"featured_image_urls":{"full":["https:\/\/noticiasbahia360.com.br\/wp-content\/uploads\/2026\/05\/acidente-BR116.webp",1200,630,false],"thumbnail":["https:\/\/noticiasbahia360.com.br\/wp-content\/uploads\/2026\/05\/acidente-BR116-150x150.webp",150,150,true],"medium":["https:\/\/noticiasbahia360.com.br\/wp-content\/uploads\/2026\/05\/acidente-BR116-300x158.webp",300,158,true],"medium_large":["https:\/\/noticiasbahia360.com.br\/wp-content\/uploads\/2026\/05\/acidente-BR116-768x403.webp",640,336,true],"large":["https:\/\/noticiasbahia360.com.br\/wp-content\/uploads\/2026\/05\/acidente-BR116-1024x538.webp",640,336,true],"1536x1536":["https:\/\/noticiasbahia360.com.br\/wp-content\/uploads\/2026\/05\/acidente-BR116.webp",1200,630,false],"2048x2048":["https:\/\/noticiasbahia360.com.br\/wp-content\/uploads\/2026\/05\/acidente-BR116.webp",1200,630,false],"chromenews-featured":["https:\/\/noticiasbahia360.com.br\/wp-content\/uploads\/2026\/05\/acidente-BR116-1024x538.webp",1024,538,true],"chromenews-large":["https:\/\/noticiasbahia360.com.br\/wp-content\/uploads\/2026\/05\/acidente-BR116-825x575.webp",825,575,true],"chromenews-medium":["https:\/\/noticiasbahia360.com.br\/wp-content\/uploads\/2026\/05\/acidente-BR116-590x410.webp",590,410,true]},"author_info":{"display_name":"noticiasbahia360.com.br","author_link":"https:\/\/noticiasbahia360.com.br\/?author=1"},"category_info":"<a href=\"https:\/\/noticiasbahia360.com.br\/?cat=8\" rel=\"category\">Bahia<\/a> <a href=\"https:\/\/noticiasbahia360.com.br\/?cat=9\" rel=\"category\">Brasil<\/a> <a href=\"https:\/\/noticiasbahia360.com.br\/?cat=6\" rel=\"category\">Feira de Santana<\/a> <a href=\"https:\/\/noticiasbahia360.com.br\/?cat=57\" rel=\"category\">Mundo<\/a> <a href=\"https:\/\/noticiasbahia360.com.br\/?cat=56\" rel=\"category\">Pol\u00edcia<\/a> <a href=\"https:\/\/noticiasbahia360.com.br\/?cat=10\" rel=\"category\">Pol\u00edtica<\/a>","tag_info":"Pol\u00edtica","comment_count":"0","_links":{"self":[{"href":"https:\/\/noticiasbahia360.com.br\/index.php?rest_route=\/wp\/v2\/posts\/129209","targetHints":{"allow":["GET"]}}],"collection":[{"href":"https:\/\/noticiasbahia360.com.br\/index.php?rest_route=\/wp\/v2\/posts"}],"about":[{"href":"https:\/\/noticiasbahia360.com.br\/index.php?rest_route=\/wp\/v2\/types\/post"}],"author":[{"embeddable":true,"href":"https:\/\/noticiasbahia360.com.br\/index.php?rest_route=\/wp\/v2\/users\/1"}],"replies":[{"embeddable":true,"href":"https:\/\/noticiasbahia360.com.br\/index.php?rest_route=%2Fwp%2Fv2%2Fcomments&post=129209"}],"version-history":[{"count":0,"href":"https:\/\/noticiasbahia360.com.br\/index.php?rest_route=\/wp\/v2\/posts\/129209\/revisions"}],"wp:featuredmedia":[{"embeddable":true,"href":"https:\/\/noticiasbahia360.com.br\/index.php?rest_route=\/wp\/v2\/media\/129210"}],"wp:attachment":[{"href":"https:\/\/noticiasbahia360.com.br\/index.php?rest_route=%2Fwp%2Fv2%2Fmedia&parent=129209"}],"wp:term":[{"taxonomy":"category","embeddable":true,"href":"https:\/\/noticiasbahia360.com.br\/index.php?rest_route=%2Fwp%2Fv2%2Fcategories&post=129209"},{"taxonomy":"post_tag","embeddable":true,"href":"https:\/\/noticiasbahia360.com.br\/index.php?rest_route=%2Fwp%2Fv2%2Ftags&post=129209"}],"curies":[{"name":"wp","href":"https:\/\/api.w.org\/{rel}","templated":true}]}}