{"id":129211,"date":"2026-05-01T14:55:58","date_gmt":"2026-05-01T17:55:58","guid":{"rendered":"https:\/\/noticiasbahia360.com.br\/?p=129211"},"modified":"2026-05-01T14:55:58","modified_gmt":"2026-05-01T17:55:58","slug":"menino-de-11-anos-morre-apos-tiroteio-durante-acao-policial-em-salvador","status":"publish","type":"post","link":"https:\/\/noticiasbahia360.com.br\/?p=129211","title":{"rendered":"Menino de 11 anos morre ap\u00f3s tiroteio durante a\u00e7\u00e3o policial em Salvador"},"content":{"rendered":"<div>\n<div>\n<figure><img decoding=\"async\" src=\"http:\/\/noticiasbahia360.com.br\/wp-content\/uploads\/2026\/05\/Menino-de-11-anos-morre-apos-tiroteio-durante-acao-policial-em-Salvador.webp\" alt=\"Menino de 11 anos morre ap\u00f3s tiroteio durante a\u00e7\u00e3o policial em Salvador\"><figcaption>Foto: Reprodu\u00e7\u00e3o\/Redes Sociais<\/figcaption><\/figure>\n<\/div>\n<p>Uma crian\u00e7a de 11 anos morreu a tia dele ficou ferida ap\u00f3s a casa em que eles estavam ser invadida por homens armados, na madrugada desta sexta-feira (1\u00b0), no bairro do Engenho Velho da Federa\u00e7\u00e3o, em\u00a0<a class=\"\" href=\"https:\/\/g1.globo.com\/ba\/bahia\/cidade\/salvador\/\">Salvador<\/a>. De acordo com a Pol\u00edcia Civil, o caso aconteceu durante uma troca de tiros entre o grupo criminoso e policiais militares.<\/p>\n<p>A v\u00edtima que morreu foi identificada como\u00a0<strong>Davi Luiz de Jesus Ribeiro<\/strong>. O garoto estava com a tia, que foi atingida no bra\u00e7o e est\u00e1 internada no Hospital Geral do Estado (HGE). O estado de sa\u00fade dela \u00e9 est\u00e1vel. Um primo da crian\u00e7a, de apenas 5 anos, tamb\u00e9m estava no im\u00f3vel, mas n\u00e3o foi baleado.<\/p>\n<p>O Departamento de Homic\u00eddios e Prote\u00e7\u00e3o \u00e0 Pessoa (DHPP) vai investigar as circunst\u00e2ncias dos disparos, a fim de esclarecer de onde partiram os tiros que atingiram as v\u00edtimas.<\/p>\n<p>De acordo com a Pol\u00edcia Militar, a situa\u00e7\u00e3o aconteceu por volta de 0h30, quando os policiais militares faziam rondas na localidade conhecida como Lajinha.<a href=\"https:\/\/globoplay.globo.com\/categorias\/lollapalooza\/?origemId=1779&amp;utm_source=g1&amp;utm_medium=tapume&amp;utm_campaign=aq-org_g1_conteudo_up_perf_banner_web_tier2_live_lolla-24&amp;utm_content=banner&amp;utm_term=tapume-g1-assista\"><\/a><\/p>\n<p>Os agentes teriam encontrado homens armados vendendo drogas e houve um primeiro confronto. Dois dos suspeitos foram atingidos, socorridos e levados para o HGE, mas n\u00e3o resistiram aos ferimentos. Um outro foi preso.<\/p>\n<p>Com eles foram encontradas tr\u00eas pistolas, uma delas com numera\u00e7\u00e3o suprimida, muni\u00e7\u00f5es, drogas, dinheiro e celulares.<\/p>\n<p>A PM informou que, durante a persegui\u00e7\u00e3o, um homem invadiu a casa da fam\u00edlia de Davi atirando nos policiais. Neste momento, o menino e a tia dele teriam sido atingidos.<\/p>\n<p>\u201cEu s\u00f3 lamento pelo Davi, que era um menino de bem, de ouro. Chegou na capoeira com muito talento, fazendo muita coisa boa. Fico impressionado com o jeito que a pol\u00edcia entra no bairro\u201d, lamentou Luiz Cl\u00e1udio, professor de capoeira do garoto.<\/p>\n<blockquote class=\"wp-block-quote is-layout-flow wp-block-quote-is-layout-flow\">\n<p>\u201cEsse menino [Davi] tirou um tiro de frente. Ele esbo\u00e7ou rea\u00e7\u00e3o? Ser\u00e1? Dentro de casa? E agora? Ser\u00e1 que vai voltar? \u201c, indagou, de forma ret\u00f3rica.<\/p>\n<\/blockquote>\n<p>A TV Bahia apurou que um dos suspeitos mortos foi identificado como\u00a0<strong>Maverique Souza da Silva<\/strong>, conhecido como\u00a0<strong>\u201cMavi\u201d<\/strong>, apontado como chefe do tr\u00e1fico de drogas na comunidade de \u201cLajinha\u201d.<\/p>\n<p>Ap\u00f3s os confrontos, o policiamento foi refor\u00e7ado no bairro. Por volta das 8h30, moradores bloquearam um trecho da Avenida Vasco da Gama, uma das principais de Salvador, em protesto. No entanto, a via j\u00e1 foi liberada ap\u00f3s negocia\u00e7\u00e3o com os policiais.<\/p>\n<h2 class=\"wp-block-heading\" id=\"h-confira-a-integra-da-nota-da-policia-militar\">Confira a \u00edntegra da nota da Pol\u00edcia Militar<\/h2>\n<p><em>\u201cA Pol\u00edcia Militar da Bahia (PM-BA) informa que, na madrugada desta sexta-feira (30), equipes do Batalh\u00e3o de Patrulhamento T\u00e1tico M\u00f3vel (BPatamo), em atua\u00e7\u00e3o integrada com unidades do Comando de Policiamento de Miss\u00f5es Especiais (CPME), realizavam patrulhamento na localidade conhecida como Lajinha, no bairro Engenho Velho da Federa\u00e7\u00e3o, em Salvador, quando foram alvo de disparos de arma de fogo efetuados por indiv\u00edduos armados, que, em seguida, fugiram por resid\u00eancias da \u00e1rea.<\/em><\/p>\n<p><em>Durante a progress\u00e3o t\u00e1tica e varredura nos im\u00f3veis, houve novos confrontos. Ao t\u00e9rmino das a\u00e7\u00f5es, dois indiv\u00edduos foram localizados feridos, ap\u00f3s resist\u00eancia armada, e um terceiro foi preso, todos em posse de armas de fogo, sendo os feridos imediatamente socorridos ao Hospital Geral do Estado (HGE).<\/em><\/p>\n<p><em>No decorrer da ocorr\u00eancia, foram apreendidas tr\u00eas pistolas (calibres .380 e 9mm, incluindo uma com numera\u00e7\u00e3o suprimida), carregador e muni\u00e7\u00f5es, al\u00e9m de drogas (coca\u00edna e maconha) acondicionadas para comercializa\u00e7\u00e3o, valores em esp\u00e9cie, aparelhos celulares e outros materiais associados \u00e0 atividade criminosa.<\/em><\/p>\n<p><em>Ainda durante a interven\u00e7\u00e3o, um dos suspeitos adentrou uma resid\u00eancia efetuando disparos, ocasi\u00e3o em que uma mulher e uma crian\u00e7a foram atingidos, sendo ambos prontamente socorridos pelas guarni\u00e7\u00f5es.<\/em><\/p>\n<p><em>Diante da resist\u00eancia apresentada e da possibilidade de haver ref\u00e9ns no im\u00f3vel, foi acionado o Batalh\u00e3o de Opera\u00e7\u00f5es Policiais Especiais (Bope), que realizou a estabiliza\u00e7\u00e3o do cen\u00e1rio e a varredura final do im\u00f3vel.<\/em><\/p>\n<p><em>Todo o material apreendido e o indiv\u00edduo preso foram apresentados no Departamento de Homic\u00eddios e Prote\u00e7\u00e3o \u00e0 Pessoa (DHPP), onde a ocorr\u00eancia foi formalizada. As circunst\u00e2ncias do fato ser\u00e3o apuradas pelos \u00f3rg\u00e3os competentes.<\/em><\/p>\n<p><em>A Pol\u00edcia Militar da Bahia lamenta profundamente o falecimento da crian\u00e7a atingida durante o epis\u00f3dio e informa que a outra v\u00edtima foi submetida a procedimento cir\u00fargico, permanecendo sob acompanhamento m\u00e9dico.<\/em><\/p>\n<p><em>A corpora\u00e7\u00e3o se solidariza com os familiares e reafirma seu compromisso com a preserva\u00e7\u00e3o da vida, a legalidade e a transpar\u00eancia na condu\u00e7\u00e3o de suas a\u00e7\u00f5es\u201d.<\/em><\/p>\n<p><em>Fonte: g1<\/em><\/p>\n<p><em>Siga o Acorda Cidade no<\/em><a href=\"https:\/\/news.google.com\/search?q=acorda%20cidade&amp;hl=pt-BR&amp;gl=BR&amp;ceid=BR%3Apt-419\"><strong><em>\u00a0Google Not\u00edcias<\/em><\/strong><\/a><em>\u00a0e receba os principais destaques do dia. Participe tamb\u00e9m dos nossos canais no\u00a0<\/em><a href=\"https:\/\/www.whatsapp.com\/channel\/0029Va6Rb4v3WHTNnsh8WI3N\"><strong><em>WhatsApp<\/em><\/strong><\/a><em>\u00a0e\u00a0<\/em><a href=\"https:\/\/www.youtube.com\/@acordacidadenoticias\/videos\"><strong>YouTube<\/strong><\/a><em>\u00a0e grupo de\u00a0<\/em><a href=\"https:\/\/t.me\/+sSz0khrgARA0ZmRh\"><strong><em>Telegram<\/em><\/strong><\/a><em>.<\/em><\/p>\n<\/div>\n","protected":false},"excerpt":{"rendered":"<div>\n<div>\n<figure><img decoding=\"async\" src=\"https:\/\/uploads.acordacidade.com.br\/2026\/05\/Menino-de-11-anos-morre-apos-tiroteio-durante-acao-policial-em-Salvador.webp\" alt=\"Menino de 11 anos morre ap\u00f3s tiroteio durante a\u00e7\u00e3o policial em Salvador\"><figcaption>Foto: Reprodu\u00e7\u00e3o\/Redes Sociais<\/figcaption><\/figure>\n<\/div>\n<p>A v\u00edtima que morreu foi identificada como\u00a0Davi Luiz de Jesus Ribeiro. O garoto estava com a tia, que foi atingida no bra\u00e7o.<\/p><\/div>\n","protected":false},"author":1,"featured_media":129212,"comment_status":"closed","ping_status":"closed","sticky":false,"template":"","format":"gallery","meta":{"footnotes":""},"categories":[8,9,6,57,56,10],"tags":[],"class_list":["post-129211","post","type-post","status-publish","format-gallery","has-post-thumbnail","hentry","category-bahia","category-brasil","category-feira-de-santana","category-mundo","category-policia","category-politica","post_format-post-format-gallery"],"featured_image_urls":{"full":["https:\/\/noticiasbahia360.com.br\/wp-content\/uploads\/2026\/05\/Menino-de-11-anos-morre-apos-tiroteio-durante-acao-policial-em-Salvador.webp",1200,750,false],"thumbnail":["https:\/\/noticiasbahia360.com.br\/wp-content\/uploads\/2026\/05\/Menino-de-11-anos-morre-apos-tiroteio-durante-acao-policial-em-Salvador-150x150.webp",150,150,true],"medium":["https:\/\/noticiasbahia360.com.br\/wp-content\/uploads\/2026\/05\/Menino-de-11-anos-morre-apos-tiroteio-durante-acao-policial-em-Salvador-300x188.webp",300,188,true],"medium_large":["https:\/\/noticiasbahia360.com.br\/wp-content\/uploads\/2026\/05\/Menino-de-11-anos-morre-apos-tiroteio-durante-acao-policial-em-Salvador-768x480.webp",640,400,true],"large":["https:\/\/noticiasbahia360.com.br\/wp-content\/uploads\/2026\/05\/Menino-de-11-anos-morre-apos-tiroteio-durante-acao-policial-em-Salvador-1024x640.webp",640,400,true],"1536x1536":["https:\/\/noticiasbahia360.com.br\/wp-content\/uploads\/2026\/05\/Menino-de-11-anos-morre-apos-tiroteio-durante-acao-policial-em-Salvador.webp",1200,750,false],"2048x2048":["https:\/\/noticiasbahia360.com.br\/wp-content\/uploads\/2026\/05\/Menino-de-11-anos-morre-apos-tiroteio-durante-acao-policial-em-Salvador.webp",1200,750,false],"chromenews-featured":["https:\/\/noticiasbahia360.com.br\/wp-content\/uploads\/2026\/05\/Menino-de-11-anos-morre-apos-tiroteio-durante-acao-policial-em-Salvador-1024x640.webp",1024,640,true],"chromenews-large":["https:\/\/noticiasbahia360.com.br\/wp-content\/uploads\/2026\/05\/Menino-de-11-anos-morre-apos-tiroteio-durante-acao-policial-em-Salvador-825x575.webp",825,575,true],"chromenews-medium":["https:\/\/noticiasbahia360.com.br\/wp-content\/uploads\/2026\/05\/Menino-de-11-anos-morre-apos-tiroteio-durante-acao-policial-em-Salvador-590x410.webp",590,410,true]},"author_info":{"display_name":"noticiasbahia360.com.br","author_link":"https:\/\/noticiasbahia360.com.br\/?author=1"},"category_info":"<a href=\"https:\/\/noticiasbahia360.com.br\/?cat=8\" rel=\"category\">Bahia<\/a> <a href=\"https:\/\/noticiasbahia360.com.br\/?cat=9\" rel=\"category\">Brasil<\/a> <a href=\"https:\/\/noticiasbahia360.com.br\/?cat=6\" rel=\"category\">Feira de Santana<\/a> <a href=\"https:\/\/noticiasbahia360.com.br\/?cat=57\" rel=\"category\">Mundo<\/a> <a href=\"https:\/\/noticiasbahia360.com.br\/?cat=56\" rel=\"category\">Pol\u00edcia<\/a> <a href=\"https:\/\/noticiasbahia360.com.br\/?cat=10\" rel=\"category\">Pol\u00edtica<\/a>","tag_info":"Pol\u00edtica","comment_count":"0","_links":{"self":[{"href":"https:\/\/noticiasbahia360.com.br\/index.php?rest_route=\/wp\/v2\/posts\/129211","targetHints":{"allow":["GET"]}}],"collection":[{"href":"https:\/\/noticiasbahia360.com.br\/index.php?rest_route=\/wp\/v2\/posts"}],"about":[{"href":"https:\/\/noticiasbahia360.com.br\/index.php?rest_route=\/wp\/v2\/types\/post"}],"author":[{"embeddable":true,"href":"https:\/\/noticiasbahia360.com.br\/index.php?rest_route=\/wp\/v2\/users\/1"}],"replies":[{"embeddable":true,"href":"https:\/\/noticiasbahia360.com.br\/index.php?rest_route=%2Fwp%2Fv2%2Fcomments&post=129211"}],"version-history":[{"count":0,"href":"https:\/\/noticiasbahia360.com.br\/index.php?rest_route=\/wp\/v2\/posts\/129211\/revisions"}],"wp:featuredmedia":[{"embeddable":true,"href":"https:\/\/noticiasbahia360.com.br\/index.php?rest_route=\/wp\/v2\/media\/129212"}],"wp:attachment":[{"href":"https:\/\/noticiasbahia360.com.br\/index.php?rest_route=%2Fwp%2Fv2%2Fmedia&parent=129211"}],"wp:term":[{"taxonomy":"category","embeddable":true,"href":"https:\/\/noticiasbahia360.com.br\/index.php?rest_route=%2Fwp%2Fv2%2Fcategories&post=129211"},{"taxonomy":"post_tag","embeddable":true,"href":"https:\/\/noticiasbahia360.com.br\/index.php?rest_route=%2Fwp%2Fv2%2Ftags&post=129211"}],"curies":[{"name":"wp","href":"https:\/\/api.w.org\/{rel}","templated":true}]}} 