{"id":129213,"date":"2026-05-01T15:11:13","date_gmt":"2026-05-01T18:11:13","guid":{"rendered":"https:\/\/noticiasbahia360.com.br\/?p=129213"},"modified":"2026-05-01T15:11:13","modified_gmt":"2026-05-01T18:11:13","slug":"governador-se-pronuncia-apos-morte-de-crianca-de-11-anos-em-acao-policial-em-salvador","status":"publish","type":"post","link":"https:\/\/noticiasbahia360.com.br\/?p=129213","title":{"rendered":"Governador se pronuncia ap\u00f3s morte de crian\u00e7a de 11 anos em a\u00e7\u00e3o policial em Salvador"},"content":{"rendered":"<div>\n<div>\n<figure><img decoding=\"async\" src=\"http:\/\/noticiasbahia360.com.br\/wp-content\/uploads\/2026\/05\/Governador-Jeronimo-Rodrigues-Foto-Joa-Souza-GOVBA-211125.jpg\" alt=\"Governador Jer\u00f4nimo Rodrigues intensifica assist\u00eancia do Estado aos munic\u00edpios atingidos pelas fortes chuvas\"><figcaption>Governador Jer\u00f4nimo Rodrigues | Foto: Jo\u00e1 Souza\/ GOVBA<\/figcaption><\/figure>\n<\/div>\n<p>O governador Jer\u00f4nimo Rodrigues (PT) manifestou pesar\u00a0pela <a href=\"https:\/\/www.acordacidade.com.br\/policia\/menino-de-11-anos-morre-apos-tiroteio-durante-acao-policial-em-salvador\/\" type=\"link\" id=\"https:\/\/www.acordacidade.com.br\/policia\/menino-de-11-anos-morre-apos-tiroteio-durante-acao-policial-em-salvador\/\">morte de uma crian\u00e7a de 11 anos durante uma opera\u00e7\u00e3o policial no bairro Engenho Velho da Federa\u00e7\u00e3o<\/a>, em Salvador, na madrugada desta sexta-feira (1\u00ba). Em publica\u00e7\u00e3o nas redes sociais, ele afirmou que o caso ser\u00e1 apurado com rigor.<\/p>\n<figure class=\"wp-block-image size-full\"><img fetchpriority=\"high\" fetchpriority=\"high\" decoding=\"async\" width=\"1200\" height=\"750\" src=\"http:\/\/noticiasbahia360.com.br\/wp-content\/uploads\/2026\/05\/Menino-de-11-anos-morre-apos-tiroteio-durante-acao-policial-em-Salvador-1.webp\" alt=\"Menino de 11 anos morre ap\u00f3s tiroteio durante a\u00e7\u00e3o policial em Salvador\" class=\"wp-image-651614\" srcset=\"http:\/\/noticiasbahia360.com.br\/wp-content\/uploads\/2026\/05\/Menino-de-11-anos-morre-apos-tiroteio-durante-acao-policial-em-Salvador-1.webp 1200w, https:\/\/uploads.acordacidade.com.br\/2026\/05\/Menino-de-11-anos-morre-apos-tiroteio-durante-acao-policial-em-Salvador-750x469.webp 750w, https:\/\/uploads.acordacidade.com.br\/2026\/05\/Menino-de-11-anos-morre-apos-tiroteio-durante-acao-policial-em-Salvador-1000x625.webp 1000w, https:\/\/uploads.acordacidade.com.br\/2026\/05\/Menino-de-11-anos-morre-apos-tiroteio-durante-acao-policial-em-Salvador-450x281.webp 450w, https:\/\/uploads.acordacidade.com.br\/2026\/05\/Menino-de-11-anos-morre-apos-tiroteio-durante-acao-policial-em-Salvador-150x94.webp 150w\" sizes=\"(max-width: 1200px) 100vw, 1200px\"><figcaption class=\"wp-element-caption\">Foto: Reprodu\u00e7\u00e3o\/Redes Sociais<\/figcaption><\/figure>\n<p>\u201cRecebi com tristeza a informa\u00e7\u00e3o do que aconteceu no Engenho Velho da Federa\u00e7\u00e3o. Me solidarizo com a fam\u00edlia da crian\u00e7a que perdeu a vida e com sua tia, que segue em recupera\u00e7\u00e3o. Deixo aqui meu abra\u00e7o e todo o meu respeito nesse momento t\u00e3o dif\u00edcil\u201d, escreveu.<\/p>\n<blockquote class=\"twitter-tweet\" data-media-max-width=\"560\">\n<p lang=\"pt\" dir=\"ltr\">Recebi com tristeza a informa\u00e7\u00e3o do que aconteceu no Engenho Velho da Federa\u00e7\u00e3o. Me solidarizo com a fam\u00edlia da crian\u00e7a que perdeu a vida e com sua tia, que segue em recupera\u00e7\u00e3o. Deixo aqui meu abra\u00e7o e todo o meu respeito nesse momento t\u00e3o dif\u00edcil.<\/p>\n<p>Reafirmo que a atua\u00e7\u00e3o das\u2026<\/p>\n<p>\u2014 Jer\u00f4nimo Rodrigues (@Jeronimoba13) <a href=\"https:\/\/twitter.com\/Jeronimoba13\/status\/2050244533183459521?ref_src=twsrc%5Etfw\">May 1, 2026<\/a><\/p><\/blockquote>\n<p> <script async src=\"https:\/\/platform.twitter.com\/widgets.js\" charset=\"utf-8\"><\/script><\/p>\n<p>O governador tamb\u00e9m destacou que a atua\u00e7\u00e3o das for\u00e7as de seguran\u00e7a ser\u00e1 investigada. \u201cReafirmo que a atua\u00e7\u00e3o das nossas for\u00e7as de seguran\u00e7a \u00e9 conduzida com seriedade e compromisso com a preserva\u00e7\u00e3o da vida. Todas as circunst\u00e2ncias dessa ocorr\u00eancia ser\u00e3o apuradas com rigor e total transpar\u00eancia. Seguimos trabalhando para garantir seguran\u00e7a ao povo baiano, com respeito e responsabilidade\u201d, completou.<\/p>\n<p><em>Fonte: <a href=\"https:\/\/www.bahianoticias.com.br\/noticia\/316374-jeronimo-se-solidariza-com-morte-de-crianca-durante-operacao-policial-em-salvador-circunstancias-serao-apuradas\" type=\"link\" id=\"https:\/\/www.bahianoticias.com.br\/noticia\/316374-jeronimo-se-solidariza-com-morte-de-crianca-durante-operacao-policial-em-salvador-circunstancias-serao-apuradas\">Bahia Not\u00edcias<\/a>, site parceiro do Acorda Cidade<\/em><\/p>\n<p><strong>Leia tamb\u00e9m: <a href=\"https:\/\/www.acordacidade.com.br\/policia\/menino-de-11-anos-morre-apos-tiroteio-durante-acao-policial-em-salvador\/\" type=\"link\" id=\"https:\/\/www.acordacidade.com.br\/policia\/menino-de-11-anos-morre-apos-tiroteio-durante-acao-policial-em-salvador\/\">Crian\u00e7a de 11 anos morre ap\u00f3s tiroteio durante a\u00e7\u00e3o policial em Salvador; tia tamb\u00e9m foi baleada<\/a><\/strong><\/p>\n<p><em>Siga o Acorda Cidade no<\/em><a href=\"https:\/\/news.google.com\/search?q=acorda%20cidade&amp;hl=pt-BR&amp;gl=BR&amp;ceid=BR%3Apt-419\"><strong><em>\u00a0Google Not\u00edcias<\/em><\/strong><\/a><em>\u00a0e receba os principais destaques do dia. Participe tamb\u00e9m dos nossos canais no\u00a0<\/em><a href=\"https:\/\/www.whatsapp.com\/channel\/0029Va6Rb4v3WHTNnsh8WI3N\"><strong><em>WhatsApp<\/em><\/strong><\/a><em>\u00a0e\u00a0<\/em><a href=\"https:\/\/www.youtube.com\/@acordacidadenoticias\/videos\"><strong>YouTube<\/strong><\/a><em>\u00a0e grupo de\u00a0<\/em><a href=\"https:\/\/t.me\/+sSz0khrgARA0ZmRh\"><strong><em>Telegram<\/em><\/strong><\/a><em>.<\/em><\/p>\n<\/div>\n","protected":false},"excerpt":{"rendered":"<div>\n<div>\n<figure><img decoding=\"async\" src=\"https:\/\/www.acordacidade.com.br\/wp-content\/uploads\/2025\/11\/Governador-Jeronimo-Rodrigues-Foto-Joa-Souza-GOVBA-211125.jpg\" alt=\"Governador Jer\u00f4nimo Rodrigues intensifica assist\u00eancia do Estado aos munic\u00edpios atingidos pelas fortes chuvas\"><figcaption>Governador Jer\u00f4nimo Rodrigues | Foto: Jo\u00e1 Souza\/ GOVBA<\/figcaption><\/figure>\n<\/div>\n<p>\u201cRecebi com tristeza. Me solidarizo com a fam\u00edlia da crian\u00e7a que perdeu a vida e com sua tia\u201d, disse o governador.<\/p><\/div>\n","protected":false},"author":1,"featured_media":129214,"comment_status":"closed","ping_status":"closed","sticky":false,"template":"","format":"gallery","meta":{"footnotes":""},"categories":[8,9,6,57,56,10],"tags":[],"class_list":["post-129213","post","type-post","status-publish","format-gallery","has-post-thumbnail","hentry","category-bahia","category-brasil","category-feira-de-santana","category-mundo","category-policia","category-politica","post_format-post-format-gallery"],"featured_image_urls":{"full":["https:\/\/noticiasbahia360.com.br\/wp-content\/uploads\/2026\/05\/Governador-Jeronimo-Rodrigues-Foto-Joa-Souza-GOVBA-211125.jpg",1200,724,false],"thumbnail":["https:\/\/noticiasbahia360.com.br\/wp-content\/uploads\/2026\/05\/Governador-Jeronimo-Rodrigues-Foto-Joa-Souza-GOVBA-211125-150x150.jpg",150,150,true],"medium":["https:\/\/noticiasbahia360.com.br\/wp-content\/uploads\/2026\/05\/Governador-Jeronimo-Rodrigues-Foto-Joa-Souza-GOVBA-211125-300x181.jpg",300,181,true],"medium_large":["https:\/\/noticiasbahia360.com.br\/wp-content\/uploads\/2026\/05\/Governador-Jeronimo-Rodrigues-Foto-Joa-Souza-GOVBA-211125-768x463.jpg",640,386,true],"large":["https:\/\/noticiasbahia360.com.br\/wp-content\/uploads\/2026\/05\/Governador-Jeronimo-Rodrigues-Foto-Joa-Souza-GOVBA-211125-1024x618.jpg",640,386,true],"1536x1536":["https:\/\/noticiasbahia360.com.br\/wp-content\/uploads\/2026\/05\/Governador-Jeronimo-Rodrigues-Foto-Joa-Souza-GOVBA-211125.jpg",1200,724,false],"2048x2048":["https:\/\/noticiasbahia360.com.br\/wp-content\/uploads\/2026\/05\/Governador-Jeronimo-Rodrigues-Foto-Joa-Souza-GOVBA-211125.jpg",1200,724,false],"chromenews-featured":["https:\/\/noticiasbahia360.com.br\/wp-content\/uploads\/2026\/05\/Governador-Jeronimo-Rodrigues-Foto-Joa-Souza-GOVBA-211125-1024x618.jpg",1024,618,true],"chromenews-large":["https:\/\/noticiasbahia360.com.br\/wp-content\/uploads\/2026\/05\/Governador-Jeronimo-Rodrigues-Foto-Joa-Souza-GOVBA-211125-825x575.jpg",825,575,true],"chromenews-medium":["https:\/\/noticiasbahia360.com.br\/wp-content\/uploads\/2026\/05\/Governador-Jeronimo-Rodrigues-Foto-Joa-Souza-GOVBA-211125-590x410.jpg",590,410,true]},"author_info":{"display_name":"noticiasbahia360.com.br","author_link":"https:\/\/noticiasbahia360.com.br\/?author=1"},"category_info":"<a href=\"https:\/\/noticiasbahia360.com.br\/?cat=8\" rel=\"category\">Bahia<\/a> <a href=\"https:\/\/noticiasbahia360.com.br\/?cat=9\" rel=\"category\">Brasil<\/a> <a href=\"https:\/\/noticiasbahia360.com.br\/?cat=6\" rel=\"category\">Feira de Santana<\/a> <a href=\"https:\/\/noticiasbahia360.com.br\/?cat=57\" rel=\"category\">Mundo<\/a> <a href=\"https:\/\/noticiasbahia360.com.br\/?cat=56\" rel=\"category\">Pol\u00edcia<\/a> <a href=\"https:\/\/noticiasbahia360.com.br\/?cat=10\" rel=\"category\">Pol\u00edtica<\/a>","tag_info":"Pol\u00edtica","comment_count":"0","_links":{"self":[{"href":"https:\/\/noticiasbahia360.com.br\/index.php?rest_route=\/wp\/v2\/posts\/129213","targetHints":{"allow":["GET"]}}],"collection":[{"href":"https:\/\/noticiasbahia360.com.br\/index.php?rest_route=\/wp\/v2\/posts"}],"about":[{"href":"https:\/\/noticiasbahia360.com.br\/index.php?rest_route=\/wp\/v2\/types\/post"}],"author":[{"embeddable":true,"href":"https:\/\/noticiasbahia360.com.br\/index.php?rest_route=\/wp\/v2\/users\/1"}],"replies":[{"embeddable":true,"href":"https:\/\/noticiasbahia360.com.br\/index.php?rest_route=%2Fwp%2Fv2%2Fcomments&post=129213"}],"version-history":[{"count":0,"href":"https:\/\/noticiasbahia360.com.br\/index.php?rest_route=\/wp\/v2\/posts\/129213\/revisions"}],"wp:featuredmedia":[{"embeddable":true,"href":"https:\/\/noticiasbahia360.com.br\/index.php?rest_route=\/wp\/v2\/media\/129214"}],"wp:attachment":[{"href":"https:\/\/noticiasbahia360.com.br\/index.php?rest_route=%2Fwp%2Fv2%2Fmedia&parent=129213"}],"wp:term":[{"taxonomy":"category","embeddable":true,"href":"https:\/\/noticiasbahia360.com.br\/index.php?rest_route=%2Fwp%2Fv2%2Fcategories&post=129213"},{"taxonomy":"post_tag","embeddable":true,"href":"https:\/\/noticiasbahia360.com.br\/index.php?rest_route=%2Fwp%2Fv2%2Ftags&post=129213"}],"curies":[{"name":"wp","href":"https:\/\/api.w.org\/{rel}","templated":true}]}} 