{"id":129216,"date":"2026-05-01T15:21:51","date_gmt":"2026-05-01T18:21:51","guid":{"rendered":"https:\/\/noticiasbahia360.com.br\/?p=129216"},"modified":"2026-05-01T15:21:51","modified_gmt":"2026-05-01T18:21:51","slug":"ex-suplente-de-vereador-e-morto-dentro-de-mercearia-filho-foi-assassinado-em-fevereiro","status":"publish","type":"post","link":"https:\/\/noticiasbahia360.com.br\/?p=129216","title":{"rendered":"Ex-suplente de vereador \u00e9 morto dentro de mercearia; filho foi assassinado em fevereiro"},"content":{"rendered":"<div>\n<div>\n<figure><img decoding=\"async\" src=\"http:\/\/noticiasbahia360.com.br\/wp-content\/uploads\/2026\/05\/ex-candidato-morto.webp\" alt=\"Ex-suplente de vereador \u00e9 morto dentro de mercearia; filho foi assassinado em fevereiro\"><figcaption>Foto: Reprodu\u00e7\u00e3o\/Redes Sociais<\/figcaption><\/figure>\n<\/div>\n<p>Francisco de Assis Santos, de 62 anos, conhecido popularmente como Cizinho do Moto T\u00e1xi, foi morto a tiros na noite de quinta-feira (30), no munic\u00edpio de Lu\u00eds Eduardo Magalh\u00e3es, no oeste da Bahia. O crime ocorreu dentro da mercearia que ele administrava ao lado da esposa, localizada no bairro Santa Cruz.<\/p>\n<p>De acordo com relatos de testemunhas repassados \u00e0 Pol\u00edcia Militar, um homem chegou ao estabelecimento e efetuou cerca de sete disparos contra a v\u00edtima. Ap\u00f3s o ataque, o suspeito deixou o local com o apoio de um comparsa, que o aguardava em uma motocicleta.<\/p>\n<p>Cizinho do Moto T\u00e1xi disputou uma vaga na C\u00e2mara Municipal nas elei\u00e7\u00f5es de 2024 pelo Partido Liberal (PL). Ele recebeu 59 votos e ficou na supl\u00eancia.<\/p>\n<p>Morador de Lu\u00eds Eduardo Magalh\u00e3es h\u00e1 36 anos, Francisco tamb\u00e9m enfrentava outra trag\u00e9dia familiar recente. Em fevereiro deste ano, um de seus filhos foi morto a tiros. At\u00e9 agora, n\u00e3o h\u00e1 confirma\u00e7\u00e3o se os dois crimes possuem alguma rela\u00e7\u00e3o.<\/p>\n<p>Segundo informa\u00e7\u00f5es divulgadas pelo g1, o caso est\u00e1 sendo apurado pela Delegacia Territorial (DT) de Lu\u00eds Eduardo Magalh\u00e3es. At\u00e9 o momento, n\u00e3o foram divulgados detalhes sobre a autoria nem sobre a motiva\u00e7\u00e3o do homic\u00eddio.<\/p>\n<p><em>Siga o Acorda Cidade no<\/em><a href=\"https:\/\/news.google.com\/search?q=acorda%20cidade&amp;hl=pt-BR&amp;gl=BR&amp;ceid=BR%3Apt-419\"><strong><em>\u00a0Google Not\u00edcias<\/em><\/strong><\/a><em>\u00a0e receba os principais destaques do dia. Participe tamb\u00e9m dos nossos canais no\u00a0<\/em><a href=\"https:\/\/www.whatsapp.com\/channel\/0029Va6Rb4v3WHTNnsh8WI3N\"><strong><em>WhatsApp<\/em><\/strong><\/a><em>\u00a0e\u00a0<\/em><a href=\"https:\/\/www.youtube.com\/@acordacidadenoticias\/videos\"><strong>YouTube<\/strong><\/a><em>\u00a0e grupo de\u00a0<\/em><a href=\"https:\/\/t.me\/+sSz0khrgARA0ZmRh\"><strong><em>Telegram<\/em><\/strong><\/a><em>.<\/em><\/p>\n<\/div>\n","protected":false},"excerpt":{"rendered":"<div>\n<div>\n<figure><img decoding=\"async\" src=\"https:\/\/uploads.acordacidade.com.br\/2026\/05\/ex-candidato-morto.webp\" alt=\"Ex-suplente de vereador \u00e9 morto dentro de mercearia; filho foi assassinado em fevereiro\"><figcaption>Foto: Reprodu\u00e7\u00e3o\/Redes Sociais<\/figcaption><\/figure>\n<\/div>\n<p>Francisco tamb\u00e9m enfrentava outra trag\u00e9dia familiar recente. Em fevereiro deste ano, um de seus filhos foi morto a tiros.<\/p><\/div>\n","protected":false},"author":1,"featured_media":129217,"comment_status":"closed","ping_status":"closed","sticky":false,"template":"","format":"gallery","meta":{"footnotes":""},"categories":[8,9,6,57,56,10],"tags":[],"class_list":["post-129216","post","type-post","status-publish","format-gallery","has-post-thumbnail","hentry","category-bahia","category-brasil","category-feira-de-santana","category-mundo","category-policia","category-politica","post_format-post-format-gallery"],"featured_image_urls":{"full":["https:\/\/noticiasbahia360.com.br\/wp-content\/uploads\/2026\/05\/ex-candidato-morto.webp",1200,935,false],"thumbnail":["https:\/\/noticiasbahia360.com.br\/wp-content\/uploads\/2026\/05\/ex-candidato-morto-150x150.webp",150,150,true],"medium":["https:\/\/noticiasbahia360.com.br\/wp-content\/uploads\/2026\/05\/ex-candidato-morto-300x234.webp",300,234,true],"medium_large":["https:\/\/noticiasbahia360.com.br\/wp-content\/uploads\/2026\/05\/ex-candidato-morto-768x598.webp",640,498,true],"large":["https:\/\/noticiasbahia360.com.br\/wp-content\/uploads\/2026\/05\/ex-candidato-morto-1024x798.webp",640,499,true],"1536x1536":["https:\/\/noticiasbahia360.com.br\/wp-content\/uploads\/2026\/05\/ex-candidato-morto.webp",1200,935,false],"2048x2048":["https:\/\/noticiasbahia360.com.br\/wp-content\/uploads\/2026\/05\/ex-candidato-morto.webp",1200,935,false],"chromenews-featured":["https:\/\/noticiasbahia360.com.br\/wp-content\/uploads\/2026\/05\/ex-candidato-morto-1024x798.webp",1024,798,true],"chromenews-large":["https:\/\/noticiasbahia360.com.br\/wp-content\/uploads\/2026\/05\/ex-candidato-morto-825x575.webp",825,575,true],"chromenews-medium":["https:\/\/noticiasbahia360.com.br\/wp-content\/uploads\/2026\/05\/ex-candidato-morto-590x410.webp",590,410,true]},"author_info":{"display_name":"noticiasbahia360.com.br","author_link":"https:\/\/noticiasbahia360.com.br\/?author=1"},"category_info":"<a href=\"https:\/\/noticiasbahia360.com.br\/?cat=8\" rel=\"category\">Bahia<\/a> <a href=\"https:\/\/noticiasbahia360.com.br\/?cat=9\" rel=\"category\">Brasil<\/a> <a href=\"https:\/\/noticiasbahia360.com.br\/?cat=6\" rel=\"category\">Feira de Santana<\/a> <a href=\"https:\/\/noticiasbahia360.com.br\/?cat=57\" rel=\"category\">Mundo<\/a> <a href=\"https:\/\/noticiasbahia360.com.br\/?cat=56\" rel=\"category\">Pol\u00edcia<\/a> <a href=\"https:\/\/noticiasbahia360.com.br\/?cat=10\" rel=\"category\">Pol\u00edtica<\/a>","tag_info":"Pol\u00edtica","comment_count":"0","_links":{"self":[{"href":"https:\/\/noticiasbahia360.com.br\/index.php?rest_route=\/wp\/v2\/posts\/129216","targetHints":{"allow":["GET"]}}],"collection":[{"href":"https:\/\/noticiasbahia360.com.br\/index.php?rest_route=\/wp\/v2\/posts"}],"about":[{"href":"https:\/\/noticiasbahia360.com.br\/index.php?rest_route=\/wp\/v2\/types\/post"}],"author":[{"embeddable":true,"href":"https:\/\/noticiasbahia360.com.br\/index.php?rest_route=\/wp\/v2\/users\/1"}],"replies":[{"embeddable":true,"href":"https:\/\/noticiasbahia360.com.br\/index.php?rest_route=%2Fwp%2Fv2%2Fcomments&post=129216"}],"version-history":[{"count":0,"href":"https:\/\/noticiasbahia360.com.br\/index.php?rest_route=\/wp\/v2\/posts\/129216\/revisions"}],"wp:featuredmedia":[{"embeddable":true,"href":"https:\/\/noticiasbahia360.com.br\/index.php?rest_route=\/wp\/v2\/media\/129217"}],"wp:attachment":[{"href":"https:\/\/noticiasbahia360.com.br\/index.php?rest_route=%2Fwp%2Fv2%2Fmedia&parent=129216"}],"wp:term":[{"taxonomy":"category","embeddable":true,"href":"https:\/\/noticiasbahia360.com.br\/index.php?rest_route=%2Fwp%2Fv2%2Fcategories&post=129216"},{"taxonomy":"post_tag","embeddable":true,"href":"https:\/\/noticiasbahia360.com.br\/index.php?rest_route=%2Fwp%2Fv2%2Ftags&post=129216"}],"curies":[{"name":"wp","href":"https:\/\/api.w.org\/{rel}","templated":true}]}} 