{"id":129218,"date":"2026-05-01T15:41:19","date_gmt":"2026-05-01T18:41:19","guid":{"rendered":"https:\/\/noticiasbahia360.com.br\/?p=129218"},"modified":"2026-05-01T15:41:19","modified_gmt":"2026-05-01T18:41:19","slug":"faltam-cinco-dias-para-fechamento-do-cadastro-eleitoral-de-2026","status":"publish","type":"post","link":"https:\/\/noticiasbahia360.com.br\/?p=129218","title":{"rendered":"Faltam cinco dias para fechamento do cadastro eleitoral de 2026"},"content":{"rendered":"<div>\n<div>\n<figure><img decoding=\"async\" src=\"http:\/\/noticiasbahia360.com.br\/wp-content\/uploads\/2026\/05\/fila-no-forum-eleitoral.jpg\" alt=\"fila no f\u00f3rum eleitoral\"><figcaption>Fila no F\u00f3rum Eleitoral | Foto: Paulo Jos\u00e9\/ Acorda Cidade<\/figcaption><\/figure>\n<\/div>\n<p>O Tribunal Regional Eleitoral da Bahia (TRE-BA) chama aten\u00e7\u00e3o dos eleitores para o prazo do fechamento do cadastro eleitoral \u2013 faltam cinco dias. At\u00e9 a quarta-feira, 6 de maio, cidad\u00e3os com domic\u00edlio eleitoral no estado poder\u00e3o emitir a primeira via do t\u00edtulo, transferir o domic\u00edlio eleitoral, atualizar dados cadastrais e regularizar pend\u00eancias\u00a0 junto \u00e0 Justi\u00e7a Eleitoral.<\/p>\n<p>Ap\u00f3s essa data, o cadastro eleitoral ser\u00e1 fechado para a organiza\u00e7\u00e3o do pleito, conforme prev\u00ea a\u00a0<a href=\"https:\/\/www.tse.jus.br\/legislacao\/codigo-eleitoral\/lei-das-eleicoes\/lei-das-eleicoes-lei-nb0-9.504-de-30-de-setembro-de-1997\">Lei das Elei\u00e7\u00f5es<\/a>.<\/p>\n<p>O atendimento pode ser feito de forma presencial na Central de Atendimento ao P\u00fablico (CAP) do Tribunal, localizada no Centro Administrativo da Bahia (CAB), em Salvador, nos cart\u00f3rios eleitorais da capital e do interior do estado ou nos Pontos de Atendimento Descentralizado (PADs), como o\u00a0Servi\u00e7o de Atendimento ao Cidad\u00e3o\u00a0(SAC) \u2013\u00a0<a href=\"https:\/\/www.tre-ba.jus.br\/servicos-eleitorais\/servicos-horarios-e-locais\">confira aqui os endere\u00e7os e hor\u00e1rios de funcionamento desses postos<\/a>.\u00a0<\/p>\n<p>Os servi\u00e7os tamb\u00e9m podem ser realizados de forma on-line, por meio do Autoatendimento Eleitoral dispon\u00edvel no portal do\u00a0<a href=\"https:\/\/www.tse.jus.br\/servicos-eleitorais\/autoatendimento-eleitoral#\/\">TRE-BA<\/a>.<\/p>\n<h2 class=\"wp-block-heading\" id=\"h-documentacao\">Documenta\u00e7\u00e3o<\/h2>\n<p>Para o atendimento, \u00e9 necess\u00e1rio apresentar documento oficial de identifica\u00e7\u00e3o com foto (original) e comprovante de resid\u00eancia atualizado, emitido h\u00e1, no m\u00e1ximo, tr\u00eas meses. Homens que completam 19 anos em 2026, tamb\u00e9m \u00e9 exigido o certificado de quita\u00e7\u00e3o militar.<\/p>\n<h2 class=\"wp-block-heading\" id=\"h-impedimentos\">Impedimentos<\/h2>\n<p>Eleitoras e eleitores com o t\u00edtulo cancelado, al\u00e9m de n\u00e3o poderem votar nas elei\u00e7\u00f5es, ficam sujeitos a outras restri\u00e7\u00f5es, como impedimento para emiss\u00e3o de passaporte, posse em cargo p\u00fablico e renova\u00e7\u00e3o de matr\u00edcula em institui\u00e7\u00f5es de ensino, entre outras san\u00e7\u00f5es.<\/p>\n<p>Pra todos verem:\u00a0Arte gr\u00e1fica em tons de verde e amarelo com elementos ilustrativos. \u00c0 esquerda, um \u00edcone de megafone e o texto em destaque <strong>\u201cFALTAM 5 DIAS\u201d<\/strong>. \u00c0 direita, a mensagem <strong>\u201cPARA O FECHAMENTO DO CADASTRO ELEITORAL\u201d<\/strong>. No canto inferior, aparece a identidade visual das Elei\u00e7\u00f5es 2026.<\/p>\n<p><em>Siga o Acorda Cidade no<\/em><a href=\"https:\/\/news.google.com\/search?q=acorda%20cidade&amp;hl=pt-BR&amp;gl=BR&amp;ceid=BR%3Apt-419\"><strong><em>\u00a0Google Not\u00edcias<\/em><\/strong><\/a><em>\u00a0e receba os principais destaques do dia. Participe tamb\u00e9m dos nossos canais no\u00a0<\/em><a href=\"https:\/\/www.whatsapp.com\/channel\/0029Va6Rb4v3WHTNnsh8WI3N\"><strong><em>WhatsApp<\/em><\/strong><\/a><em>\u00a0e\u00a0<\/em><a href=\"https:\/\/www.youtube.com\/@acordacidadenoticias\/videos\"><strong>YouTube<\/strong><\/a><em>\u00a0e grupo de\u00a0<\/em><a href=\"https:\/\/t.me\/+sSz0khrgARA0ZmRh\"><strong><em>Telegram<\/em><\/strong><\/a><em>.<\/em><\/p>\n<\/div>\n","protected":false},"excerpt":{"rendered":"<div>\n<div>\n<figure><img decoding=\"async\" src=\"https:\/\/www.acordacidade.com.br\/wp-content\/uploads\/2026\/02\/fila-no-forum-eleitoral.jpg\" alt=\"fila no f\u00f3rum eleitoral\"><figcaption>Fila no F\u00f3rum Eleitoral | Foto: Paulo Jos\u00e9\/ Acorda Cidade<\/figcaption><\/figure>\n<\/div>\n<p>At\u00e9 a quarta-feira, 6 de maio, cidad\u00e3os com domic\u00edlio eleitoral no estado poder\u00e3o emitir a primeira via do t\u00edtulo.<\/p><\/div>\n","protected":false},"author":1,"featured_media":129219,"comment_status":"closed","ping_status":"closed","sticky":false,"template":"","format":"gallery","meta":{"footnotes":""},"categories":[8,9,6,57,56,10],"tags":[],"class_list":["post-129218","post","type-post","status-publish","format-gallery","has-post-thumbnail","hentry","category-bahia","category-brasil","category-feira-de-santana","category-mundo","category-policia","category-politica","post_format-post-format-gallery"],"featured_image_urls":{"full":["https:\/\/noticiasbahia360.com.br\/wp-content\/uploads\/2026\/05\/fila-no-forum-eleitoral.jpg",1200,560,false],"thumbnail":["https:\/\/noticiasbahia360.com.br\/wp-content\/uploads\/2026\/05\/fila-no-forum-eleitoral-150x150.jpg",150,150,true],"medium":["https:\/\/noticiasbahia360.com.br\/wp-content\/uploads\/2026\/05\/fila-no-forum-eleitoral-300x140.jpg",300,140,true],"medium_large":["https:\/\/noticiasbahia360.com.br\/wp-content\/uploads\/2026\/05\/fila-no-forum-eleitoral-768x358.jpg",640,298,true],"large":["https:\/\/noticiasbahia360.com.br\/wp-content\/uploads\/2026\/05\/fila-no-forum-eleitoral-1024x478.jpg",640,299,true],"1536x1536":["https:\/\/noticiasbahia360.com.br\/wp-content\/uploads\/2026\/05\/fila-no-forum-eleitoral.jpg",1200,560,false],"2048x2048":["https:\/\/noticiasbahia360.com.br\/wp-content\/uploads\/2026\/05\/fila-no-forum-eleitoral.jpg",1200,560,false],"chromenews-featured":["https:\/\/noticiasbahia360.com.br\/wp-content\/uploads\/2026\/05\/fila-no-forum-eleitoral-1024x478.jpg",1024,478,true],"chromenews-large":["https:\/\/noticiasbahia360.com.br\/wp-content\/uploads\/2026\/05\/fila-no-forum-eleitoral-825x560.jpg",825,560,true],"chromenews-medium":["https:\/\/noticiasbahia360.com.br\/wp-content\/uploads\/2026\/05\/fila-no-forum-eleitoral-590x410.jpg",590,410,true]},"author_info":{"display_name":"noticiasbahia360.com.br","author_link":"https:\/\/noticiasbahia360.com.br\/?author=1"},"category_info":"<a href=\"https:\/\/noticiasbahia360.com.br\/?cat=8\" rel=\"category\">Bahia<\/a> <a href=\"https:\/\/noticiasbahia360.com.br\/?cat=9\" rel=\"category\">Brasil<\/a> <a href=\"https:\/\/noticiasbahia360.com.br\/?cat=6\" rel=\"category\">Feira de Santana<\/a> <a href=\"https:\/\/noticiasbahia360.com.br\/?cat=57\" rel=\"category\">Mundo<\/a> <a href=\"https:\/\/noticiasbahia360.com.br\/?cat=56\" rel=\"category\">Pol\u00edcia<\/a> <a href=\"https:\/\/noticiasbahia360.com.br\/?cat=10\" rel=\"category\">Pol\u00edtica<\/a>","tag_info":"Pol\u00edtica","comment_count":"0","_links":{"self":[{"href":"https:\/\/noticiasbahia360.com.br\/index.php?rest_route=\/wp\/v2\/posts\/129218","targetHints":{"allow":["GET"]}}],"collection":[{"href":"https:\/\/noticiasbahia360.com.br\/index.php?rest_route=\/wp\/v2\/posts"}],"about":[{"href":"https:\/\/noticiasbahia360.com.br\/index.php?rest_route=\/wp\/v2\/types\/post"}],"author":[{"embeddable":true,"href":"https:\/\/noticiasbahia360.com.br\/index.php?rest_route=\/wp\/v2\/users\/1"}],"replies":[{"embeddable":true,"href":"https:\/\/noticiasbahia360.com.br\/index.php?rest_route=%2Fwp%2Fv2%2Fcomments&post=129218"}],"version-history":[{"count":0,"href":"https:\/\/noticiasbahia360.com.br\/index.php?rest_route=\/wp\/v2\/posts\/129218\/revisions"}],"wp:featuredmedia":[{"embeddable":true,"href":"https:\/\/noticiasbahia360.com.br\/index.php?rest_route=\/wp\/v2\/media\/129219"}],"wp:attachment":[{"href":"https:\/\/noticiasbahia360.com.br\/index.php?rest_route=%2Fwp%2Fv2%2Fmedia&parent=129218"}],"wp:term":[{"taxonomy":"category","embeddable":true,"href":"https:\/\/noticiasbahia360.com.br\/index.php?rest_route=%2Fwp%2Fv2%2Fcategories&post=129218"},{"taxonomy":"post_tag","embeddable":true,"href":"https:\/\/noticiasbahia360.com.br\/index.php?rest_route=%2Fwp%2Fv2%2Ftags&post=129218"}],"curies":[{"name":"wp","href":"https:\/\/api.w.org\/{rel}","templated":true}]}}