{"id":129220,"date":"2026-05-01T16:23:15","date_gmt":"2026-05-01T19:23:15","guid":{"rendered":"https:\/\/noticiasbahia360.com.br\/?p=129220"},"modified":"2026-05-01T16:23:15","modified_gmt":"2026-05-01T19:23:15","slug":"caso-eunapolis-ex-diretora-de-presidio-divulga-teste-de-dna-positivo-envolvendo-ex-deputado","status":"publish","type":"post","link":"https:\/\/noticiasbahia360.com.br\/?p=129220","title":{"rendered":"Caso Eun\u00e1polis: ex-diretora de pres\u00eddio divulga teste de DNA positivo envolvendo ex-deputado"},"content":{"rendered":"<div>\n<div>\n<figure><img decoding=\"async\" src=\"http:\/\/noticiasbahia360.com.br\/wp-content\/uploads\/2026\/05\/ex-direretora-do-conjunto-penal-de-eunapolis-Joneuma-Silva-Neres.jpg\" alt=\"ex direretora do conjunto penal de eun\u00e1polis Joneuma Silva Neres\"><figcaption>Foto: Arquivo Pessoal <\/figcaption><\/figure>\n<\/div>\n<p>A ex-diretora do Conjunto Penal de Eun\u00e1polis, Joneuma Neres, divulgou nas redes sociais, na desta quinta-feira (30), documentos relacionados \u00e0 solicita\u00e7\u00e3o de um teste de DNA feita pelo ex-deputado federal Uldurico J\u00fanior. O caso que envolvendo os dois ganhou repercuss\u00e3o ap\u00f3s a divulga\u00e7\u00e3o do conte\u00fado de uma dela\u00e7\u00e3o premiada firmada por Joneuma junto ao Minist\u00e9rio P\u00fablico da Bahia.<\/p>\n<p><strong>No material, ela relata um suposto acordo com o ex-parlamentar para viabilizar a fuga de 16 detentos da unidade prisional, ocorrida em dezembro de 2024. Segundo as apura\u00e7\u00f5es, ambos tiveram um relacionamento amoroso.\u00a0<\/strong>Em publica\u00e7\u00f5es feitas em seu perfil no Instagram, Joneuma divulgou o resultado do exame de paternidade, que apontou resultado positivo. A crian\u00e7a de nove meses nasceu dentro da unidade prisional.\u00a0<\/p>\n<figure class=\"wp-block-image size-full is-resized\"><img fetchpriority=\"high\" fetchpriority=\"high\" decoding=\"async\" width=\"597\" height=\"380\" src=\"http:\/\/noticiasbahia360.com.br\/wp-content\/uploads\/2026\/05\/uldurico-junior-foto-reproducao.jpg\" alt=\"\" class=\"wp-image-250095\" style=\"width:811px;height:auto\" srcset=\"http:\/\/noticiasbahia360.com.br\/wp-content\/uploads\/2026\/05\/uldurico-junior-foto-reproducao.jpg 597w, https:\/\/www.acordacidade.com.br\/wp-content\/uploads\/2022\/12\/15103654\/uldurico-junior-foto-reproducao-300x191.jpg 300w\" sizes=\"(max-width: 597px) 100vw, 597px\"><figcaption class=\"wp-element-caption\">Foto: Reprodu\u00e7\u00e3o \/ C\u00e2mara dos Deputados<\/figcaption><\/figure>\n<p>Neres informou que mesmo com a paternidade confirmada, a beb\u00ea ainda n\u00e3o recebeu pens\u00e3o alimenticia por parte do ex-parlamentar. Ela alegou tamb\u00e9m\u00a0que Uldurico ainda n\u00e3o foi citado no processo relacionado a fuga dos detentos.\u00a0O exame teria sido feito ap\u00f3s um pedido da pr\u00f3pria defesa do ex-deputado.\u00a0<\/p>\n<h2 class=\"wp-block-heading\" id=\"h-relembre-o-caso\">Relembre o caso<\/h2>\n<p>No \u00faltimo dia 18, o Bahia Not\u00edcias, parceiro do Acorda Cidade, publicou uma s\u00e9rie de reportagens sobre informa\u00e7\u00f5es divulgadas por Joneuma em uma dela\u00e7\u00e3o. A ex-diretora fez o acordo de dela\u00e7\u00e3o para dar detalhes sobre a\u00a0fuga dos 16 detentos da unidade prisional, ocorrida em dezembro de 2024.\u00a0<\/p>\n<p>O depoimento dela trouxe \u00e0 tona sua rela\u00e7\u00e3o com o ex-deputado federal\u00a0Uldurico J\u00fanior, \u00e0 \u00e9poca no MDB e atualmente filiado ao PSDB, e as negocia\u00e7\u00f5es com o l\u00edder do Primeiro Comando de Eun\u00e1polis (PCE). \u00c0 ocasi\u00e3o, Neres tinha indicado que obteve um relacionamento amoroso com o ex-deputado e que tiveram uma filha fruto deste romance.\u00a0<\/p>\n<p>No entanto, o deputado argumentava que o pai da crian\u00e7a seria o detento. Por\u00e9m, Joneuma sempre apontou o pol\u00edtico como pai da crian\u00e7a. \u00a0<\/p>\n<p>Ela informou que os dois se conheceram quando ela atuava como agente penitenci\u00e1ria na Unidade Prisional de Teixeira de Freitas. Foi ele o respons\u00e1vel por sua indica\u00e7\u00e3o para comandar a unidade penitenci\u00e1ria de Eun\u00e1polis \u2014 a primeira mulher a assumir tal posto na Bahia. Mas a ex-diretora ressalta que o envolvimento amoroso s\u00f3 teve in\u00edcio em fevereiro de 2024, dois meses ap\u00f3s a indica\u00e7\u00e3o, feita em dezembro de 2023.<\/p>\n<p><em>Fonte: <a href=\"https:\/\/www.bahianoticias.com.br\/noticia\/316359-ex-diretora-de-presidio-de-eunapolis-divulga-resultado-positivo-de-teste-de-paternidade-solicitado-por-uldurico-jr\" type=\"link\" id=\"https:\/\/www.bahianoticias.com.br\/noticia\/316359-ex-diretora-de-presidio-de-eunapolis-divulga-resultado-positivo-de-teste-de-paternidade-solicitado-por-uldurico-jr\">Bahia Not\u00edcias<\/a>, site parceiro do Acorda Cidade<\/em><\/p>\n<p><em>Siga o Acorda Cidade no<\/em><a href=\"https:\/\/news.google.com\/search?q=acorda%20cidade&amp;hl=pt-BR&amp;gl=BR&amp;ceid=BR%3Apt-419\"><strong><em>\u00a0Google Not\u00edcias<\/em><\/strong><\/a><em>\u00a0e receba os principais destaques do dia. Participe tamb\u00e9m dos nossos canais no\u00a0<\/em><a href=\"https:\/\/www.whatsapp.com\/channel\/0029Va6Rb4v3WHTNnsh8WI3N\"><strong><em>WhatsApp<\/em><\/strong><\/a><em>\u00a0e\u00a0<\/em><a href=\"https:\/\/www.youtube.com\/@acordacidadenoticias\/videos\"><strong>YouTube<\/strong><\/a><em>\u00a0e grupo de\u00a0<\/em><a href=\"https:\/\/t.me\/+sSz0khrgARA0ZmRh\"><strong><em>Telegram<\/em><\/strong><\/a><em>.<\/em><\/p>\n<\/div>\n","protected":false},"excerpt":{"rendered":"<div>\n<div>\n<figure><img decoding=\"async\" src=\"https:\/\/www.acordacidade.com.br\/wp-content\/uploads\/2025\/01\/ex-direretora-do-conjunto-penal-de-eunapolis-Joneuma-Silva-Neres.jpg\" alt=\"ex direretora do conjunto penal de eun\u00e1polis Joneuma Silva Neres\"><figcaption>Foto: Arquivo Pessoal <\/figcaption><\/figure>\n<\/div>\n<p>\u00c0 ocasi\u00e3o, Neres tinha indicado que obteve um relacionamento amoroso com o ex-deputado e que tiveram uma filha fruto deste romance.\u00a0<\/p><\/div>\n","protected":false},"author":1,"featured_media":129221,"comment_status":"closed","ping_status":"closed","sticky":false,"template":"","format":"gallery","meta":{"footnotes":""},"categories":[8,9,6,57,56,10],"tags":[],"class_list":["post-129220","post","type-post","status-publish","format-gallery","has-post-thumbnail","hentry","category-bahia","category-brasil","category-feira-de-santana","category-mundo","category-policia","category-politica","post_format-post-format-gallery"],"featured_image_urls":{"full":["https:\/\/noticiasbahia360.com.br\/wp-content\/uploads\/2026\/05\/ex-direretora-do-conjunto-penal-de-eunapolis-Joneuma-Silva-Neres.jpg",640,360,false],"thumbnail":["https:\/\/noticiasbahia360.com.br\/wp-content\/uploads\/2026\/05\/ex-direretora-do-conjunto-penal-de-eunapolis-Joneuma-Silva-Neres-150x150.jpg",150,150,true],"medium":["https:\/\/noticiasbahia360.com.br\/wp-content\/uploads\/2026\/05\/ex-direretora-do-conjunto-penal-de-eunapolis-Joneuma-Silva-Neres-300x169.jpg",300,169,true],"medium_large":["https:\/\/noticiasbahia360.com.br\/wp-content\/uploads\/2026\/05\/ex-direretora-do-conjunto-penal-de-eunapolis-Joneuma-Silva-Neres.jpg",640,360,false],"large":["https:\/\/noticiasbahia360.com.br\/wp-content\/uploads\/2026\/05\/ex-direretora-do-conjunto-penal-de-eunapolis-Joneuma-Silva-Neres.jpg",640,360,false],"1536x1536":["https:\/\/noticiasbahia360.com.br\/wp-content\/uploads\/2026\/05\/ex-direretora-do-conjunto-penal-de-eunapolis-Joneuma-Silva-Neres.jpg",640,360,false],"2048x2048":["https:\/\/noticiasbahia360.com.br\/wp-content\/uploads\/2026\/05\/ex-direretora-do-conjunto-penal-de-eunapolis-Joneuma-Silva-Neres.jpg",640,360,false],"chromenews-featured":["https:\/\/noticiasbahia360.com.br\/wp-content\/uploads\/2026\/05\/ex-direretora-do-conjunto-penal-de-eunapolis-Joneuma-Silva-Neres.jpg",640,360,false],"chromenews-large":["https:\/\/noticiasbahia360.com.br\/wp-content\/uploads\/2026\/05\/ex-direretora-do-conjunto-penal-de-eunapolis-Joneuma-Silva-Neres.jpg",640,360,false],"chromenews-medium":["https:\/\/noticiasbahia360.com.br\/wp-content\/uploads\/2026\/05\/ex-direretora-do-conjunto-penal-de-eunapolis-Joneuma-Silva-Neres-590x360.jpg",590,360,true]},"author_info":{"display_name":"noticiasbahia360.com.br","author_link":"https:\/\/noticiasbahia360.com.br\/?author=1"},"category_info":"<a href=\"https:\/\/noticiasbahia360.com.br\/?cat=8\" rel=\"category\">Bahia<\/a> <a href=\"https:\/\/noticiasbahia360.com.br\/?cat=9\" rel=\"category\">Brasil<\/a> <a href=\"https:\/\/noticiasbahia360.com.br\/?cat=6\" rel=\"category\">Feira de Santana<\/a> <a href=\"https:\/\/noticiasbahia360.com.br\/?cat=57\" rel=\"category\">Mundo<\/a> <a href=\"https:\/\/noticiasbahia360.com.br\/?cat=56\" rel=\"category\">Pol\u00edcia<\/a> <a href=\"https:\/\/noticiasbahia360.com.br\/?cat=10\" rel=\"category\">Pol\u00edtica<\/a>","tag_info":"Pol\u00edtica","comment_count":"0","_links":{"self":[{"href":"https:\/\/noticiasbahia360.com.br\/index.php?rest_route=\/wp\/v2\/posts\/129220","targetHints":{"allow":["GET"]}}],"collection":[{"href":"https:\/\/noticiasbahia360.com.br\/index.php?rest_route=\/wp\/v2\/posts"}],"about":[{"href":"https:\/\/noticiasbahia360.com.br\/index.php?rest_route=\/wp\/v2\/types\/post"}],"author":[{"embeddable":true,"href":"https:\/\/noticiasbahia360.com.br\/index.php?rest_route=\/wp\/v2\/users\/1"}],"replies":[{"embeddable":true,"href":"https:\/\/noticiasbahia360.com.br\/index.php?rest_route=%2Fwp%2Fv2%2Fcomments&post=129220"}],"version-history":[{"count":0,"href":"https:\/\/noticiasbahia360.com.br\/index.php?rest_route=\/wp\/v2\/posts\/129220\/revisions"}],"wp:featuredmedia":[{"embeddable":true,"href":"https:\/\/noticiasbahia360.com.br\/index.php?rest_route=\/wp\/v2\/media\/129221"}],"wp:attachment":[{"href":"https:\/\/noticiasbahia360.com.br\/index.php?rest_route=%2Fwp%2Fv2%2Fmedia&parent=129220"}],"wp:term":[{"taxonomy":"category","embeddable":true,"href":"https:\/\/noticiasbahia360.com.br\/index.php?rest_route=%2Fwp%2Fv2%2Fcategories&post=129220"},{"taxonomy":"post_tag","embeddable":true,"href":"https:\/\/noticiasbahia360.com.br\/index.php?rest_route=%2Fwp%2Fv2%2Ftags&post=129220"}],"curies":[{"name":"wp","href":"https:\/\/api.w.org\/{rel}","templated":true}]}} 