{"id":129223,"date":"2026-05-01T16:36:05","date_gmt":"2026-05-01T19:36:05","guid":{"rendered":"https:\/\/noticiasbahia360.com.br\/?p=129223"},"modified":"2026-05-01T16:36:05","modified_gmt":"2026-05-01T19:36:05","slug":"primeiro-de-maio-primeiro-voce-pt-lanca-campanha-pelo-fim-das-escalas-exaustivas","status":"publish","type":"post","link":"https:\/\/noticiasbahia360.com.br\/?p=129223","title":{"rendered":"\u201cPrimeiro de Maio, Primeiro Voc\u00ea\u201d: PT lan\u00e7a campanha pelo fim das escalas exaustivas"},"content":{"rendered":"<div>\n<div>\n<figure><img decoding=\"async\" src=\"http:\/\/noticiasbahia360.com.br\/wp-content\/uploads\/2026\/05\/Foto-do-Secertario-Nacional-de-Comunicacao-do-PT_Eden-Valadares.webp\" alt=\"\u201cPrimeiro de Maio, Primeiro Voc\u00ea\u201d: PT lan\u00e7a campanha pelo fim das escalas exaustivas\"><figcaption>Foto: Divulga\u00e7\u00e3o<\/figcaption><\/figure>\n<\/div>\n<p>A Secretaria Nacional de Comunica\u00e7\u00e3o do PT lan\u00e7ou, nesta sexta-feira (1\u00ba), a campanha \u201cPrimeiro de Maio, Primeiro Voc\u00ea\u201d nas redes sociais para reafirmar e aprofundar a defesa e os direitos dos trabalhadores e trabalhadoras de todo o Brasil, dialogando e criando um canal direto com os trabalhadores de aplicativo, os trabalhadores do com\u00e9rcio e com os profissionais que est\u00e3o na escala 6\u00d71 ou na 7\u00d70.<\/p>\n<p>O objetivo da campanha do PT, sempre atento \u00e0s necessidades dos trabalhadores e antenado com as mudan\u00e7as e novas formas de trabalho, \u00e9 refor\u00e7ar a import\u00e2ncia de proteger o trabalhador de cargas exaustivas, que roubam seu tempo com suas fam\u00edlias, para o descanso, os estudos e roubam o tempo do brasileiro para viver. Por isso, a campanha da Secretaria de Comunica\u00e7\u00e3o aposta na luta pela aprova\u00e7\u00e3o do projeto do fim da escala 6\u00d71, enviado pelo presidente Lula ao Congresso Nacional para extinguir a jornada 6\u00d71, reduzindo o limite semanal de 44 para 40 horas.<\/p>\n<p>O secret\u00e1rio Nacional de Comunica\u00e7\u00e3o, \u00c9den Valadares, falou sobre a luta hist\u00f3rica do partido fundado com a miss\u00e3o de defender os direitos dos trabalhadores. \u201cO Brasil dos trabalhadores e das trabalhadoras voltou. Neste 1\u00ba de maio, o PT quer falar direto com voc\u00ea, que \u00e9 a verdadeira for\u00e7a que move o nosso pa\u00eds. O PT nasceu da uni\u00e3o de vozes como a sua, e \u00e9 por isso que hoje, com o governo do presidente Lula, a nossa luta \u00e9 para garantir que o seu suor seja valorizado e o seu tempo respeitado. Estamos juntos na linha de frente pelo fim da escala 6\u00d71, porque todos merecem tempo para o lazer, tempo para a fam\u00edlia e tempo para viver fora do emprego. O trabalho n\u00e3o pode consumir toda a nossa exist\u00eancia. E os resultados dessa nossa luta j\u00e1 est\u00e3o nas ruas\u201d.<\/p>\n<p>As conquistas para o trabalhador desde a elei\u00e7\u00e3o do presidente Lula, em 2022, tamb\u00e9m foram enfatizadas pelo dirigente petista. \u201cO Brasil voltou a crescer com dignidade. Foram mais de 5 milh\u00f5es de novos empregos com carteira assinada, alcan\u00e7ando o maior estoque de empregos formais da hist\u00f3ria. O sal\u00e1rio m\u00ednimo voltou a ter aumento real, com a meta de ultrapassar at\u00e9 2 mil reais em 2030, garantimos a lei da igualdade salarial para mulheres e homens receberem o mesmo sal\u00e1rio ao exercerem a mesma fun\u00e7\u00e3o, tiramos o peso do Imposto de Renda das costas de quem ganha menos com a amplia\u00e7\u00e3o da isen\u00e7\u00e3o e usamos o Desenrola para limpar o nome de milh\u00f5es de brasileiros. N\u00f3s sabemos que o caminho ainda \u00e9 longo, mas voc\u00ea pode sentir agora que existe um governo que te defende\u201d.<\/p>\n<p>Esta \u00e9 uma primeira a\u00e7\u00e3o da parceria entre o publicit\u00e1rio Raul Rabello, que ser\u00e1 o marqueteiro da campanha do presidente Lula, e Nicole Briones, ex-assessora do presidente Lula e atual estrategista de redes sociais do PT.<\/p>\n<p><em>Siga o Acorda Cidade no<\/em><a href=\"https:\/\/news.google.com\/search?q=acorda%20cidade&amp;hl=pt-BR&amp;gl=BR&amp;ceid=BR%3Apt-419\"><strong><em>\u00a0Google Not\u00edcias<\/em><\/strong><\/a><em>\u00a0e receba os principais destaques do dia. Participe tamb\u00e9m dos nossos canais no\u00a0<\/em><a href=\"https:\/\/www.whatsapp.com\/channel\/0029Va6Rb4v3WHTNnsh8WI3N\"><strong><em>WhatsApp<\/em><\/strong><\/a><em>\u00a0e\u00a0<\/em><a href=\"https:\/\/www.youtube.com\/@acordacidadenoticias\/videos\"><strong>YouTube<\/strong><\/a><em>\u00a0e grupo de\u00a0<\/em><a href=\"https:\/\/t.me\/+sSz0khrgARA0ZmRh\"><strong><em>Telegram<\/em><\/strong><\/a><em>.<\/em><\/p>\n<\/div>\n","protected":false},"excerpt":{"rendered":"<div>\n<div>\n<figure><img decoding=\"async\" src=\"https:\/\/uploads.acordacidade.com.br\/2026\/05\/Foto-do-Secertario-Nacional-de-Comunicacao-do-PT_Eden-Valadares.webp\" alt=\"\u201cPrimeiro de Maio, Primeiro Voc\u00ea\u201d: PT lan\u00e7a campanha pelo fim das escalas exaustivas\"><figcaption>Foto: Divulga\u00e7\u00e3o<\/figcaption><\/figure>\n<\/div>\n<p>\u00c9den Valadares, falou sobre a luta hist\u00f3rica do partido fundado com a miss\u00e3o de defender os direitos dos trabalhadores.<\/p><\/div>\n","protected":false},"author":1,"featured_media":129224,"comment_status":"closed","ping_status":"closed","sticky":false,"template":"","format":"gallery","meta":{"footnotes":""},"categories":[8,9,6,57,56,10],"tags":[],"class_list":["post-129223","post","type-post","status-publish","format-gallery","has-post-thumbnail","hentry","category-bahia","category-brasil","category-feira-de-santana","category-mundo","category-policia","category-politica","post_format-post-format-gallery"],"featured_image_urls":{"full":["https:\/\/noticiasbahia360.com.br\/wp-content\/uploads\/2026\/05\/Foto-do-Secertario-Nacional-de-Comunicacao-do-PT_Eden-Valadares.webp",1200,757,false],"thumbnail":["https:\/\/noticiasbahia360.com.br\/wp-content\/uploads\/2026\/05\/Foto-do-Secertario-Nacional-de-Comunicacao-do-PT_Eden-Valadares-150x150.webp",150,150,true],"medium":["https:\/\/noticiasbahia360.com.br\/wp-content\/uploads\/2026\/05\/Foto-do-Secertario-Nacional-de-Comunicacao-do-PT_Eden-Valadares-300x189.webp",300,189,true],"medium_large":["https:\/\/noticiasbahia360.com.br\/wp-content\/uploads\/2026\/05\/Foto-do-Secertario-Nacional-de-Comunicacao-do-PT_Eden-Valadares-768x484.webp",640,403,true],"large":["https:\/\/noticiasbahia360.com.br\/wp-content\/uploads\/2026\/05\/Foto-do-Secertario-Nacional-de-Comunicacao-do-PT_Eden-Valadares-1024x646.webp",640,404,true],"1536x1536":["https:\/\/noticiasbahia360.com.br\/wp-content\/uploads\/2026\/05\/Foto-do-Secertario-Nacional-de-Comunicacao-do-PT_Eden-Valadares.webp",1200,757,false],"2048x2048":["https:\/\/noticiasbahia360.com.br\/wp-content\/uploads\/2026\/05\/Foto-do-Secertario-Nacional-de-Comunicacao-do-PT_Eden-Valadares.webp",1200,757,false],"chromenews-featured":["https:\/\/noticiasbahia360.com.br\/wp-content\/uploads\/2026\/05\/Foto-do-Secertario-Nacional-de-Comunicacao-do-PT_Eden-Valadares-1024x646.webp",1024,646,true],"chromenews-large":["https:\/\/noticiasbahia360.com.br\/wp-content\/uploads\/2026\/05\/Foto-do-Secertario-Nacional-de-Comunicacao-do-PT_Eden-Valadares-825x575.webp",825,575,true],"chromenews-medium":["https:\/\/noticiasbahia360.com.br\/wp-content\/uploads\/2026\/05\/Foto-do-Secertario-Nacional-de-Comunicacao-do-PT_Eden-Valadares-590x410.webp",590,410,true]},"author_info":{"display_name":"noticiasbahia360.com.br","author_link":"https:\/\/noticiasbahia360.com.br\/?author=1"},"category_info":"<a href=\"https:\/\/noticiasbahia360.com.br\/?cat=8\" rel=\"category\">Bahia<\/a> <a href=\"https:\/\/noticiasbahia360.com.br\/?cat=9\" rel=\"category\">Brasil<\/a> <a href=\"https:\/\/noticiasbahia360.com.br\/?cat=6\" rel=\"category\">Feira de Santana<\/a> <a href=\"https:\/\/noticiasbahia360.com.br\/?cat=57\" rel=\"category\">Mundo<\/a> <a href=\"https:\/\/noticiasbahia360.com.br\/?cat=56\" rel=\"category\">Pol\u00edcia<\/a> <a href=\"https:\/\/noticiasbahia360.com.br\/?cat=10\" rel=\"category\">Pol\u00edtica<\/a>","tag_info":"Pol\u00edtica","comment_count":"0","_links":{"self":[{"href":"https:\/\/noticiasbahia360.com.br\/index.php?rest_route=\/wp\/v2\/posts\/129223","targetHints":{"allow":["GET"]}}],"collection":[{"href":"https:\/\/noticiasbahia360.com.br\/index.php?rest_route=\/wp\/v2\/posts"}],"about":[{"href":"https:\/\/noticiasbahia360.com.br\/index.php?rest_route=\/wp\/v2\/types\/post"}],"author":[{"embeddable":true,"href":"https:\/\/noticiasbahia360.com.br\/index.php?rest_route=\/wp\/v2\/users\/1"}],"replies":[{"embeddable":true,"href":"https:\/\/noticiasbahia360.com.br\/index.php?rest_route=%2Fwp%2Fv2%2Fcomments&post=129223"}],"version-history":[{"count":0,"href":"https:\/\/noticiasbahia360.com.br\/index.php?rest_route=\/wp\/v2\/posts\/129223\/revisions"}],"wp:featuredmedia":[{"embeddable":true,"href":"https:\/\/noticiasbahia360.com.br\/index.php?rest_route=\/wp\/v2\/media\/129224"}],"wp:attachment":[{"href":"https:\/\/noticiasbahia360.com.br\/index.php?rest_route=%2Fwp%2Fv2%2Fmedia&parent=129223"}],"wp:term":[{"taxonomy":"category","embeddable":true,"href":"https:\/\/noticiasbahia360.com.br\/index.php?rest_route=%2Fwp%2Fv2%2Fcategories&post=129223"},{"taxonomy":"post_tag","embeddable":true,"href":"https:\/\/noticiasbahia360.com.br\/index.php?rest_route=%2Fwp%2Fv2%2Ftags&post=129223"}],"curies":[{"name":"wp","href":"https:\/\/api.w.org\/{rel}","templated":true}]}} 