{"id":129225,"date":"2026-05-01T16:36:06","date_gmt":"2026-05-01T19:36:06","guid":{"rendered":"https:\/\/noticiasbahia360.com.br\/?p=129225"},"modified":"2026-05-01T16:36:06","modified_gmt":"2026-05-01T19:36:06","slug":"cirurgia-no-ombro-de-bolsonaro-ja-foi-realizada-diz-boletim-medico","status":"publish","type":"post","link":"https:\/\/noticiasbahia360.com.br\/?p=129225","title":{"rendered":"Cirurgia no ombro de Bolsonaro j\u00e1 foi realizada, diz boletim m\u00e9dico"},"content":{"rendered":"<div>\n<div>\n<figure><img decoding=\"async\" src=\"http:\/\/noticiasbahia360.com.br\/wp-content\/uploads\/2026\/05\/hospital-df-star-mc_abr_17092025-1.webp\" alt=\"Bolsonaro mant\u00e9m melhora, mas segue em UTI, diz boletim m\u00e9dico\"><figcaption>Foto: Marcelo Camargo\/Ag\u00eancia Brasil<\/figcaption><\/figure>\n<\/div>\n<p>Ag\u00eancia Brasil \u2013 <strong>Ap\u00f3s passar por uma cirurgia no ombro, o ex-presidente Jair Bolsonaro est\u00e1 em observa\u00e7\u00e3o na unidade de terapia intensiva. Bolsonaro foi internado na manh\u00e3 desta sexta-feira (1\u00ba), no hospital DF Star, em Bras\u00edlia, para realizar o procedimento.\u00a0<\/strong><img decoding=\"async\" src=\"https:\/\/agenciabrasil.ebc.com.br\/ebc.png?id=1688113&amp;o=node\"><img decoding=\"async\" src=\"https:\/\/agenciabrasil.ebc.com.br\/ebc.gif?id=1688113&amp;o=node\"><\/p>\n<p>No boletim m\u00e9dico divulgado por volta das 14h, a equipe m\u00e9dica informou que Bolsonaro foi submetido a cirurgia de reparo artrosc\u00f3pico do manguito rotador \u00e0 direita.\u00a0<strong>A opera\u00e7\u00e3o ocorreu sem intercorr\u00eancias.<\/strong><\/p>\n<blockquote class=\"wp-block-quote is-layout-flow wp-block-quote-is-layout-flow\">\n<p>\u201cNo momento, encontra-se internado em unidade de interna\u00e7\u00e3o para controle de dor e observa\u00e7\u00e3o cl\u00ednica\u201d diz o boletim.<\/p>\n<\/blockquote>\n<p>A equipe m\u00e9dica que acompanha o ex-presidente \u00e9 formada pelo ortopedista Alexandre Firmino Paniago \u2013 cirurgi\u00e3o de ombro; Claudio Birolini \u2013 cirurgi\u00e3o geral; Leandro Echenique e Brasil Caiado \u2013 cardiologistas e Allisson B. Barcelos Borges \u2013 diretor geral do hospital.<\/p>\n<p><strong>A autoriza\u00e7\u00e3o da cirurgia foi concedida pelo ministro Alexandre de Moraes, do Supremo Tribunal Federal (STF), ap\u00f3s uma\u00a0manifesta\u00e7\u00e3o favor\u00e1vel\u00a0do procurador-geral da Rep\u00fablica, Paulo Gonet.<\/strong><\/p>\n<p>Os exames e o relat\u00f3rio fisioterap\u00eautico anexados ao processo indicavam a necessidade da cirurgia para repara\u00e7\u00e3o de les\u00f5es na regi\u00e3o do ombro.<\/p>\n<p>Por decis\u00e3o do ministro, de 24 de mar\u00e7o, Bolsonaro est\u00e1 em pris\u00e3o domiciliar humanit\u00e1ria, ap\u00f3s deixar o mesmo hospital privado da capital federal, onde esteve internado para tratar um quadro de pneumonia bacteriana.<\/p>\n<p>O ex-presidente\u00a0foi condenado\u00a0pela Primeira Turma do Supremo Tribunal Federal (STF), em setembro de 2025, a 27 anos e 3 meses de pris\u00e3o na a\u00e7\u00e3o penal da trama golpista.<\/p>\n<p><em>Siga o Acorda Cidade no<\/em><a href=\"https:\/\/news.google.com\/search?q=acorda%20cidade&amp;hl=pt-BR&amp;gl=BR&amp;ceid=BR%3Apt-419\"><strong><em>\u00a0Google Not\u00edcias<\/em><\/strong><\/a><em>\u00a0e receba os principais destaques do dia. Participe tamb\u00e9m dos nossos canais no\u00a0<\/em><a href=\"https:\/\/www.whatsapp.com\/channel\/0029Va6Rb4v3WHTNnsh8WI3N\"><strong><em>WhatsApp<\/em><\/strong><\/a><em>\u00a0e\u00a0<\/em><a href=\"https:\/\/www.youtube.com\/@acordacidadenoticias\/videos\"><strong>YouTube<\/strong><\/a><em>\u00a0e grupo de\u00a0<\/em><a href=\"https:\/\/t.me\/+sSz0khrgARA0ZmRh\"><strong><em>Telegram<\/em><\/strong><\/a><em>.<\/em><\/p>\n<\/div>\n","protected":false},"excerpt":{"rendered":"<div>\n<div>\n<figure><img decoding=\"async\" src=\"https:\/\/www.acordacidade.com.br\/wp-content\/uploads\/2026\/03\/hospital-df-star-mc_abr_17092025-1.webp\" alt=\"Bolsonaro mant\u00e9m melhora, mas segue em UTI, diz boletim m\u00e9dico\"><figcaption>Foto: Marcelo Camargo\/Ag\u00eancia Brasil<\/figcaption><\/figure>\n<\/div>\n<p>A equipe m\u00e9dica informou que Bolsonaro foi submetido a cirurgia de reparo artrosc\u00f3pico do manguito rotador \u00e0 direita.<\/p><\/div>\n","protected":false},"author":1,"featured_media":129226,"comment_status":"closed","ping_status":"closed","sticky":false,"template":"","format":"gallery","meta":{"footnotes":""},"categories":[8,9,6,57,56,10],"tags":[],"class_list":["post-129225","post","type-post","status-publish","format-gallery","has-post-thumbnail","hentry","category-bahia","category-brasil","category-feira-de-santana","category-mundo","category-policia","category-politica","post_format-post-format-gallery"],"featured_image_urls":{"full":["https:\/\/noticiasbahia360.com.br\/wp-content\/uploads\/2026\/05\/hospital-df-star-mc_abr_17092025-1.webp",1200,718,false],"thumbnail":["https:\/\/noticiasbahia360.com.br\/wp-content\/uploads\/2026\/05\/hospital-df-star-mc_abr_17092025-1-150x150.webp",150,150,true],"medium":["https:\/\/noticiasbahia360.com.br\/wp-content\/uploads\/2026\/05\/hospital-df-star-mc_abr_17092025-1-300x180.webp",300,180,true],"medium_large":["https:\/\/noticiasbahia360.com.br\/wp-content\/uploads\/2026\/05\/hospital-df-star-mc_abr_17092025-1-768x460.webp",640,383,true],"large":["https:\/\/noticiasbahia360.com.br\/wp-content\/uploads\/2026\/05\/hospital-df-star-mc_abr_17092025-1-1024x613.webp",640,383,true],"1536x1536":["https:\/\/noticiasbahia360.com.br\/wp-content\/uploads\/2026\/05\/hospital-df-star-mc_abr_17092025-1.webp",1200,718,false],"2048x2048":["https:\/\/noticiasbahia360.com.br\/wp-content\/uploads\/2026\/05\/hospital-df-star-mc_abr_17092025-1.webp",1200,718,false],"chromenews-featured":["https:\/\/noticiasbahia360.com.br\/wp-content\/uploads\/2026\/05\/hospital-df-star-mc_abr_17092025-1-1024x613.webp",1024,613,true],"chromenews-large":["https:\/\/noticiasbahia360.com.br\/wp-content\/uploads\/2026\/05\/hospital-df-star-mc_abr_17092025-1-825x575.webp",825,575,true],"chromenews-medium":["https:\/\/noticiasbahia360.com.br\/wp-content\/uploads\/2026\/05\/hospital-df-star-mc_abr_17092025-1-590x410.webp",590,410,true]},"author_info":{"display_name":"noticiasbahia360.com.br","author_link":"https:\/\/noticiasbahia360.com.br\/?author=1"},"category_info":"<a href=\"https:\/\/noticiasbahia360.com.br\/?cat=8\" rel=\"category\">Bahia<\/a> <a href=\"https:\/\/noticiasbahia360.com.br\/?cat=9\" rel=\"category\">Brasil<\/a> <a href=\"https:\/\/noticiasbahia360.com.br\/?cat=6\" rel=\"category\">Feira de Santana<\/a> <a href=\"https:\/\/noticiasbahia360.com.br\/?cat=57\" rel=\"category\">Mundo<\/a> <a href=\"https:\/\/noticiasbahia360.com.br\/?cat=56\" rel=\"category\">Pol\u00edcia<\/a> <a href=\"https:\/\/noticiasbahia360.com.br\/?cat=10\" rel=\"category\">Pol\u00edtica<\/a>","tag_info":"Pol\u00edtica","comment_count":"0","_links":{"self":[{"href":"https:\/\/noticiasbahia360.com.br\/index.php?rest_route=\/wp\/v2\/posts\/129225","targetHints":{"allow":["GET"]}}],"collection":[{"href":"https:\/\/noticiasbahia360.com.br\/index.php?rest_route=\/wp\/v2\/posts"}],"about":[{"href":"https:\/\/noticiasbahia360.com.br\/index.php?rest_route=\/wp\/v2\/types\/post"}],"author":[{"embeddable":true,"href":"https:\/\/noticiasbahia360.com.br\/index.php?rest_route=\/wp\/v2\/users\/1"}],"replies":[{"embeddable":true,"href":"https:\/\/noticiasbahia360.com.br\/index.php?rest_route=%2Fwp%2Fv2%2Fcomments&post=129225"}],"version-history":[{"count":0,"href":"https:\/\/noticiasbahia360.com.br\/index.php?rest_route=\/wp\/v2\/posts\/129225\/revisions"}],"wp:featuredmedia":[{"embeddable":true,"href":"https:\/\/noticiasbahia360.com.br\/index.php?rest_route=\/wp\/v2\/media\/129226"}],"wp:attachment":[{"href":"https:\/\/noticiasbahia360.com.br\/index.php?rest_route=%2Fwp%2Fv2%2Fmedia&parent=129225"}],"wp:term":[{"taxonomy":"category","embeddable":true,"href":"https:\/\/noticiasbahia360.com.br\/index.php?rest_route=%2Fwp%2Fv2%2Fcategories&post=129225"},{"taxonomy":"post_tag","embeddable":true,"href":"https:\/\/noticiasbahia360.com.br\/index.php?rest_route=%2Fwp%2Fv2%2Ftags&post=129225"}],"curies":[{"name":"wp","href":"https:\/\/api.w.org\/{rel}","templated":true}]}}