{"id":129227,"date":"2026-05-01T16:46:18","date_gmt":"2026-05-01T19:46:18","guid":{"rendered":"https:\/\/noticiasbahia360.com.br\/?p=129227"},"modified":"2026-05-01T16:46:18","modified_gmt":"2026-05-01T19:46:18","slug":"chuvas-intensas-governo-federal-reforca-acoes-de-emergencia-em-pernambuco-e-paraiba","status":"publish","type":"post","link":"https:\/\/noticiasbahia360.com.br\/?p=129227","title":{"rendered":"Chuvas intensas: Governo Federal refor\u00e7a a\u00e7\u00f5es de emerg\u00eancia em Pernambuco e Para\u00edba"},"content":{"rendered":"<div>\n<div>\n<figure><img decoding=\"async\" src=\"http:\/\/noticiasbahia360.com.br\/wp-content\/uploads\/2026\/05\/chuvas-em-Pernambuco.webp\" alt=\"Chuvas intensas: Governo Federal refor\u00e7a a\u00e7\u00f5es de emerg\u00eancia em Pernambuco e Para\u00edba\"><figcaption>Fortes chuvas que acometem duas regi\u00f5es causaram transtornos em diversas cidades pernambucanas | Foto: CBM\/PE<\/figcaption><\/figure>\n<\/div>\n<p>O Governo do Brasil enviou uma equipe da Defesa Civil Nacional est\u00e1 a caminho, de Pernambuco, nesta sexta-feira (1\u00ba), com o objetivo de apoiar as a\u00e7\u00f5es de resposta \u00e0s fortes chuvas que atingem o estado. O ministro da Integra\u00e7\u00e3o e do Desenvolvimento Regional, Waldez G\u00f3es, entrou em contato com a governadora de Pernambuco, Raquel Lyra, e com o prefeito do Recife, Vitor Marques, para orientar sobre as provid\u00eancias necess\u00e1rias para o reconhecimento sum\u00e1rio da situa\u00e7\u00e3o de emerg\u00eancia, medida que permitir\u00e1 ao Minist\u00e9rio da Integra\u00e7\u00e3o e do Desenvolvimento Regional (MIDR) agilizar o envio de recursos para a\u00e7\u00f5es de socorro e ajuda humanit\u00e1ria. A mobiliza\u00e7\u00e3o ocorre ap\u00f3s orienta\u00e7\u00e3o do presidente Luiz In\u00e1cio Lula da Silva para aten\u00e7\u00e3o total \u00e0s a\u00e7\u00f5es de assist\u00eancia \u00e0 popula\u00e7\u00e3o afetada.<\/p>\n<p>Em declara\u00e7\u00e3o nesta sexta-feira, o ministro Waldez G\u00f3es ressaltou que o Governo Federal est\u00e1 mobilizado para apoiar a popula\u00e7\u00e3o pernambucana. \u201cJ\u00e1 conversei com autoridades locais, como o senador Humberto Costa, o ex-prefeito Jo\u00e3o Campos e a governadora Raquel Lyra, para informar que a determina\u00e7\u00e3o do presidente Lula \u00e9 clara: garantir o socorro e assist\u00eancia do Governo Federal nessa situa\u00e7\u00e3o de emerg\u00eancia\u201d, afirmou o ministro.<\/p>\n<p>Waldez G\u00f3es tamb\u00e9m destacou que equipes da Defesa Civil Nacional v\u00e3o atuar em campo, em parceria com as defesas civis estaduais e municipais, para avaliar a situa\u00e7\u00e3o e adotar as medidas necess\u00e1rias para reduzir os impactos causados pelas chuvas em Pernambuco.<\/p>\n<blockquote class=\"wp-block-quote is-layout-flow wp-block-quote-is-layout-flow\">\n<p>Conversei hoje pela manh\u00e3 por telefone com o ex-prefeito Jo\u00e3o Campos e o senador Humberto Costa sobre as fortes chuvas que caem no Grande Recife e em outras regi\u00f5es de Pernambuco. Determinei imediatamente o pronto apoio federal \u00e0s autoridades locais. O ministro da Integra\u00e7\u00e3o\u2026\u2014 Lula (@LulaOficial)\u00a0<a href=\"https:\/\/twitter.com\/LulaOficial\/status\/2050242578696622414?ref_src=twsrc%5Etfw\">May 1, 2026<\/a><\/p>\n<\/blockquote>\n<p><strong>Apoio<\/strong>\u00a0\u2013 Para apoiar os estados da Para\u00edba e Pernambuco, atingidos por temporais nas \u00faltimas 24h, o Minist\u00e9rio da Integra\u00e7\u00e3o e do Desenvolvimento Regional (MIDR) est\u00e1 com a equipe t\u00e9cnica mobilizada. O Departamento de Prepara\u00e7\u00e3o e Socorro (DPS) da Secretaria Nacional de Prote\u00e7\u00e3o e Defesa Civil (Sedec) elevou o n\u00edvel operacional para laranja (aten\u00e7\u00e3o) e segue monitorando o cen\u00e1rio, com a emiss\u00e3o de boletins informativos sobre a situa\u00e7\u00e3o atual e comunica\u00e7\u00e3o permanente com as ag\u00eancias do Sistema Federal de Prote\u00e7\u00e3o e Defesa Civil e defesas civis estaduais e municipais.<\/p>\n<p>De acordo com o \u00faltimo boletim, divulgado nesta sexta-feira (1), \u00e0s 12h, o estado de Pernambuco est\u00e1 com sete munic\u00edpios em alerta e teve registros expressivos de acumulado de chuva nas \u00faltimas 24 horas, em mil\u00edmetros (mm), com destaque para as seguintes cidades: Goiana (181 mm), Abreu e Lima (144,8 mm), Paulista (142,9 mm), Igarassu (140,5 mm), Condado (129,6 mm), Itaquitinga (120,8 mm) e Itamb\u00e9 (117,6 mm). Em Recife, foram registrados pontos de alagamento.<\/p>\n<p>Os t\u00e9cnicos tamb\u00e9m fazem o monitoramento hidrol\u00f3gico em rios da Mata Norte de Pernambuco. O risco hidrol\u00f3gico e urbano est\u00e1 em evolu\u00e7\u00e3o, com possibilidade de alagamentos, transbordamentos de rios e deslizamentos de terra em \u00e1reas vulner\u00e1veis.<\/p>\n<p><strong>Para\u00edba<\/strong>\u00a0\u2013 A\u00a0Para\u00edba tamb\u00e9m registrou chuvas intensas e est\u00e1 em risco. H\u00e1 alerta laranja (perigo) para parte do estado, com previs\u00e3o de chuva entre 30 e 60 mil\u00edmetros (mm) por hora, ventos intensos, risco de alagamentos, queda de \u00e1rvores e interrup\u00e7\u00f5es de energia.<\/p>\n<p>Entre os munic\u00edpios em alerta, destaque para Jo\u00e3o Pessoa, Cabedelo, Santa Rita, Bayeux, Conde, Mamanguape, Guarabira, Sap\u00e9, Rio Tinto, Alhandra, Areia e Bananeiras.<\/p>\n<p><em>Siga o Acorda Cidade no<\/em><a href=\"https:\/\/news.google.com\/search?q=acorda%20cidade&amp;hl=pt-BR&amp;gl=BR&amp;ceid=BR%3Apt-419\"><strong><em>\u00a0Google Not\u00edcias<\/em><\/strong><\/a><em>\u00a0e receba os principais destaques do dia. Participe tamb\u00e9m dos nossos canais no\u00a0<\/em><a href=\"https:\/\/www.whatsapp.com\/channel\/0029Va6Rb4v3WHTNnsh8WI3N\"><strong><em>WhatsApp<\/em><\/strong><\/a><em>\u00a0e\u00a0<\/em><a href=\"https:\/\/www.youtube.com\/@acordacidadenoticias\/videos\"><strong>YouTube<\/strong><\/a><em>\u00a0e grupo de\u00a0<\/em><a href=\"https:\/\/t.me\/+sSz0khrgARA0ZmRh\"><strong><em>Telegram<\/em><\/strong><\/a><em>.<\/em><\/p>\n<\/div>\n","protected":false},"excerpt":{"rendered":"<div>\n<div>\n<figure><img decoding=\"async\" src=\"https:\/\/uploads.acordacidade.com.br\/2026\/05\/chuvas-em-Pernambuco.webp\" alt=\"Chuvas intensas: Governo Federal refor\u00e7a a\u00e7\u00f5es de emerg\u00eancia em Pernambuco e Para\u00edba\"><figcaption>Fortes chuvas que acometem duas regi\u00f5es causaram transtornos em diversas cidades pernambucanas | Foto: CBM\/PE<\/figcaption><\/figure>\n<\/div>\n<p>Em declara\u00e7\u00e3o nesta sexta-feira, o ministro Waldez G\u00f3es ressaltou que o Governo Federal est\u00e1 mobilizado para apoiar a popula\u00e7\u00e3o pernambucana.<\/p><\/div>\n","protected":false},"author":1,"featured_media":129228,"comment_status":"closed","ping_status":"closed","sticky":false,"template":"","format":"gallery","meta":{"footnotes":""},"categories":[8,9,6,57,56,10],"tags":[],"class_list":["post-129227","post","type-post","status-publish","format-gallery","has-post-thumbnail","hentry","category-bahia","category-brasil","category-feira-de-santana","category-mundo","category-policia","category-politica","post_format-post-format-gallery"],"featured_image_urls":{"full":["https:\/\/noticiasbahia360.com.br\/wp-content\/uploads\/2026\/05\/chuvas-em-Pernambuco.webp",1200,759,false],"thumbnail":["https:\/\/noticiasbahia360.com.br\/wp-content\/uploads\/2026\/05\/chuvas-em-Pernambuco-150x150.webp",150,150,true],"medium":["https:\/\/noticiasbahia360.com.br\/wp-content\/uploads\/2026\/05\/chuvas-em-Pernambuco-300x190.webp",300,190,true],"medium_large":["https:\/\/noticiasbahia360.com.br\/wp-content\/uploads\/2026\/05\/chuvas-em-Pernambuco-768x486.webp",640,405,true],"large":["https:\/\/noticiasbahia360.com.br\/wp-content\/uploads\/2026\/05\/chuvas-em-Pernambuco-1024x648.webp",640,405,true],"1536x1536":["https:\/\/noticiasbahia360.com.br\/wp-content\/uploads\/2026\/05\/chuvas-em-Pernambuco.webp",1200,759,false],"2048x2048":["https:\/\/noticiasbahia360.com.br\/wp-content\/uploads\/2026\/05\/chuvas-em-Pernambuco.webp",1200,759,false],"chromenews-featured":["https:\/\/noticiasbahia360.com.br\/wp-content\/uploads\/2026\/05\/chuvas-em-Pernambuco-1024x648.webp",1024,648,true],"chromenews-large":["https:\/\/noticiasbahia360.com.br\/wp-content\/uploads\/2026\/05\/chuvas-em-Pernambuco-825x575.webp",825,575,true],"chromenews-medium":["https:\/\/noticiasbahia360.com.br\/wp-content\/uploads\/2026\/05\/chuvas-em-Pernambuco-590x410.webp",590,410,true]},"author_info":{"display_name":"noticiasbahia360.com.br","author_link":"https:\/\/noticiasbahia360.com.br\/?author=1"},"category_info":"<a href=\"https:\/\/noticiasbahia360.com.br\/?cat=8\" rel=\"category\">Bahia<\/a> <a href=\"https:\/\/noticiasbahia360.com.br\/?cat=9\" rel=\"category\">Brasil<\/a> <a href=\"https:\/\/noticiasbahia360.com.br\/?cat=6\" rel=\"category\">Feira de Santana<\/a> <a href=\"https:\/\/noticiasbahia360.com.br\/?cat=57\" rel=\"category\">Mundo<\/a> <a href=\"https:\/\/noticiasbahia360.com.br\/?cat=56\" rel=\"category\">Pol\u00edcia<\/a> <a href=\"https:\/\/noticiasbahia360.com.br\/?cat=10\" rel=\"category\">Pol\u00edtica<\/a>","tag_info":"Pol\u00edtica","comment_count":"0","_links":{"self":[{"href":"https:\/\/noticiasbahia360.com.br\/index.php?rest_route=\/wp\/v2\/posts\/129227","targetHints":{"allow":["GET"]}}],"collection":[{"href":"https:\/\/noticiasbahia360.com.br\/index.php?rest_route=\/wp\/v2\/posts"}],"about":[{"href":"https:\/\/noticiasbahia360.com.br\/index.php?rest_route=\/wp\/v2\/types\/post"}],"author":[{"embeddable":true,"href":"https:\/\/noticiasbahia360.com.br\/index.php?rest_route=\/wp\/v2\/users\/1"}],"replies":[{"embeddable":true,"href":"https:\/\/noticiasbahia360.com.br\/index.php?rest_route=%2Fwp%2Fv2%2Fcomments&post=129227"}],"version-history":[{"count":0,"href":"https:\/\/noticiasbahia360.com.br\/index.php?rest_route=\/wp\/v2\/posts\/129227\/revisions"}],"wp:featuredmedia":[{"embeddable":true,"href":"https:\/\/noticiasbahia360.com.br\/index.php?rest_route=\/wp\/v2\/media\/129228"}],"wp:attachment":[{"href":"https:\/\/noticiasbahia360.com.br\/index.php?rest_route=%2Fwp%2Fv2%2Fmedia&parent=129227"}],"wp:term":[{"taxonomy":"category","embeddable":true,"href":"https:\/\/noticiasbahia360.com.br\/index.php?rest_route=%2Fwp%2Fv2%2Fcategories&post=129227"},{"taxonomy":"post_tag","embeddable":true,"href":"https:\/\/noticiasbahia360.com.br\/index.php?rest_route=%2Fwp%2Fv2%2Ftags&post=129227"}],"curies":[{"name":"wp","href":"https:\/\/api.w.org\/{rel}","templated":true}]}} 