{"id":129229,"date":"2026-05-01T16:51:28","date_gmt":"2026-05-01T19:51:28","guid":{"rendered":"https:\/\/noticiasbahia360.com.br\/?p=129229"},"modified":"2026-05-01T16:51:28","modified_gmt":"2026-05-01T19:51:28","slug":"brasil-reduz-homicidios-e-latrocinios-e-registra-melhor-resultado-da-decada-aponta-ministerio-da-justica","status":"publish","type":"post","link":"https:\/\/noticiasbahia360.com.br\/?p=129229","title":{"rendered":"Brasil reduz homic\u00eddios e latroc\u00ednios e registra melhor resultado da d\u00e9cada, aponta Minist\u00e9rio da Justi\u00e7a"},"content":{"rendered":"<div>\n<div>\n<figure><img decoding=\"async\" src=\"http:\/\/noticiasbahia360.com.br\/wp-content\/uploads\/2026\/05\/homicidios_redessociais-2.jpeg\" alt=\"Homic\u00eddio\"><figcaption>Foto: Enviada via WhatsApp<\/figcaption><\/figure>\n<\/div>\n<p>Ag\u00eancia Brasil \u2013 <strong>O Brasil registrou, no primeiro trimestre de 2026, o menor n\u00famero de homic\u00eddios dolosos e latroc\u00ednios (roubos seguidos de morte) dos \u00faltimos dez anos para o per\u00edodo de janeiro a mar\u00e7o.\u00a0<\/strong><img decoding=\"async\" src=\"https:\/\/agenciabrasil.ebc.com.br\/ebc.png?id=1688111&amp;o=node\"><img decoding=\"async\" src=\"https:\/\/agenciabrasil.ebc.com.br\/ebc.gif?id=1688111&amp;o=node\"><\/p>\n<p>Os dados foram divulgados pelo Minist\u00e9rio da Justi\u00e7a e Seguran\u00e7a P\u00fablica (MJSP), com base no Sistema Nacional de Informa\u00e7\u00f5es de Seguran\u00e7a P\u00fablica.<\/p>\n<p>De acordo com o levantamento,\u00a0<strong>a redu\u00e7\u00e3o dos crimes letais consolida uma tend\u00eancia de queda ao longo da \u00faltima d\u00e9cada e indica avan\u00e7o na atua\u00e7\u00e3o das for\u00e7as de seguran\u00e7a.<\/strong><\/p>\n<p>Principais n\u00fameros do levantamento:<\/p>\n<ul class=\"wp-block-list\">\n<li>Homic\u00eddios dolosos: 7.289 casos em 2026, ante 12.719 em 2016 (queda de 42,7%);<\/li>\n<li>Latroc\u00ednios: 160 registros em 2026, contra 591 em 2016 (redu\u00e7\u00e3o de 72,9%).<\/li>\n<\/ul>\n<p><strong>A s\u00e9rie hist\u00f3rica indica que o resultado atual \u00e9 o melhor da d\u00e9cada para o primeiro trimestre.<\/strong><\/p>\n<p>Para o ministro da Justi\u00e7a e Seguran\u00e7a P\u00fablica, Wellington C\u00e9sar Lima e Silva, os\u00a0<strong>n\u00fameros refletem mudan\u00e7as na estrat\u00e9gia de enfrentamento \u00e0 criminalidade, com maior integra\u00e7\u00e3o entre for\u00e7as de seguran\u00e7a, uso intensivo de intelig\u00eancia e atua\u00e7\u00e3o coordenada em todo o pa\u00eds.<\/strong><\/p>\n<p>O levantamento tamb\u00e9m comparou a evolu\u00e7\u00e3o dos homic\u00eddios nos \u00faltimos quatro anos, com as seguintes quedas:<\/p>\n<ul class=\"wp-block-list\">\n<li>Homic\u00eddios (2022\u20132026): recuo de 9.714 para 7.289 (-25%);<\/li>\n<li>Latroc\u00ednios (2022\u20132026): queda de 308 para 160 (-48,1%).<\/li>\n<\/ul>\n<p>Al\u00e9m da queda nos crimes letais, o\u00a0<strong>relat\u00f3rio aponta aumento na atua\u00e7\u00e3o das for\u00e7as de seguran\u00e7a:<\/strong><\/p>\n<ul class=\"wp-block-list\">\n<li>Mandados de pris\u00e3o cumpridos: 72.965 em 2026, ante 53.212 em 2022 (alta de 37,1%)<\/li>\n<\/ul>\n<p>Segundo o secret\u00e1rio nacional de Seguran\u00e7a P\u00fablica, Chico Lucas, o aumento de investimentos tamb\u00e9m contribuiu para os resultados.<\/p>\n<p><strong>O Fundo Nacional de Seguran\u00e7a P\u00fablica passou de R$ 970,7 milh\u00f5es no bi\u00eanio 2021\u20132022 para R$ 1,76 bilh\u00e3o em 2023\u20132024, alta de 80,9%, com aplica\u00e7\u00e3o em tecnologia, equipamentos, per\u00edcia e forma\u00e7\u00e3o policial.<\/strong><\/p>\n<p>De acordo com Minist\u00e9rio da Justi\u00e7a e Seguran\u00e7a P\u00fablica, a estrat\u00e9gia atual prioriza a integra\u00e7\u00e3o entre Uni\u00e3o e estados, o uso de dados para orientar opera\u00e7\u00f5es e o combate \u00e0s estruturas financeiras do crime organizado.<\/p>\n<p><em>Siga o Acorda Cidade no<\/em><a href=\"https:\/\/news.google.com\/search?q=acorda%20cidade&amp;hl=pt-BR&amp;gl=BR&amp;ceid=BR%3Apt-419\"><strong><em>\u00a0Google Not\u00edcias<\/em><\/strong><\/a><em>\u00a0e receba os principais destaques do dia. Participe tamb\u00e9m dos nossos canais no\u00a0<\/em><a href=\"https:\/\/www.whatsapp.com\/channel\/0029Va6Rb4v3WHTNnsh8WI3N\"><strong><em>WhatsApp<\/em><\/strong><\/a><em>\u00a0e\u00a0<\/em><a href=\"https:\/\/www.youtube.com\/@acordacidadenoticias\/videos\"><strong>YouTube<\/strong><\/a><em>\u00a0e grupo de\u00a0<\/em><a href=\"https:\/\/t.me\/+sSz0khrgARA0ZmRh\"><strong><em>Telegram<\/em><\/strong><\/a><em>.<\/em><\/p>\n<\/div>\n","protected":false},"excerpt":{"rendered":"<div>\n<div>\n<figure><img decoding=\"async\" src=\"https:\/\/www.acordacidade.com.br\/wp-content\/uploads\/2023\/03\/12071130\/homicidios_redessociais-2.jpeg\" alt=\"Homic\u00eddio\"><figcaption>Foto: Enviada via WhatsApp<\/figcaption><\/figure>\n<\/div>\n<p>Al\u00e9m da queda nos crimes letais, o\u00a0relat\u00f3rio do minist\u00e9rio aponta aumento na atua\u00e7\u00e3o das for\u00e7as de seguran\u00e7a.<\/p><\/div>\n","protected":false},"author":1,"featured_media":129230,"comment_status":"closed","ping_status":"closed","sticky":false,"template":"","format":"gallery","meta":{"footnotes":""},"categories":[8,9,6,57,56,10],"tags":[],"class_list":["post-129229","post","type-post","status-publish","format-gallery","has-post-thumbnail","hentry","category-bahia","category-brasil","category-feira-de-santana","category-mundo","category-policia","category-politica","post_format-post-format-gallery"],"featured_image_urls":{"full":["https:\/\/noticiasbahia360.com.br\/wp-content\/uploads\/2026\/05\/homicidios_redessociais-2.jpeg",640,471,false],"thumbnail":["https:\/\/noticiasbahia360.com.br\/wp-content\/uploads\/2026\/05\/homicidios_redessociais-2-150x150.jpeg",150,150,true],"medium":["https:\/\/noticiasbahia360.com.br\/wp-content\/uploads\/2026\/05\/homicidios_redessociais-2-300x221.jpeg",300,221,true],"medium_large":["https:\/\/noticiasbahia360.com.br\/wp-content\/uploads\/2026\/05\/homicidios_redessociais-2.jpeg",640,471,false],"large":["https:\/\/noticiasbahia360.com.br\/wp-content\/uploads\/2026\/05\/homicidios_redessociais-2.jpeg",640,471,false],"1536x1536":["https:\/\/noticiasbahia360.com.br\/wp-content\/uploads\/2026\/05\/homicidios_redessociais-2.jpeg",640,471,false],"2048x2048":["https:\/\/noticiasbahia360.com.br\/wp-content\/uploads\/2026\/05\/homicidios_redessociais-2.jpeg",640,471,false],"chromenews-featured":["https:\/\/noticiasbahia360.com.br\/wp-content\/uploads\/2026\/05\/homicidios_redessociais-2.jpeg",640,471,false],"chromenews-large":["https:\/\/noticiasbahia360.com.br\/wp-content\/uploads\/2026\/05\/homicidios_redessociais-2.jpeg",640,471,false],"chromenews-medium":["https:\/\/noticiasbahia360.com.br\/wp-content\/uploads\/2026\/05\/homicidios_redessociais-2-590x410.jpeg",590,410,true]},"author_info":{"display_name":"noticiasbahia360.com.br","author_link":"https:\/\/noticiasbahia360.com.br\/?author=1"},"category_info":"<a href=\"https:\/\/noticiasbahia360.com.br\/?cat=8\" rel=\"category\">Bahia<\/a> <a href=\"https:\/\/noticiasbahia360.com.br\/?cat=9\" rel=\"category\">Brasil<\/a> <a href=\"https:\/\/noticiasbahia360.com.br\/?cat=6\" rel=\"category\">Feira de Santana<\/a> <a href=\"https:\/\/noticiasbahia360.com.br\/?cat=57\" rel=\"category\">Mundo<\/a> <a href=\"https:\/\/noticiasbahia360.com.br\/?cat=56\" rel=\"category\">Pol\u00edcia<\/a> <a href=\"https:\/\/noticiasbahia360.com.br\/?cat=10\" rel=\"category\">Pol\u00edtica<\/a>","tag_info":"Pol\u00edtica","comment_count":"0","_links":{"self":[{"href":"https:\/\/noticiasbahia360.com.br\/index.php?rest_route=\/wp\/v2\/posts\/129229","targetHints":{"allow":["GET"]}}],"collection":[{"href":"https:\/\/noticiasbahia360.com.br\/index.php?rest_route=\/wp\/v2\/posts"}],"about":[{"href":"https:\/\/noticiasbahia360.com.br\/index.php?rest_route=\/wp\/v2\/types\/post"}],"author":[{"embeddable":true,"href":"https:\/\/noticiasbahia360.com.br\/index.php?rest_route=\/wp\/v2\/users\/1"}],"replies":[{"embeddable":true,"href":"https:\/\/noticiasbahia360.com.br\/index.php?rest_route=%2Fwp%2Fv2%2Fcomments&post=129229"}],"version-history":[{"count":0,"href":"https:\/\/noticiasbahia360.com.br\/index.php?rest_route=\/wp\/v2\/posts\/129229\/revisions"}],"wp:featuredmedia":[{"embeddable":true,"href":"https:\/\/noticiasbahia360.com.br\/index.php?rest_route=\/wp\/v2\/media\/129230"}],"wp:attachment":[{"href":"https:\/\/noticiasbahia360.com.br\/index.php?rest_route=%2Fwp%2Fv2%2Fmedia&parent=129229"}],"wp:term":[{"taxonomy":"category","embeddable":true,"href":"https:\/\/noticiasbahia360.com.br\/index.php?rest_route=%2Fwp%2Fv2%2Fcategories&post=129229"},{"taxonomy":"post_tag","embeddable":true,"href":"https:\/\/noticiasbahia360.com.br\/index.php?rest_route=%2Fwp%2Fv2%2Ftags&post=129229"}],"curies":[{"name":"wp","href":"https:\/\/api.w.org\/{rel}","templated":true}]}} 