{"id":129231,"date":"2026-05-01T17:42:06","date_gmt":"2026-05-01T20:42:06","guid":{"rendered":"https:\/\/noticiasbahia360.com.br\/?p=129231"},"modified":"2026-05-01T17:42:06","modified_gmt":"2026-05-01T20:42:06","slug":"feira-de-santana-esta-entre-as-cidades-do-interior-com-mais-registros-de-armas-de-fogo-na-bahia-veja-o-ranking","status":"publish","type":"post","link":"https:\/\/noticiasbahia360.com.br\/?p=129231","title":{"rendered":"Feira de Santana est\u00e1 entre as cidades do interior com mais registros de armas de fogo na Bahia; veja o ranking"},"content":{"rendered":"<div>\n<div>\n<figure><img decoding=\"async\" src=\"http:\/\/noticiasbahia360.com.br\/wp-content\/uploads\/2026\/05\/tiro.webp\" alt=\"\"><figcaption>Foto:  Edilson Rodrigues\/Ag\u00eancia Senado<\/figcaption><\/figure>\n<\/div>\n<p>O estado da Bahia somou 1.118 novos registros de armas de fogo no Sistema Nacional de Armas (Sinarm) em 2025. Em todo o Brasil, o Sinarm contabilizou 32.201 novos registros e o n\u00famero da Bahia representa o nono maior contingente do pa\u00eds no ano passado. A plataforma \u00e9 gerida pelo Minist\u00e9rio da Justi\u00e7a, por meio da Pol\u00edcia Federal, que realiza o controle de armas de fogo em poder da popula\u00e7\u00e3o.<\/p>\n<p>O Sinarm tamb\u00e9m divulga a categoria dos requerentes da posse, entre eles, ca\u00e7adores, servidores p\u00fablicos e civis\/cidad\u00e3os. No cen\u00e1rio nacional, os estados com maior n\u00famero de registros foram Rio Grande do Sul (4.780), S\u00e3o Paulo (4.064) e Minas Gerais (3.274). Os demais estados que comp\u00f5em as dez primeiras posi\u00e7\u00f5es no ranking s\u00e3o Santa Catarina (2.689), Goi\u00e1s (1.999), Esp\u00edrito Santo (1.548), Paran\u00e1 (1.505), Rio de Janeiro (1.353), Bahia \u2013 que aparece como o nono lugar \u2013 e Rond\u00f4na (1.030).<\/p>\n<p>\u00a0Entre os 1.118 registros contabilziados no estado, 627 foram abertos por servidores p\u00fablicos, em decorr\u00eancia da fun\u00e7\u00e3o administrativa; e outros 491 foram solicita\u00e7\u00f5es de cidad\u00e3os civis. N\u00e3o houve\u00a0registros feitos por ca\u00e7adores.<\/p>\n<p>Na Bahia, o maior n\u00famero de registros se concentrou na capital, com\u00a0327 notifica\u00e7\u00f5es, sendo que 237 s\u00e3o solicita\u00e7\u00f5es de servidores por prerrogativa de fun\u00e7\u00e3o e 90 foram de civis. J\u00e1 no interior baiano, apenas 164 dos 417 munic\u00edpios contabilizaram registros de armas de fogo no \u00faltimo ano.<\/p>\n<p>As cidades baianas com maior n\u00famero de registros no \u00faltimo ano\u00a0\u2013 desconsiderando a capital \u2013 foram Feira de Santana, com 80 registros; Barreiras, no oeste baiano, com 61 registros; e Juazeiro, na regi\u00e3o norte, com 50. Vit\u00f3ria da Conquista, no sudoeste baiano, contabilizou 39 registros em 2025.\u00a0<\/p>\n<p>Segundo os dados nacionais, desde 1965, o Brasil j\u00e1 registou cerca de 2.958.241 armas de fogo legalizadas, j\u00e1 incluindo dados preliminares de 2026. Dentre esses milh\u00f5es de registros, 54%, o equivalente a 1.625.774, est\u00e3o vencidos, ou seja, est\u00e3o fora do prazo de validade, com possibilidade de regulariza\u00e7\u00e3o; e outros 3.050 est\u00e3o cancelados e, logo, est\u00e3o em situa\u00e7\u00e3o ilegal por descumprimento de requisitos.\u00a0<\/p>\n<p>Na Bahia, 61.849 registros foram contabilizados em 61 anos, tamb\u00e9m j\u00e1 incluindo dados iniciais deste ano. Entre eles, 138 estariam cancelados e 31.755 vencidos, o equivalente a 51%.\u00a0<\/p>\n<h2 class=\"wp-block-heading\" id=\"h-registros-de-armas\">Registros de Armas<\/h2>\n<p>No Brasil, todos os cidad\u00e3os que cumprirem os requisitos m\u00ednimos exigidos em lei o direito de possuir e portar armas de fogo para leg\u00edtima defesa ou prote\u00e7\u00e3o do pr\u00f3prio patrim\u00f4nio.\u00a0<\/p>\n<p>Os cidad\u00e3os brasileiros podem adquirir uma arma de fogo em raz\u00e3o de defesa pessoal desde que cumpram os requisitos obrigat\u00f3rios, sendo eles: ter idade m\u00ednima de 25 (vinte e cinco) anos; declarar a efetiva necessidade de possuir arma de fogo; comprovar idoneidade, com a apresenta\u00e7\u00e3o de certid\u00f5es negativas de antecedentes criminais; apresentar documento comprobat\u00f3rio de ocupa\u00e7\u00e3o l\u00edcita e de resid\u00eancia certa; e comprovar capacidade t\u00e9cnica e aptid\u00e3o psicol\u00f3gica para o manuseio de arma de fogo.\u00a0<\/p>\n<p>Respondendo a estes requisitos, em caso de solicita\u00e7\u00e3o aprovada, o solicitantes deve, em 15 dias, requerer o registro da arma de fogo obtida, mediante o preenchimento do requerimento do Sinarm.\u00a0<\/p>\n<p>Conforme o Estatuto do Desarmamento (Lei n\u00ba 10.826\/2003), que regula o registro, posse, porte e comercializa\u00e7\u00e3o de armas de fogo no Brasil, a posse permite manter uma arma legalizada estritamente em um endere\u00e7o designado, desde que voc\u00ea seja o respons\u00e1vel. J\u00e1 o porte de arma, tamb\u00e9m concedido pela PF, d\u00e1 autoriza\u00e7\u00e3o para o cidad\u00e3o circular com ela.\u00a0<\/p>\n<h2 class=\"wp-block-heading\" id=\"h-veja-o-ranking\">Veja o ranking:<\/h2>\n<h3 class=\"wp-block-heading\">Estados com mais novos registros no Brasil (Sinarm)<\/h3>\n<ol class=\"wp-block-list\">\n<li>Rio Grande do Sul \u2014 4.780 registros<\/li>\n<li>S\u00e3o Paulo \u2014 4.064 registros<\/li>\n<li>Minas Gerais \u2014 3.274 registros<\/li>\n<li>Santa Catarina \u2014 2.689 registros<\/li>\n<li>Goi\u00e1s \u2014 1.999 registros<\/li>\n<li>Esp\u00edrito Santo \u2014 1.548 registros<\/li>\n<li>Paran\u00e1 \u2014 1.505 registros<\/li>\n<li>Rio de Janeiro \u2014 1.353 registros<\/li>\n<li>Bahia \u2014 1.118 registros<\/li>\n<li>Rond\u00f4nia \u2014 1.030 registros<\/li>\n<\/ol>\n<hr class=\"wp-block-separator has-alpha-channel-opacity\">\n<h3 class=\"wp-block-heading\">Ranking das cidades com mais registros na Bahia (desconsiderando Salvador)<\/h3>\n<ol class=\"wp-block-list\">\n<li>Feira de Santana \u2014 80 registros<\/li>\n<li>Barreiras \u2014 61 registros<\/li>\n<li>Juazeiro \u2014 50 registros<\/li>\n<li>Vit\u00f3ria da Conquista \u2014 39 registros<\/li>\n<\/ol>\n<hr class=\"wp-block-separator has-alpha-channel-opacity\">\n<h3 class=\"wp-block-heading\">Distribui\u00e7\u00e3o dos registros na Bahia em 2025<\/h3>\n<ul class=\"wp-block-list\">\n<li>Total de registros no estado: 1.118<\/li>\n<li>Servidores p\u00fablicos: 627<\/li>\n<li>Civis\/cidad\u00e3os: 491<\/li>\n<li>Ca\u00e7adores: 0<\/li>\n<\/ul>\n<hr class=\"wp-block-separator has-alpha-channel-opacity\">\n<h3 class=\"wp-block-heading\">Salvador<\/h3>\n<ul class=\"wp-block-list\">\n<li>Total de registros: 327<\/li>\n<li>Servidores p\u00fablicos: 237<\/li>\n<li>Civis: 90<\/li>\n<\/ul>\n<hr class=\"wp-block-separator has-alpha-channel-opacity\">\n<h3 class=\"wp-block-heading\">Dados hist\u00f3ricos na Bahia (desde 1965)<\/h3>\n<p id=\"h-\">Registros cancelados: 138<\/p>\n<p>Total de armas registradas: 61.849<\/p>\n<p>Registros vencidos: 31.755 (51%)<\/p>\n<p><em>Fonte: <a href=\"https:\/\/www.bahianoticias.com.br\/noticia\/316298-bahia-contabiliza-1118-novos-registros-de-armas-de-fogo-em-2025-feira-barreiras-e-juazeiro-lideram-registros-no-interior\" type=\"link\" id=\"https:\/\/www.bahianoticias.com.br\/noticia\/316298-bahia-contabiliza-1118-novos-registros-de-armas-de-fogo-em-2025-feira-barreiras-e-juazeiro-lideram-registros-no-interior\">Bahia Not\u00edcias<\/a>, site parceiro do Acorda Cidade<\/em><\/p>\n<p><em>Siga o Acorda Cidade no<\/em><a href=\"https:\/\/news.google.com\/search?q=acorda%20cidade&amp;hl=pt-BR&amp;gl=BR&amp;ceid=BR%3Apt-419\"><strong><em>\u00a0Google Not\u00edcias<\/em><\/strong><\/a><em>\u00a0e receba os principais destaques do dia. Participe tamb\u00e9m dos nossos canais no\u00a0<\/em><a href=\"https:\/\/www.whatsapp.com\/channel\/0029Va6Rb4v3WHTNnsh8WI3N\"><strong><em>WhatsApp<\/em><\/strong><\/a><em>\u00a0e\u00a0<\/em><a href=\"https:\/\/www.youtube.com\/@acordacidadenoticias\/videos\"><strong>YouTube<\/strong><\/a><em>\u00a0e grupo de\u00a0<\/em><a href=\"https:\/\/t.me\/+sSz0khrgARA0ZmRh\"><strong><em>Telegram<\/em><\/strong><\/a><em>.<\/em><\/p>\n<\/div>\n","protected":false},"excerpt":{"rendered":"<div>\n<div>\n<figure><img decoding=\"async\" src=\"https:\/\/uploads.acordacidade.com.br\/2026\/05\/tiro.webp\" alt=\"\"><figcaption>Foto:  Edilson Rodrigues\/Ag\u00eancia Senado<\/figcaption><\/figure>\n<\/div>\n<p>O Sinarm tamb\u00e9m divulga a categoria dos requerentes da posse, entre eles, ca\u00e7adores, servidores p\u00fablicos e civis\/cidad\u00e3os.<\/p><\/div>\n","protected":false},"author":1,"featured_media":129232,"comment_status":"closed","ping_status":"closed","sticky":false,"template":"","format":"gallery","meta":{"footnotes":""},"categories":[8,9,6,57,56,10],"tags":[],"class_list":["post-129231","post","type-post","status-publish","format-gallery","has-post-thumbnail","hentry","category-bahia","category-brasil","category-feira-de-santana","category-mundo","category-policia","category-politica","post_format-post-format-gallery"],"featured_image_urls":{"full":["https:\/\/noticiasbahia360.com.br\/wp-content\/uploads\/2026\/05\/tiro.webp",1200,718,false],"thumbnail":["https:\/\/noticiasbahia360.com.br\/wp-content\/uploads\/2026\/05\/tiro-150x150.webp",150,150,true],"medium":["https:\/\/noticiasbahia360.com.br\/wp-content\/uploads\/2026\/05\/tiro-300x180.webp",300,180,true],"medium_large":["https:\/\/noticiasbahia360.com.br\/wp-content\/uploads\/2026\/05\/tiro-768x460.webp",640,383,true],"large":["https:\/\/noticiasbahia360.com.br\/wp-content\/uploads\/2026\/05\/tiro-1024x613.webp",640,383,true],"1536x1536":["https:\/\/noticiasbahia360.com.br\/wp-content\/uploads\/2026\/05\/tiro.webp",1200,718,false],"2048x2048":["https:\/\/noticiasbahia360.com.br\/wp-content\/uploads\/2026\/05\/tiro.webp",1200,718,false],"chromenews-featured":["https:\/\/noticiasbahia360.com.br\/wp-content\/uploads\/2026\/05\/tiro-1024x613.webp",1024,613,true],"chromenews-large":["https:\/\/noticiasbahia360.com.br\/wp-content\/uploads\/2026\/05\/tiro-825x575.webp",825,575,true],"chromenews-medium":["https:\/\/noticiasbahia360.com.br\/wp-content\/uploads\/2026\/05\/tiro-590x410.webp",590,410,true]},"author_info":{"display_name":"noticiasbahia360.com.br","author_link":"https:\/\/noticiasbahia360.com.br\/?author=1"},"category_info":"<a href=\"https:\/\/noticiasbahia360.com.br\/?cat=8\" rel=\"category\">Bahia<\/a> <a href=\"https:\/\/noticiasbahia360.com.br\/?cat=9\" rel=\"category\">Brasil<\/a> <a href=\"https:\/\/noticiasbahia360.com.br\/?cat=6\" rel=\"category\">Feira de Santana<\/a> <a href=\"https:\/\/noticiasbahia360.com.br\/?cat=57\" rel=\"category\">Mundo<\/a> <a href=\"https:\/\/noticiasbahia360.com.br\/?cat=56\" rel=\"category\">Pol\u00edcia<\/a> <a href=\"https:\/\/noticiasbahia360.com.br\/?cat=10\" rel=\"category\">Pol\u00edtica<\/a>","tag_info":"Pol\u00edtica","comment_count":"0","_links":{"self":[{"href":"https:\/\/noticiasbahia360.com.br\/index.php?rest_route=\/wp\/v2\/posts\/129231","targetHints":{"allow":["GET"]}}],"collection":[{"href":"https:\/\/noticiasbahia360.com.br\/index.php?rest_route=\/wp\/v2\/posts"}],"about":[{"href":"https:\/\/noticiasbahia360.com.br\/index.php?rest_route=\/wp\/v2\/types\/post"}],"author":[{"embeddable":true,"href":"https:\/\/noticiasbahia360.com.br\/index.php?rest_route=\/wp\/v2\/users\/1"}],"replies":[{"embeddable":true,"href":"https:\/\/noticiasbahia360.com.br\/index.php?rest_route=%2Fwp%2Fv2%2Fcomments&post=129231"}],"version-history":[{"count":0,"href":"https:\/\/noticiasbahia360.com.br\/index.php?rest_route=\/wp\/v2\/posts\/129231\/revisions"}],"wp:featuredmedia":[{"embeddable":true,"href":"https:\/\/noticiasbahia360.com.br\/index.php?rest_route=\/wp\/v2\/media\/129232"}],"wp:attachment":[{"href":"https:\/\/noticiasbahia360.com.br\/index.php?rest_route=%2Fwp%2Fv2%2Fmedia&parent=129231"}],"wp:term":[{"taxonomy":"category","embeddable":true,"href":"https:\/\/noticiasbahia360.com.br\/index.php?rest_route=%2Fwp%2Fv2%2Fcategories&post=129231"},{"taxonomy":"post_tag","embeddable":true,"href":"https:\/\/noticiasbahia360.com.br\/index.php?rest_route=%2Fwp%2Fv2%2Ftags&post=129231"}],"curies":[{"name":"wp","href":"https:\/\/api.w.org\/{rel}","templated":true}]}}