{"id":129235,"date":"2026-05-01T18:50:58","date_gmt":"2026-05-01T21:50:58","guid":{"rendered":"https:\/\/noticiasbahia360.com.br\/?p=129235"},"modified":"2026-05-01T18:50:58","modified_gmt":"2026-05-01T21:50:58","slug":"suspeito-tenta-fugir-mas-e-preso-com-drogas-no-bairro-mangabeira-em-feira-de-santana","status":"publish","type":"post","link":"https:\/\/noticiasbahia360.com.br\/?p=129235","title":{"rendered":"Suspeito tenta fugir, mas \u00e9 preso com drogas no bairro Mangabeira, em Feira de Santana"},"content":{"rendered":"<div>\n<div>\n<figure><img decoding=\"async\" src=\"http:\/\/noticiasbahia360.com.br\/wp-content\/uploads\/2026\/05\/apreensao-de-drogas-1-1.webp\" alt=\"Suspeito tenta fugir, mas \u00e9 preso com drogas no bairro Mangabeira, em Feira de Santana\"><figcaption>Foto: Ascom\/PM<\/figcaption><\/figure>\n<\/div>\n<p>Um homem foi conduzido \u00e0 delegacia por <a href=\"https:\/\/www.acordacidade.com.br\/tag\/trafico-de-drogas\/\" type=\"post_tag\" id=\"33821\">tr\u00e1fico de drogas<\/a> na manh\u00e3 desta sexta-feira (1\u00ba), no bairro Mangabeira, em Feira de Santana, ap\u00f3s uma a\u00e7\u00e3o de guarni\u00e7\u00f5es do 25\u00ba Batalh\u00e3o da Pol\u00edcia Militar (BPM).<\/p>\n<p>De acordo com informa\u00e7\u00f5es, por volta das 10h, equipes foram acionadas ap\u00f3s den\u00fancias repassadas pelo Centro Integrado de Comunica\u00e7\u00e3o (Cicom), informando a ocorr\u00eancia de intenso tr\u00e1fico de drogas na localidade.<\/p>\n<p>Ao chegarem ao endere\u00e7o indicado, os policiais visualizaram um homem carregando uma sacola. Ao perceber a aproxima\u00e7\u00e3o das viaturas, ele tentou fugir, pulando muros de algumas resid\u00eancias na tentativa de escapar.<\/p>\n<p>Durante a fuga, o suspeito abandonou a sacola, mas acabou sendo alcan\u00e7ado e detido pelos policiais.<\/p>\n<p>Na abordagem, foram apreendidos tr\u00eas sacos grandes com subst\u00e2ncia an\u00e1loga \u00e0 maconha, dois sacos m\u00e9dios da mesma droga, oito papelotes de maconha, um tablete de maconha, tr\u00eas por\u00e7\u00f5es de subst\u00e2ncia semelhante \u00e0 coca\u00edna, al\u00e9m de 18 comprimidos de subst\u00e2ncia an\u00e1loga a ecstasy\/MDMA e outros materiais relacionados ao tr\u00e1fico.<\/p>\n<p>O homem e todo o material apreendido foram encaminhados \u00e0 delegacia competente, onde foram adotadas as medidas cab\u00edveis.<\/p>\n<p><em>Com informa\u00e7\u00f5es do rep\u00f3rter Ed Santos, do Acorda Cidade<\/em><\/p>\n<p><em>Siga o Acorda Cidade no<\/em><a href=\"https:\/\/news.google.com\/search?q=acorda%20cidade&amp;hl=pt-BR&amp;gl=BR&amp;ceid=BR%3Apt-419\"><strong><em>\u00a0Google Not\u00edcias<\/em><\/strong><\/a><em>\u00a0e receba os principais destaques do dia. Participe tamb\u00e9m dos nossos canais no\u00a0<\/em><a href=\"https:\/\/www.whatsapp.com\/channel\/0029Va6Rb4v3WHTNnsh8WI3N\"><strong><em>WhatsApp<\/em><\/strong><\/a><em>\u00a0e\u00a0<\/em><a href=\"https:\/\/www.youtube.com\/@acordacidadenoticias\/videos\"><strong>YouTube<\/strong><\/a><em>\u00a0e grupo de\u00a0<\/em><a href=\"https:\/\/t.me\/+sSz0khrgARA0ZmRh\"><strong><em>Telegram<\/em><\/strong><\/a><em>.<\/em><\/p>\n<\/div>\n","protected":false},"excerpt":{"rendered":"<div>\n<div>\n<figure><img decoding=\"async\" src=\"https:\/\/uploads.acordacidade.com.br\/2026\/05\/apreensao-de-drogas-1-1.webp\" alt=\"Suspeito tenta fugir, mas \u00e9 preso com drogas no bairro Mangabeira, em Feira de Santana\"><figcaption>Foto: Ascom\/PM<\/figcaption><\/figure>\n<\/div>\n<p>Ao perceber a aproxima\u00e7\u00e3o das viaturas, ele tentou fugir, pulando muros de algumas resid\u00eancias na tentativa de escapar.<\/p><\/div>\n","protected":false},"author":1,"featured_media":129236,"comment_status":"closed","ping_status":"closed","sticky":false,"template":"","format":"gallery","meta":{"footnotes":""},"categories":[8,9,6,57,56,10],"tags":[],"class_list":["post-129235","post","type-post","status-publish","format-gallery","has-post-thumbnail","hentry","category-bahia","category-brasil","category-feira-de-santana","category-mundo","category-policia","category-politica","post_format-post-format-gallery"],"featured_image_urls":{"full":["https:\/\/noticiasbahia360.com.br\/wp-content\/uploads\/2026\/05\/apreensao-de-drogas-1-1.webp",1200,971,false],"thumbnail":["https:\/\/noticiasbahia360.com.br\/wp-content\/uploads\/2026\/05\/apreensao-de-drogas-1-1-150x150.webp",150,150,true],"medium":["https:\/\/noticiasbahia360.com.br\/wp-content\/uploads\/2026\/05\/apreensao-de-drogas-1-1-300x243.webp",300,243,true],"medium_large":["https:\/\/noticiasbahia360.com.br\/wp-content\/uploads\/2026\/05\/apreensao-de-drogas-1-1-768x621.webp",640,518,true],"large":["https:\/\/noticiasbahia360.com.br\/wp-content\/uploads\/2026\/05\/apreensao-de-drogas-1-1-1024x829.webp",640,518,true],"1536x1536":["https:\/\/noticiasbahia360.com.br\/wp-content\/uploads\/2026\/05\/apreensao-de-drogas-1-1.webp",1200,971,false],"2048x2048":["https:\/\/noticiasbahia360.com.br\/wp-content\/uploads\/2026\/05\/apreensao-de-drogas-1-1.webp",1200,971,false],"chromenews-featured":["https:\/\/noticiasbahia360.com.br\/wp-content\/uploads\/2026\/05\/apreensao-de-drogas-1-1-1024x829.webp",1024,829,true],"chromenews-large":["https:\/\/noticiasbahia360.com.br\/wp-content\/uploads\/2026\/05\/apreensao-de-drogas-1-1-825x575.webp",825,575,true],"chromenews-medium":["https:\/\/noticiasbahia360.com.br\/wp-content\/uploads\/2026\/05\/apreensao-de-drogas-1-1-590x410.webp",590,410,true]},"author_info":{"display_name":"noticiasbahia360.com.br","author_link":"https:\/\/noticiasbahia360.com.br\/?author=1"},"category_info":"<a href=\"https:\/\/noticiasbahia360.com.br\/?cat=8\" rel=\"category\">Bahia<\/a> <a href=\"https:\/\/noticiasbahia360.com.br\/?cat=9\" rel=\"category\">Brasil<\/a> <a href=\"https:\/\/noticiasbahia360.com.br\/?cat=6\" rel=\"category\">Feira de Santana<\/a> <a href=\"https:\/\/noticiasbahia360.com.br\/?cat=57\" rel=\"category\">Mundo<\/a> <a href=\"https:\/\/noticiasbahia360.com.br\/?cat=56\" rel=\"category\">Pol\u00edcia<\/a> <a href=\"https:\/\/noticiasbahia360.com.br\/?cat=10\" rel=\"category\">Pol\u00edtica<\/a>","tag_info":"Pol\u00edtica","comment_count":"0","_links":{"self":[{"href":"https:\/\/noticiasbahia360.com.br\/index.php?rest_route=\/wp\/v2\/posts\/129235","targetHints":{"allow":["GET"]}}],"collection":[{"href":"https:\/\/noticiasbahia360.com.br\/index.php?rest_route=\/wp\/v2\/posts"}],"about":[{"href":"https:\/\/noticiasbahia360.com.br\/index.php?rest_route=\/wp\/v2\/types\/post"}],"author":[{"embeddable":true,"href":"https:\/\/noticiasbahia360.com.br\/index.php?rest_route=\/wp\/v2\/users\/1"}],"replies":[{"embeddable":true,"href":"https:\/\/noticiasbahia360.com.br\/index.php?rest_route=%2Fwp%2Fv2%2Fcomments&post=129235"}],"version-history":[{"count":0,"href":"https:\/\/noticiasbahia360.com.br\/index.php?rest_route=\/wp\/v2\/posts\/129235\/revisions"}],"wp:featuredmedia":[{"embeddable":true,"href":"https:\/\/noticiasbahia360.com.br\/index.php?rest_route=\/wp\/v2\/media\/129236"}],"wp:attachment":[{"href":"https:\/\/noticiasbahia360.com.br\/index.php?rest_route=%2Fwp%2Fv2%2Fmedia&parent=129235"}],"wp:term":[{"taxonomy":"category","embeddable":true,"href":"https:\/\/noticiasbahia360.com.br\/index.php?rest_route=%2Fwp%2Fv2%2Fcategories&post=129235"},{"taxonomy":"post_tag","embeddable":true,"href":"https:\/\/noticiasbahia360.com.br\/index.php?rest_route=%2Fwp%2Fv2%2Ftags&post=129235"}],"curies":[{"name":"wp","href":"https:\/\/api.w.org\/{rel}","templated":true}]}}