{"id":129237,"date":"2026-05-01T18:56:06","date_gmt":"2026-05-01T21:56:06","guid":{"rendered":"https:\/\/noticiasbahia360.com.br\/?p=129237"},"modified":"2026-05-01T18:56:06","modified_gmt":"2026-05-01T21:56:06","slug":"pela-terceira-vez-jornalista-feirense-fara-cobertura-da-copa-do-mundo-direto-dos-estados-unidos","status":"publish","type":"post","link":"https:\/\/noticiasbahia360.com.br\/?p=129237","title":{"rendered":"Pela terceira vez, jornalista feirense far\u00e1 cobertura da Copa do Mundo direto dos Estados Unidos"},"content":{"rendered":"<div>\n<div>\n<figure><img decoding=\"async\" src=\"http:\/\/noticiasbahia360.com.br\/wp-content\/uploads\/2026\/05\/Uchoa.webp\" alt=\"\"><figcaption>Foto: Divulga\u00e7\u00e3o<\/figcaption><\/figure>\n<\/div>\n<p>A Copa do Mundo de 2026, que ser\u00e1 realizada entre os meses de junho e julho, contar\u00e1 com a cobertura internacional do jornalista Valdeir Uchoa, junto com a R\u00e1dio Princesa Fm, R\u00e1dio Nova Cidade Fm (Juazeiro) e Programa Altos Papos. O torneio, sediado de forma in\u00e9dita por tr\u00eas pa\u00edses, Estados Unidos, Canad\u00e1 e M\u00e9xico, ter\u00e1 uma cobertura especial ao longo de toda a competi\u00e7\u00e3o.<\/p>\n<p>Uchoa, que j\u00e1 cobriu os Mundiais da R\u00fassia e Catar, vai para sua terceira cobertura internacional de Copa e estar\u00e1 acompanhando de perto os jogos e movimenta\u00e7\u00f5es nas cidades-sede, trazendo informa\u00e7\u00f5es sobre a maior edi\u00e7\u00e3o da hist\u00f3ria da Copa do Mundo FIFA 2026, que contar\u00e1 com 48 sele\u00e7\u00f5es e um n\u00famero recorde de partidas.<\/p>\n<p>A cobertura ter\u00e1 foco na Sele\u00e7\u00e3o Brasileira, com conte\u00fados voltados ao torcedores Brasileiros, al\u00e9m de bastidores, curiosidades e a atmosfera do torneio. Ao lado de Uchoa, os jornalistas Joanna Morbeck, Rafael Carvalho e Taiuri Reis integram a equipe respons\u00e1vel por levar ao p\u00fablico todos os detalhes da mais importante competi\u00e7\u00e3o de futebol do Mundo.<\/p>\n<figure class=\"wp-block-image size-full\"><img fetchpriority=\"high\" fetchpriority=\"high\" decoding=\"async\" width=\"1200\" height=\"863\" src=\"http:\/\/noticiasbahia360.com.br\/wp-content\/uploads\/2026\/05\/uchoa-.webp\" alt=\"\" class=\"wp-image-651664\" srcset=\"http:\/\/noticiasbahia360.com.br\/wp-content\/uploads\/2026\/05\/uchoa-.webp 1200w, https:\/\/uploads.acordacidade.com.br\/2026\/05\/uchoa--750x539.webp 750w, https:\/\/uploads.acordacidade.com.br\/2026\/05\/uchoa--1000x719.webp 1000w, https:\/\/uploads.acordacidade.com.br\/2026\/05\/uchoa--450x324.webp 450w, https:\/\/uploads.acordacidade.com.br\/2026\/05\/uchoa--150x108.webp 150w\" sizes=\"(max-width: 1200px) 100vw, 1200px\"><figcaption class=\"wp-element-caption\">Foto: Divulga\u00e7\u00e3o<\/figcaption><\/figure>\n<p>O Altos Papos se prepara para oferecer atualiza\u00e7\u00f5es em tempo real, entrevistas exclusivas e an\u00e1lises dos principais momentos da competi\u00e7\u00e3o. A proposta \u00e9 garantir uma cobertura din\u00e2mica e aprofundada, destacando os desafios e as poss\u00edveis conquistas da equipe brasileira ao longo do torneio.<\/p>\n<p>A presen\u00e7a da equipe no Mundial refor\u00e7a o compromisso do programa em entregar conte\u00fado jornal\u00edstico de qualidade, aproximando o p\u00fablico brasileiro de um dos maiores eventos esportivos do planeta.<\/p>\n<p><em>Siga o Acorda Cidade no<\/em><a href=\"https:\/\/news.google.com\/search?q=acorda%20cidade&amp;hl=pt-BR&amp;gl=BR&amp;ceid=BR%3Apt-419\"><strong><em>\u00a0Google Not\u00edcias<\/em><\/strong><\/a><em>\u00a0e receba os principais destaques do dia. Participe tamb\u00e9m dos nossos canais no\u00a0<\/em><a href=\"https:\/\/www.whatsapp.com\/channel\/0029Va6Rb4v3WHTNnsh8WI3N\"><strong><em>WhatsApp<\/em><\/strong><\/a><em>\u00a0e\u00a0<\/em><a href=\"https:\/\/www.youtube.com\/@acordacidadenoticias\/videos\"><strong>YouTube<\/strong><\/a><em>\u00a0e grupo de\u00a0<\/em><a href=\"https:\/\/t.me\/+sSz0khrgARA0ZmRh\"><strong><em>Telegram<\/em><\/strong><\/a><em>.<\/em><\/p>\n<\/div>\n","protected":false},"excerpt":{"rendered":"<div>\n<div>\n<figure><img decoding=\"async\" src=\"https:\/\/uploads.acordacidade.com.br\/2026\/05\/Uchoa.webp\" alt=\"\"><figcaption>Foto: Divulga\u00e7\u00e3o<\/figcaption><\/figure>\n<\/div>\n<p>Uchoa, que j\u00e1 cobriu os Mundiais da R\u00fassia e Catar, vai para sua terceira cobertura internacional de Copa.<\/p><\/div>\n","protected":false},"author":1,"featured_media":129238,"comment_status":"closed","ping_status":"closed","sticky":false,"template":"","format":"gallery","meta":{"footnotes":""},"categories":[8,9,6,57,56,10],"tags":[],"class_list":["post-129237","post","type-post","status-publish","format-gallery","has-post-thumbnail","hentry","category-bahia","category-brasil","category-feira-de-santana","category-mundo","category-policia","category-politica","post_format-post-format-gallery"],"featured_image_urls":{"full":["https:\/\/noticiasbahia360.com.br\/wp-content\/uploads\/2026\/05\/Uchoa.webp",1200,868,false],"thumbnail":["https:\/\/noticiasbahia360.com.br\/wp-content\/uploads\/2026\/05\/Uchoa-150x150.webp",150,150,true],"medium":["https:\/\/noticiasbahia360.com.br\/wp-content\/uploads\/2026\/05\/Uchoa-300x217.webp",300,217,true],"medium_large":["https:\/\/noticiasbahia360.com.br\/wp-content\/uploads\/2026\/05\/Uchoa-768x556.webp",640,463,true],"large":["https:\/\/noticiasbahia360.com.br\/wp-content\/uploads\/2026\/05\/Uchoa-1024x741.webp",640,463,true],"1536x1536":["https:\/\/noticiasbahia360.com.br\/wp-content\/uploads\/2026\/05\/Uchoa.webp",1200,868,false],"2048x2048":["https:\/\/noticiasbahia360.com.br\/wp-content\/uploads\/2026\/05\/Uchoa.webp",1200,868,false],"chromenews-featured":["https:\/\/noticiasbahia360.com.br\/wp-content\/uploads\/2026\/05\/Uchoa-1024x741.webp",1024,741,true],"chromenews-large":["https:\/\/noticiasbahia360.com.br\/wp-content\/uploads\/2026\/05\/Uchoa-825x575.webp",825,575,true],"chromenews-medium":["https:\/\/noticiasbahia360.com.br\/wp-content\/uploads\/2026\/05\/Uchoa-590x410.webp",590,410,true]},"author_info":{"display_name":"noticiasbahia360.com.br","author_link":"https:\/\/noticiasbahia360.com.br\/?author=1"},"category_info":"<a href=\"https:\/\/noticiasbahia360.com.br\/?cat=8\" rel=\"category\">Bahia<\/a> <a href=\"https:\/\/noticiasbahia360.com.br\/?cat=9\" rel=\"category\">Brasil<\/a> <a href=\"https:\/\/noticiasbahia360.com.br\/?cat=6\" rel=\"category\">Feira de Santana<\/a> <a href=\"https:\/\/noticiasbahia360.com.br\/?cat=57\" rel=\"category\">Mundo<\/a> <a href=\"https:\/\/noticiasbahia360.com.br\/?cat=56\" rel=\"category\">Pol\u00edcia<\/a> <a href=\"https:\/\/noticiasbahia360.com.br\/?cat=10\" rel=\"category\">Pol\u00edtica<\/a>","tag_info":"Pol\u00edtica","comment_count":"0","_links":{"self":[{"href":"https:\/\/noticiasbahia360.com.br\/index.php?rest_route=\/wp\/v2\/posts\/129237","targetHints":{"allow":["GET"]}}],"collection":[{"href":"https:\/\/noticiasbahia360.com.br\/index.php?rest_route=\/wp\/v2\/posts"}],"about":[{"href":"https:\/\/noticiasbahia360.com.br\/index.php?rest_route=\/wp\/v2\/types\/post"}],"author":[{"embeddable":true,"href":"https:\/\/noticiasbahia360.com.br\/index.php?rest_route=\/wp\/v2\/users\/1"}],"replies":[{"embeddable":true,"href":"https:\/\/noticiasbahia360.com.br\/index.php?rest_route=%2Fwp%2Fv2%2Fcomments&post=129237"}],"version-history":[{"count":0,"href":"https:\/\/noticiasbahia360.com.br\/index.php?rest_route=\/wp\/v2\/posts\/129237\/revisions"}],"wp:featuredmedia":[{"embeddable":true,"href":"https:\/\/noticiasbahia360.com.br\/index.php?rest_route=\/wp\/v2\/media\/129238"}],"wp:attachment":[{"href":"https:\/\/noticiasbahia360.com.br\/index.php?rest_route=%2Fwp%2Fv2%2Fmedia&parent=129237"}],"wp:term":[{"taxonomy":"category","embeddable":true,"href":"https:\/\/noticiasbahia360.com.br\/index.php?rest_route=%2Fwp%2Fv2%2Fcategories&post=129237"},{"taxonomy":"post_tag","embeddable":true,"href":"https:\/\/noticiasbahia360.com.br\/index.php?rest_route=%2Fwp%2Fv2%2Ftags&post=129237"}],"curies":[{"name":"wp","href":"https:\/\/api.w.org\/{rel}","templated":true}]}} 