{"id":129240,"date":"2026-05-01T19:01:16","date_gmt":"2026-05-01T22:01:16","guid":{"rendered":"https:\/\/noticiasbahia360.com.br\/?p=129240"},"modified":"2026-05-01T19:01:16","modified_gmt":"2026-05-01T22:01:16","slug":"tre-ba-reforca-seguranca-com-a-ssp-para-atendimento-ate-6-de-maio","status":"publish","type":"post","link":"https:\/\/noticiasbahia360.com.br\/?p=129240","title":{"rendered":"TRE-BA refor\u00e7a seguran\u00e7a com a SSP para atendimento at\u00e9 6 de maio"},"content":{"rendered":"<div>\n<div>\n<figure><img decoding=\"async\" src=\"http:\/\/noticiasbahia360.com.br\/wp-content\/uploads\/2026\/05\/TRE-BA-realizara-plantoes-de-atendimento-nos-dias-25-de-abril-1o-e-2-de-maio-Foto-TRE-BA-220426.jpg\" alt=\"TRE-BA\"><figcaption>Foto: TRE-BA<\/figcaption><\/figure>\n<\/div>\n<p>O Tribunal Regional Eleitoral da Bahia (TRE-BA) realizou nesta sexta-feira, 1\u00ba de maio, visita institucional ao Centro de Opera\u00e7\u00f5es e Intelig\u00eancia 2 de Julho, vinculado \u00e0 Superintend\u00eancia de Telecomunica\u00e7\u00f5es da Secretaria da Seguran\u00e7a P\u00fablica do Estado da Bahia (SSP-BA), com o objetivo de alinhar estrat\u00e9gias voltadas ao refor\u00e7o da seguran\u00e7a durante o per\u00edodo de fechamento do cadastro eleitoral em todo o estado, que vai at\u00e9 a quarta-feira, 6.\u00a0<\/p>\n<p>A iniciativa integra o conjunto de a\u00e7\u00f5es preventivas adotadas pela Justi\u00e7a Eleitoral para assegurar a normalidade, a integridade e a tranquilidade do atendimento \u00e0 popula\u00e7\u00e3o nesse per\u00edodo de maior demanda.<\/p>\n<figure class=\"wp-block-image size-full\"><img fetchpriority=\"high\" fetchpriority=\"high\" decoding=\"async\" width=\"1200\" height=\"578\" src=\"http:\/\/noticiasbahia360.com.br\/wp-content\/uploads\/2026\/05\/TRE-e-SSP.webp\" alt=\"TRE-BA refor\u00e7a seguran\u00e7a com a SSP para atendimento at\u00e9 6 de maio\" class=\"wp-image-651668\" srcset=\"http:\/\/noticiasbahia360.com.br\/wp-content\/uploads\/2026\/05\/TRE-e-SSP.webp 1200w, https:\/\/uploads.acordacidade.com.br\/2026\/05\/TRE-e-SSP-750x361.webp 750w, https:\/\/uploads.acordacidade.com.br\/2026\/05\/TRE-e-SSP-1000x482.webp 1000w, https:\/\/uploads.acordacidade.com.br\/2026\/05\/TRE-e-SSP-450x217.webp 450w, https:\/\/uploads.acordacidade.com.br\/2026\/05\/TRE-e-SSP-150x72.webp 150w\" sizes=\"(max-width: 1200px) 100vw, 1200px\"><figcaption class=\"wp-element-caption\">Foto: Divulga\u00e7\u00e3o<\/figcaption><\/figure>\n<p>Representando o TRE-BA, participaram da agenda a diretora-geral, Mirella Cunha, o secret\u00e1rio-geral da Presid\u00eancia, Tiago Cintra, e o assessor de Seguran\u00e7a e Intelig\u00eancia Institucional, Paulo Silveira.\u00a0<\/p>\n<p>A visita foi conduzida pelo major, Eduardo Andrade, e pelo tenente da Pol\u00edcia Militar da Bahia, Jos\u00e9 Adelmo Oliveira e Silva, que colocaram a estrutura da seguran\u00e7a p\u00fablica estadual \u00e0 disposi\u00e7\u00e3o para colaborar com a Justi\u00e7a Eleitoral, reafirmando o compromisso institucional com a garantia da ordem e do pleno funcionamento dos servi\u00e7os eleitorais.<\/p>\n<p><em>Siga o Acorda Cidade no<\/em><a href=\"https:\/\/news.google.com\/search?q=acorda%20cidade&amp;hl=pt-BR&amp;gl=BR&amp;ceid=BR%3Apt-419\"><strong><em>\u00a0Google Not\u00edcias<\/em><\/strong><\/a><em>\u00a0e receba os principais destaques do dia. Participe tamb\u00e9m dos nossos canais no\u00a0<\/em><a href=\"https:\/\/www.whatsapp.com\/channel\/0029Va6Rb4v3WHTNnsh8WI3N\"><strong><em>WhatsApp<\/em><\/strong><\/a><em>\u00a0e\u00a0<\/em><a href=\"https:\/\/www.youtube.com\/@acordacidadenoticias\/videos\"><strong>YouTube<\/strong><\/a><em>\u00a0e grupo de\u00a0<\/em><a href=\"https:\/\/t.me\/+sSz0khrgARA0ZmRh\"><strong><em>Telegram<\/em><\/strong><\/a><em>.<\/em><\/p>\n<\/div>\n","protected":false},"excerpt":{"rendered":"<div>\n<div>\n<figure><img decoding=\"async\" src=\"https:\/\/uploads.acordacidade.com.br\/2026\/04\/TRE-BA-realizara-plantoes-de-atendimento-nos-dias-25-de-abril-1o-e-2-de-maio-Foto-TRE-BA-220426.jpg\" alt=\"TRE-BA\"><figcaption>Foto: TRE-BA<\/figcaption><\/figure>\n<\/div>\n<p>Visita ao Centro de Opera\u00e7\u00f5es e Intelig\u00eancia 2 de Julho reitera integra\u00e7\u00e3o institucional e planejamento at\u00e9 6 de maio,<\/p><\/div>\n","protected":false},"author":1,"featured_media":129241,"comment_status":"closed","ping_status":"closed","sticky":false,"template":"","format":"gallery","meta":{"footnotes":""},"categories":[8,9,6,57,56,10],"tags":[],"class_list":["post-129240","post","type-post","status-publish","format-gallery","has-post-thumbnail","hentry","category-bahia","category-brasil","category-feira-de-santana","category-mundo","category-policia","category-politica","post_format-post-format-gallery"],"featured_image_urls":{"full":["https:\/\/noticiasbahia360.com.br\/wp-content\/uploads\/2026\/05\/TRE-BA-realizara-plantoes-de-atendimento-nos-dias-25-de-abril-1o-e-2-de-maio-Foto-TRE-BA-220426.jpg",1200,578,false],"thumbnail":["https:\/\/noticiasbahia360.com.br\/wp-content\/uploads\/2026\/05\/TRE-BA-realizara-plantoes-de-atendimento-nos-dias-25-de-abril-1o-e-2-de-maio-Foto-TRE-BA-220426-150x150.jpg",150,150,true],"medium":["https:\/\/noticiasbahia360.com.br\/wp-content\/uploads\/2026\/05\/TRE-BA-realizara-plantoes-de-atendimento-nos-dias-25-de-abril-1o-e-2-de-maio-Foto-TRE-BA-220426-300x145.jpg",300,145,true],"medium_large":["https:\/\/noticiasbahia360.com.br\/wp-content\/uploads\/2026\/05\/TRE-BA-realizara-plantoes-de-atendimento-nos-dias-25-de-abril-1o-e-2-de-maio-Foto-TRE-BA-220426-768x370.jpg",640,308,true],"large":["https:\/\/noticiasbahia360.com.br\/wp-content\/uploads\/2026\/05\/TRE-BA-realizara-plantoes-de-atendimento-nos-dias-25-de-abril-1o-e-2-de-maio-Foto-TRE-BA-220426-1024x493.jpg",640,308,true],"1536x1536":["https:\/\/noticiasbahia360.com.br\/wp-content\/uploads\/2026\/05\/TRE-BA-realizara-plantoes-de-atendimento-nos-dias-25-de-abril-1o-e-2-de-maio-Foto-TRE-BA-220426.jpg",1200,578,false],"2048x2048":["https:\/\/noticiasbahia360.com.br\/wp-content\/uploads\/2026\/05\/TRE-BA-realizara-plantoes-de-atendimento-nos-dias-25-de-abril-1o-e-2-de-maio-Foto-TRE-BA-220426.jpg",1200,578,false],"chromenews-featured":["https:\/\/noticiasbahia360.com.br\/wp-content\/uploads\/2026\/05\/TRE-BA-realizara-plantoes-de-atendimento-nos-dias-25-de-abril-1o-e-2-de-maio-Foto-TRE-BA-220426-1024x493.jpg",1024,493,true],"chromenews-large":["https:\/\/noticiasbahia360.com.br\/wp-content\/uploads\/2026\/05\/TRE-BA-realizara-plantoes-de-atendimento-nos-dias-25-de-abril-1o-e-2-de-maio-Foto-TRE-BA-220426-825x575.jpg",825,575,true],"chromenews-medium":["https:\/\/noticiasbahia360.com.br\/wp-content\/uploads\/2026\/05\/TRE-BA-realizara-plantoes-de-atendimento-nos-dias-25-de-abril-1o-e-2-de-maio-Foto-TRE-BA-220426-590x410.jpg",590,410,true]},"author_info":{"display_name":"noticiasbahia360.com.br","author_link":"https:\/\/noticiasbahia360.com.br\/?author=1"},"category_info":"<a href=\"https:\/\/noticiasbahia360.com.br\/?cat=8\" rel=\"category\">Bahia<\/a> <a href=\"https:\/\/noticiasbahia360.com.br\/?cat=9\" rel=\"category\">Brasil<\/a> <a href=\"https:\/\/noticiasbahia360.com.br\/?cat=6\" rel=\"category\">Feira de Santana<\/a> <a href=\"https:\/\/noticiasbahia360.com.br\/?cat=57\" rel=\"category\">Mundo<\/a> <a href=\"https:\/\/noticiasbahia360.com.br\/?cat=56\" rel=\"category\">Pol\u00edcia<\/a> <a href=\"https:\/\/noticiasbahia360.com.br\/?cat=10\" rel=\"category\">Pol\u00edtica<\/a>","tag_info":"Pol\u00edtica","comment_count":"0","_links":{"self":[{"href":"https:\/\/noticiasbahia360.com.br\/index.php?rest_route=\/wp\/v2\/posts\/129240","targetHints":{"allow":["GET"]}}],"collection":[{"href":"https:\/\/noticiasbahia360.com.br\/index.php?rest_route=\/wp\/v2\/posts"}],"about":[{"href":"https:\/\/noticiasbahia360.com.br\/index.php?rest_route=\/wp\/v2\/types\/post"}],"author":[{"embeddable":true,"href":"https:\/\/noticiasbahia360.com.br\/index.php?rest_route=\/wp\/v2\/users\/1"}],"replies":[{"embeddable":true,"href":"https:\/\/noticiasbahia360.com.br\/index.php?rest_route=%2Fwp%2Fv2%2Fcomments&post=129240"}],"version-history":[{"count":0,"href":"https:\/\/noticiasbahia360.com.br\/index.php?rest_route=\/wp\/v2\/posts\/129240\/revisions"}],"wp:featuredmedia":[{"embeddable":true,"href":"https:\/\/noticiasbahia360.com.br\/index.php?rest_route=\/wp\/v2\/media\/129241"}],"wp:attachment":[{"href":"https:\/\/noticiasbahia360.com.br\/index.php?rest_route=%2Fwp%2Fv2%2Fmedia&parent=129240"}],"wp:term":[{"taxonomy":"category","embeddable":true,"href":"https:\/\/noticiasbahia360.com.br\/index.php?rest_route=%2Fwp%2Fv2%2Fcategories&post=129240"},{"taxonomy":"post_tag","embeddable":true,"href":"https:\/\/noticiasbahia360.com.br\/index.php?rest_route=%2Fwp%2Fv2%2Ftags&post=129240"}],"curies":[{"name":"wp","href":"https:\/\/api.w.org\/{rel}","templated":true}]}} 