{"id":129243,"date":"2026-05-01T19:06:59","date_gmt":"2026-05-01T22:06:59","guid":{"rendered":"https:\/\/noticiasbahia360.com.br\/?p=129243"},"modified":"2026-05-01T19:06:59","modified_gmt":"2026-05-01T22:06:59","slug":"adnil-falcao-e-raimundo-gama-recebem-titulo-de-membro-honorario-da-academia-feirense-de-letras","status":"publish","type":"post","link":"https:\/\/noticiasbahia360.com.br\/?p=129243","title":{"rendered":"Adnil Falc\u00e3o e Raimundo Gama recebem t\u00edtulo de Membro Honor\u00e1rio da Academia Feirense de Letras"},"content":{"rendered":"<div>\n<div>\n<figure><img decoding=\"async\" src=\"http:\/\/noticiasbahia360.com.br\/wp-content\/uploads\/2026\/05\/adnil-vai-ganahar-titulo-da-academia-de-letras.webp\" alt=\"Adnil Falc\u00e3o e Raimundo Gama recebem t\u00edtulo de Membro Honor\u00e1rio da Academia Feirense de Letras\"><figcaption>Foto: Divulga\u00e7\u00e3o<\/figcaption><\/figure>\n<\/div>\n<p>A Academia Feirense de Letras aprovou, em Assembleia Geral realizada na \u00faltima ter\u00e7a-feira, 28 de abril de 2026, a concess\u00e3o do t\u00edtulo de Membro Honor\u00e1rio a dois de seus integrantes, Adnil Dias Falc\u00e3o e Raimundo Gon\u00e7alves Gama. A distin\u00e7\u00e3o reconhece trajet\u00f3rias profundamente ligadas ao desenvolvimento intelectual, educacional e cultural de Feira de Santana.<\/p>\n<p>Com a decis\u00e3o, os dois passam a integrar um seleto grupo de personalidades j\u00e1 homenageadas pela Institui\u00e7\u00e3o, entre elas Geraldo Leite, Ant\u00f4nio Brasileiro Borges, Dom Itamar Vian, Eduardo Kruschewsky, Franklin Machado, Josu\u00e9 da Silva Mello e Juraci D\u00f3rea Falc\u00e3o. O t\u00edtulo \u00e9 considerado uma das mais relevantes honrarias concedidas pela Academia.<\/p>\n<p><strong>Trajet\u00f3rias<\/strong><\/p>\n<p>Natural de Feira de Santana, Adnil Dias Falc\u00e3o construiu uma carreira marcada pela atua\u00e7\u00e3o na educa\u00e7\u00e3o e na gest\u00e3o acad\u00eamica. Professora formada pelo Instituto de Educa\u00e7\u00e3o Gast\u00e3o Guimar\u00e3es, participou ativamente dos movimentos que resultaram na cria\u00e7\u00e3o da Universidade Estadual de Feira de Santana (Uefs), onde exerceu fun\u00e7\u00f5es estrat\u00e9gicas ao longo de mais de uma d\u00e9cada. Sua atua\u00e7\u00e3o inclui a organiza\u00e7\u00e3o administrativa da Institui\u00e7\u00e3o, participa\u00e7\u00e3o em processos de avalia\u00e7\u00e3o e produ\u00e7\u00e3o de relat\u00f3rios que acompanharam o crescimento da Universidade. Ingressou na Academia Feirense de Letras em 2015, ocupando a Cadeira 6, que tem como patrono Fernando S\u00e3o Paulo.<\/p>\n<p>J\u00e1 Raimundo Gon\u00e7alves Gama, nascido em C\u00edcero Dantas e radicado em Feira desde a inf\u00e2ncia, re\u00fane uma trajet\u00f3ria multifacetada como professor, escritor e empreendedor cultural. Licenciado em Filosofia pela Universidade Federal da Bahia, foi docente da Universidade Estadual de Feira de Santana e fundador de diversas iniciativas institucionais e culturais, entre elas o Jornal Feira Hoje. Autor de obras que dialogam com a hist\u00f3ria e o pensamento, tamb\u00e9m exerceu fun\u00e7\u00f5es administrativas na Academia, contribuindo diretamente para sua organiza\u00e7\u00e3o e funcionamento. Ocupa a cadeira 31, que tem como patrono Gilberto Freire.<\/p>\n<p><strong>Reconhecimento<\/strong><\/p>\n<p>A concess\u00e3o do t\u00edtulo de Membro Honor\u00e1rio reafirma o papel da Academia Feirense de Letras na valoriza\u00e7\u00e3o de nomes que ajudaram a construir a identidade intelectual da cidade. Ao reconhecer Adnil Falc\u00e3o e Raimundo Gama, a Institui\u00e7\u00e3o destaca n\u00e3o apenas suas produ\u00e7\u00f5es e fun\u00e7\u00f5es exercidas, mas, sobretudo, o compromisso de ambos com a forma\u00e7\u00e3o, a mem\u00f3ria e a cultura local.<\/p>\n<p>A honraria tamb\u00e9m refor\u00e7a o v\u00ednculo entre diferentes gera\u00e7\u00f5es de pensadores e agentes culturais de Feira de Santana, consolidando a Academia como espa\u00e7o de preserva\u00e7\u00e3o e proje\u00e7\u00e3o da hist\u00f3ria das letras no munic\u00edpio.<\/p>\n<p><em>Fonte: Academia Feirense de Letras<\/em><\/p>\n<p><em>Siga o Acorda Cidade no<\/em><a href=\"https:\/\/news.google.com\/search?q=acorda%20cidade&amp;hl=pt-BR&amp;gl=BR&amp;ceid=BR%3Apt-419\"><strong><em>\u00a0Google Not\u00edcias<\/em><\/strong><\/a><em>\u00a0e receba os principais destaques do dia. Participe tamb\u00e9m dos nossos canais no\u00a0<\/em><a href=\"https:\/\/www.whatsapp.com\/channel\/0029Va6Rb4v3WHTNnsh8WI3N\"><strong><em>WhatsApp<\/em><\/strong><\/a><em>\u00a0e\u00a0<\/em><a href=\"https:\/\/www.youtube.com\/@acordacidadenoticias\/videos\"><strong>YouTube<\/strong><\/a><em>\u00a0e grupo de\u00a0<\/em><a href=\"https:\/\/t.me\/+sSz0khrgARA0ZmRh\"><strong><em>Telegram<\/em><\/strong><\/a><em>.<\/em><\/p>\n<\/div>\n","protected":false},"excerpt":{"rendered":"<div>\n<div>\n<figure><img decoding=\"async\" src=\"https:\/\/uploads.acordacidade.com.br\/2026\/05\/adnil-vai-ganahar-titulo-da-academia-de-letras.webp\" alt=\"Adnil Falc\u00e3o e Raimundo Gama recebem t\u00edtulo de Membro Honor\u00e1rio da Academia Feirense de Letras\"><figcaption>Foto: Divulga\u00e7\u00e3o<\/figcaption><\/figure>\n<\/div>\n<p>Honraria aprovada em Assembleia Geral reconhece trajet\u00f3rias marcadas pela contribui\u00e7\u00e3o \u00e0 educa\u00e7\u00e3o, \u00e0 cultura e \u00e0 mem\u00f3ria de Feira de Santana<\/p><\/div>\n","protected":false},"author":1,"featured_media":129244,"comment_status":"closed","ping_status":"closed","sticky":false,"template":"","format":"gallery","meta":{"footnotes":""},"categories":[8,9,6,57,56,10],"tags":[],"class_list":["post-129243","post","type-post","status-publish","format-gallery","has-post-thumbnail","hentry","category-bahia","category-brasil","category-feira-de-santana","category-mundo","category-policia","category-politica","post_format-post-format-gallery"],"featured_image_urls":{"full":["https:\/\/noticiasbahia360.com.br\/wp-content\/uploads\/2026\/05\/adnil-vai-ganahar-titulo-da-academia-de-letras.webp",1200,800,false],"thumbnail":["https:\/\/noticiasbahia360.com.br\/wp-content\/uploads\/2026\/05\/adnil-vai-ganahar-titulo-da-academia-de-letras-150x150.webp",150,150,true],"medium":["https:\/\/noticiasbahia360.com.br\/wp-content\/uploads\/2026\/05\/adnil-vai-ganahar-titulo-da-academia-de-letras-300x200.webp",300,200,true],"medium_large":["https:\/\/noticiasbahia360.com.br\/wp-content\/uploads\/2026\/05\/adnil-vai-ganahar-titulo-da-academia-de-letras-768x512.webp",640,427,true],"large":["https:\/\/noticiasbahia360.com.br\/wp-content\/uploads\/2026\/05\/adnil-vai-ganahar-titulo-da-academia-de-letras-1024x683.webp",640,427,true],"1536x1536":["https:\/\/noticiasbahia360.com.br\/wp-content\/uploads\/2026\/05\/adnil-vai-ganahar-titulo-da-academia-de-letras.webp",1200,800,false],"2048x2048":["https:\/\/noticiasbahia360.com.br\/wp-content\/uploads\/2026\/05\/adnil-vai-ganahar-titulo-da-academia-de-letras.webp",1200,800,false],"chromenews-featured":["https:\/\/noticiasbahia360.com.br\/wp-content\/uploads\/2026\/05\/adnil-vai-ganahar-titulo-da-academia-de-letras-1024x683.webp",1024,683,true],"chromenews-large":["https:\/\/noticiasbahia360.com.br\/wp-content\/uploads\/2026\/05\/adnil-vai-ganahar-titulo-da-academia-de-letras-825x575.webp",825,575,true],"chromenews-medium":["https:\/\/noticiasbahia360.com.br\/wp-content\/uploads\/2026\/05\/adnil-vai-ganahar-titulo-da-academia-de-letras-590x410.webp",590,410,true]},"author_info":{"display_name":"noticiasbahia360.com.br","author_link":"https:\/\/noticiasbahia360.com.br\/?author=1"},"category_info":"<a href=\"https:\/\/noticiasbahia360.com.br\/?cat=8\" rel=\"category\">Bahia<\/a> <a href=\"https:\/\/noticiasbahia360.com.br\/?cat=9\" rel=\"category\">Brasil<\/a> <a href=\"https:\/\/noticiasbahia360.com.br\/?cat=6\" rel=\"category\">Feira de Santana<\/a> <a href=\"https:\/\/noticiasbahia360.com.br\/?cat=57\" rel=\"category\">Mundo<\/a> <a href=\"https:\/\/noticiasbahia360.com.br\/?cat=56\" rel=\"category\">Pol\u00edcia<\/a> <a href=\"https:\/\/noticiasbahia360.com.br\/?cat=10\" rel=\"category\">Pol\u00edtica<\/a>","tag_info":"Pol\u00edtica","comment_count":"0","_links":{"self":[{"href":"https:\/\/noticiasbahia360.com.br\/index.php?rest_route=\/wp\/v2\/posts\/129243","targetHints":{"allow":["GET"]}}],"collection":[{"href":"https:\/\/noticiasbahia360.com.br\/index.php?rest_route=\/wp\/v2\/posts"}],"about":[{"href":"https:\/\/noticiasbahia360.com.br\/index.php?rest_route=\/wp\/v2\/types\/post"}],"author":[{"embeddable":true,"href":"https:\/\/noticiasbahia360.com.br\/index.php?rest_route=\/wp\/v2\/users\/1"}],"replies":[{"embeddable":true,"href":"https:\/\/noticiasbahia360.com.br\/index.php?rest_route=%2Fwp%2Fv2%2Fcomments&post=129243"}],"version-history":[{"count":0,"href":"https:\/\/noticiasbahia360.com.br\/index.php?rest_route=\/wp\/v2\/posts\/129243\/revisions"}],"wp:featuredmedia":[{"embeddable":true,"href":"https:\/\/noticiasbahia360.com.br\/index.php?rest_route=\/wp\/v2\/media\/129244"}],"wp:attachment":[{"href":"https:\/\/noticiasbahia360.com.br\/index.php?rest_route=%2Fwp%2Fv2%2Fmedia&parent=129243"}],"wp:term":[{"taxonomy":"category","embeddable":true,"href":"https:\/\/noticiasbahia360.com.br\/index.php?rest_route=%2Fwp%2Fv2%2Fcategories&post=129243"},{"taxonomy":"post_tag","embeddable":true,"href":"https:\/\/noticiasbahia360.com.br\/index.php?rest_route=%2Fwp%2Fv2%2Ftags&post=129243"}],"curies":[{"name":"wp","href":"https:\/\/api.w.org\/{rel}","templated":true}]}} 