{"id":129245,"date":"2026-05-01T19:21:52","date_gmt":"2026-05-01T22:21:52","guid":{"rendered":"https:\/\/noticiasbahia360.com.br\/?p=129245"},"modified":"2026-05-01T19:21:52","modified_gmt":"2026-05-01T22:21:52","slug":"operacao-sacramento-cumpre-mandados-prende-suspeito-e-conduz-duas-pessoas-em-santo-amaro","status":"publish","type":"post","link":"https:\/\/noticiasbahia360.com.br\/?p=129245","title":{"rendered":"Opera\u00e7\u00e3o Sacramento cumpre mandados, prende suspeito e conduz duas pessoas em Santo Amaro"},"content":{"rendered":"<div>\n<div>\n<figure><img decoding=\"async\" src=\"http:\/\/noticiasbahia360.com.br\/wp-content\/uploads\/2026\/05\/Policia-Civil-1-1.webp\" alt=\"Opera\u00e7\u00e3o Sacramento cumpre mandados, prende suspeito e conduz duas pessoas em Santo Amaro\"><figcaption>Foto: Ascom-PCBA<\/figcaption><\/figure>\n<\/div>\n<p>A Pol\u00edcia Civil da Bahia deflagrou, nesta sexta-feira (1\u00ba), a Opera\u00e7\u00e3o Sacramento, no munic\u00edpio de Santo Amaro, com o objetivo de combater um grupo criminoso com atua\u00e7\u00e3o no tr\u00e1fico de drogas em um conjunto habitacional da cidade.<\/p>\n<p>A a\u00e7\u00e3o deu cumprimento a ordens judiciais expedidas pela 1\u00aa Vara Criminal, do J\u00fari e de Execu\u00e7\u00f5es Penais da Comarca local. Durante a opera\u00e7\u00e3o, foram cumpridos tr\u00eas mandados de busca e apreens\u00e3o domiciliar. Nos im\u00f3veis, foram apreendidos seis aparelhos celulares, uma m\u00e1quina de cart\u00e3o de cr\u00e9dito e dois cadernos contendo anota\u00e7\u00f5es com registros de valores e nomes. Duas pessoas foram conduzidas \u00e0 unidade policial para prestar esclarecimentos, ouvidas e liberadas.<\/p>\n<figure class=\"wp-block-image size-full\"><img fetchpriority=\"high\" fetchpriority=\"high\" decoding=\"async\" width=\"1200\" height=\"903\" src=\"http:\/\/noticiasbahia360.com.br\/wp-content\/uploads\/2026\/05\/Policia-Civil-1.webp\" alt=\"Opera\u00e7\u00e3o Sacramento cumpre mandados, prende suspeito e conduz duas pessoas em Santo Amaro\" class=\"wp-image-651675\" srcset=\"http:\/\/noticiasbahia360.com.br\/wp-content\/uploads\/2026\/05\/Policia-Civil-1.webp 1200w, https:\/\/uploads.acordacidade.com.br\/2026\/05\/Policia-Civil-1-750x564.webp 750w, https:\/\/uploads.acordacidade.com.br\/2026\/05\/Policia-Civil-1-1000x753.webp 1000w, https:\/\/uploads.acordacidade.com.br\/2026\/05\/Policia-Civil-1-450x339.webp 450w, https:\/\/uploads.acordacidade.com.br\/2026\/05\/Policia-Civil-1-150x113.webp 150w\" sizes=\"(max-width: 1200px) 100vw, 1200px\"><figcaption class=\"wp-element-caption\">Foto: Ascom-PCBA<\/figcaption><\/figure>\n<p>Ainda no \u00e2mbito da opera\u00e7\u00e3o, foi cumprido um mandado de pris\u00e3o contra um homem, tamb\u00e9m expedido pela Justi\u00e7a Criminal de Santo Amaro, investigado por envolvimento no tr\u00e1fico de drogas. O suspeito foi localizado e preso no bairro Polivalente.<\/p>\n<p>O homem foi conduzido \u00e0 unidade policial, realizou exame de corpo de delito no Departamento de Pol\u00edcia T\u00e9cnica (DPT) e segue custodiado \u00e0 disposi\u00e7\u00e3o do Poder Judici\u00e1rio.<\/p>\n<p>Todo o material apreendido ser\u00e1 submetido \u00e0 an\u00e1lise pericial para subsidiar o andamento das investiga\u00e7\u00f5es, que seguem em curso para a completa identifica\u00e7\u00e3o e responsabiliza\u00e7\u00e3o de todos os envolvidos nas a\u00e7\u00f5es criminosas investigadas.<\/p>\n<p><em>Siga o Acorda Cidade no<\/em><a href=\"https:\/\/news.google.com\/search?q=acorda%20cidade&amp;hl=pt-BR&amp;gl=BR&amp;ceid=BR%3Apt-419\"><strong><em>\u00a0Google Not\u00edcias<\/em><\/strong><\/a><em>\u00a0e receba os principais destaques do dia. Participe tamb\u00e9m dos nossos canais no\u00a0<\/em><a href=\"https:\/\/www.whatsapp.com\/channel\/0029Va6Rb4v3WHTNnsh8WI3N\"><strong><em>WhatsApp<\/em><\/strong><\/a><em>\u00a0e\u00a0<\/em><a href=\"https:\/\/www.youtube.com\/@acordacidadenoticias\/videos\"><strong>YouTube<\/strong><\/a><em>\u00a0e grupo de\u00a0<\/em><a href=\"https:\/\/t.me\/+sSz0khrgARA0ZmRh\"><strong><em>Telegram<\/em><\/strong><\/a><em>.<\/em><\/p>\n<\/div>\n","protected":false},"excerpt":{"rendered":"<div>\n<div>\n<figure><img decoding=\"async\" src=\"https:\/\/uploads.acordacidade.com.br\/2026\/05\/Policia-Civil-1-1.webp\" alt=\"Opera\u00e7\u00e3o Sacramento cumpre mandados, prende suspeito e conduz duas pessoas em Santo Amaro\"><figcaption>Foto: Ascom-PCBA<\/figcaption><\/figure>\n<\/div>\n<p>A a\u00e7\u00e3o deu cumprimento a ordens judiciais expedidas pela 1\u00aa Vara Criminal, do J\u00fari e de Execu\u00e7\u00f5es Penais da Comarca local.<\/p><\/div>\n","protected":false},"author":1,"featured_media":129246,"comment_status":"closed","ping_status":"closed","sticky":false,"template":"","format":"gallery","meta":{"footnotes":""},"categories":[8,9,6,57,56,10],"tags":[],"class_list":["post-129245","post","type-post","status-publish","format-gallery","has-post-thumbnail","hentry","category-bahia","category-brasil","category-feira-de-santana","category-mundo","category-policia","category-politica","post_format-post-format-gallery"],"featured_image_urls":{"full":["https:\/\/noticiasbahia360.com.br\/wp-content\/uploads\/2026\/05\/Policia-Civil-1-1.webp",1200,670,false],"thumbnail":["https:\/\/noticiasbahia360.com.br\/wp-content\/uploads\/2026\/05\/Policia-Civil-1-1-150x150.webp",150,150,true],"medium":["https:\/\/noticiasbahia360.com.br\/wp-content\/uploads\/2026\/05\/Policia-Civil-1-1-300x168.webp",300,168,true],"medium_large":["https:\/\/noticiasbahia360.com.br\/wp-content\/uploads\/2026\/05\/Policia-Civil-1-1-768x429.webp",640,358,true],"large":["https:\/\/noticiasbahia360.com.br\/wp-content\/uploads\/2026\/05\/Policia-Civil-1-1-1024x572.webp",640,358,true],"1536x1536":["https:\/\/noticiasbahia360.com.br\/wp-content\/uploads\/2026\/05\/Policia-Civil-1-1.webp",1200,670,false],"2048x2048":["https:\/\/noticiasbahia360.com.br\/wp-content\/uploads\/2026\/05\/Policia-Civil-1-1.webp",1200,670,false],"chromenews-featured":["https:\/\/noticiasbahia360.com.br\/wp-content\/uploads\/2026\/05\/Policia-Civil-1-1-1024x572.webp",1024,572,true],"chromenews-large":["https:\/\/noticiasbahia360.com.br\/wp-content\/uploads\/2026\/05\/Policia-Civil-1-1-825x575.webp",825,575,true],"chromenews-medium":["https:\/\/noticiasbahia360.com.br\/wp-content\/uploads\/2026\/05\/Policia-Civil-1-1-590x410.webp",590,410,true]},"author_info":{"display_name":"noticiasbahia360.com.br","author_link":"https:\/\/noticiasbahia360.com.br\/?author=1"},"category_info":"<a href=\"https:\/\/noticiasbahia360.com.br\/?cat=8\" rel=\"category\">Bahia<\/a> <a href=\"https:\/\/noticiasbahia360.com.br\/?cat=9\" rel=\"category\">Brasil<\/a> <a href=\"https:\/\/noticiasbahia360.com.br\/?cat=6\" rel=\"category\">Feira de Santana<\/a> <a href=\"https:\/\/noticiasbahia360.com.br\/?cat=57\" rel=\"category\">Mundo<\/a> <a href=\"https:\/\/noticiasbahia360.com.br\/?cat=56\" rel=\"category\">Pol\u00edcia<\/a> <a href=\"https:\/\/noticiasbahia360.com.br\/?cat=10\" rel=\"category\">Pol\u00edtica<\/a>","tag_info":"Pol\u00edtica","comment_count":"0","_links":{"self":[{"href":"https:\/\/noticiasbahia360.com.br\/index.php?rest_route=\/wp\/v2\/posts\/129245","targetHints":{"allow":["GET"]}}],"collection":[{"href":"https:\/\/noticiasbahia360.com.br\/index.php?rest_route=\/wp\/v2\/posts"}],"about":[{"href":"https:\/\/noticiasbahia360.com.br\/index.php?rest_route=\/wp\/v2\/types\/post"}],"author":[{"embeddable":true,"href":"https:\/\/noticiasbahia360.com.br\/index.php?rest_route=\/wp\/v2\/users\/1"}],"replies":[{"embeddable":true,"href":"https:\/\/noticiasbahia360.com.br\/index.php?rest_route=%2Fwp%2Fv2%2Fcomments&post=129245"}],"version-history":[{"count":0,"href":"https:\/\/noticiasbahia360.com.br\/index.php?rest_route=\/wp\/v2\/posts\/129245\/revisions"}],"wp:featuredmedia":[{"embeddable":true,"href":"https:\/\/noticiasbahia360.com.br\/index.php?rest_route=\/wp\/v2\/media\/129246"}],"wp:attachment":[{"href":"https:\/\/noticiasbahia360.com.br\/index.php?rest_route=%2Fwp%2Fv2%2Fmedia&parent=129245"}],"wp:term":[{"taxonomy":"category","embeddable":true,"href":"https:\/\/noticiasbahia360.com.br\/index.php?rest_route=%2Fwp%2Fv2%2Fcategories&post=129245"},{"taxonomy":"post_tag","embeddable":true,"href":"https:\/\/noticiasbahia360.com.br\/index.php?rest_route=%2Fwp%2Fv2%2Ftags&post=129245"}],"curies":[{"name":"wp","href":"https:\/\/api.w.org\/{rel}","templated":true}]}}