{"id":129248,"date":"2026-05-01T19:31:09","date_gmt":"2026-05-01T22:31:09","guid":{"rendered":"https:\/\/noticiasbahia360.com.br\/?p=129248"},"modified":"2026-05-01T19:31:09","modified_gmt":"2026-05-01T22:31:09","slug":"mesmo-no-feriado-tre-ba-registra-quase-9-mil-atendimentos-e-reforca-plantao-ate-6-de-maio","status":"publish","type":"post","link":"https:\/\/noticiasbahia360.com.br\/?p=129248","title":{"rendered":"Mesmo no feriado, TRE-BA registra quase 9 mil atendimentos e refor\u00e7a plant\u00e3o at\u00e9 6 de maio"},"content":{"rendered":"<div>\n<div>\n<figure><img decoding=\"async\" src=\"http:\/\/noticiasbahia360.com.br\/wp-content\/uploads\/2026\/05\/TRE-BA.webp\" alt=\"Mesmo no feriado, TRE-BA registra quase 9 mil atendimentos e refor\u00e7a plant\u00e3o at\u00e9 6 de maio\"><figcaption>Foto: Divulga\u00e7\u00e3o\/TRE-BA<\/figcaption><\/figure>\n<\/div>\n<p>O plant\u00e3o realizado pelo Tribunal Regional Eleitoral da Bahia (TRE-BA) nesta sexta-feira (01\/05 \u2013 feriado do Dia do Trabalhador) totalizou 8.916 atendimentos em todo o estado. A atividade, que teve in\u00edcio \u00e0s 8h e foi finalizada \u00e0s 12h, teve grande comparecimento do p\u00fablico aos cart\u00f3rios eleitorais da capital e do interior, al\u00e9m das Centrais de Atendimento ao P\u00fablico (CAP), em toda Bahia.<\/p>\n<p>Foram disponibilizados aos(\u00e0s) cidad\u00e3os(\u00e3s) servi\u00e7os como solicita\u00e7\u00e3o da primeira via do t\u00edtulo de eleitor(a), coleta biom\u00e9trica, transfer\u00eancia de domic\u00edlio eleitoral, altera\u00e7\u00e3o do local de vota\u00e7\u00e3o, revis\u00e3o de dados cadastrais, regulariza\u00e7\u00e3o de pend\u00eancias com a Justi\u00e7a Eleitoral, dentre outros procedimentos.<\/p>\n<p>Com o fechamento do Cadastro Eleitoral no dia 6 de maio (quarta-feira), o TRE-BA tamb\u00e9m estar\u00e1 funcionando em regime de plant\u00e3o neste s\u00e1bado, dia 02\/05, das 8h \u00e0s 12h. Durante a semana o atendimento ao p\u00fablico transcorrer\u00e1 nos dias 4, 5 e 6 de maio, das 8h \u00e0s 18h, na sede do TRE na capital, e, das 8h \u00e0s 15h, nos cart\u00f3rios eleitorais no interior do estado.\u00a0<\/p>\n<p><strong>Destaques em atendimento\u00a0<\/strong><\/p>\n<p>Foram contabilizados 1.086 atendimentos em Salvador, 300 em Vit\u00f3ria da Conquista, 259 em Muritiba e 177 em Juazeiro.\u00a0<\/p>\n<p><strong>Pra todos verem:<\/strong><strong>\u00a0<\/strong>\u00a0Atendente homem, de \u00f3culos e camiseta clara, est\u00e1 sentado em uma mesa com computador, telefone e equipamentos de biometria. Ele posiciona a m\u00e3o pr\u00f3xima ao rosto enquanto realiza o atendimento.\u00a0\u00c0 sua frente, uma mulher de blusa estampada est\u00e1 sentada, olhando em dire\u00e7\u00e3o ao funcion\u00e1rio. Entre eles, h\u00e1 um monitor exibindo imagens e, sobre a mesa, alguns objetos de trabalho. O ambiente \u00e9 interno, com divis\u00f3rias e estrutura t\u00edpica de um local para atendimento ao p\u00fablico.<\/p>\n<p><em>Siga o Acorda Cidade no<\/em><a href=\"https:\/\/news.google.com\/search?q=acorda%20cidade&amp;hl=pt-BR&amp;gl=BR&amp;ceid=BR%3Apt-419\"><strong><em>\u00a0Google Not\u00edcias<\/em><\/strong><\/a><em>\u00a0e receba os principais destaques do dia. Participe tamb\u00e9m dos nossos canais no\u00a0<\/em><a href=\"https:\/\/www.whatsapp.com\/channel\/0029Va6Rb4v3WHTNnsh8WI3N\"><strong><em>WhatsApp<\/em><\/strong><\/a><em>\u00a0e\u00a0<\/em><a href=\"https:\/\/www.youtube.com\/@acordacidadenoticias\/videos\"><strong>YouTube<\/strong><\/a><em>\u00a0e grupo de\u00a0<\/em><a href=\"https:\/\/t.me\/+sSz0khrgARA0ZmRh\"><strong><em>Telegram<\/em><\/strong><\/a><em>.<\/em><\/p>\n<\/div>\n","protected":false},"excerpt":{"rendered":"<div>\n<div>\n<figure><img decoding=\"async\" src=\"https:\/\/uploads.acordacidade.com.br\/2026\/05\/TRE-BA.webp\" alt=\"Mesmo no feriado, TRE-BA registra quase 9 mil atendimentos e refor\u00e7a plant\u00e3o at\u00e9 6 de maio\"><figcaption>Foto: Divulga\u00e7\u00e3o\/TRE-BA<\/figcaption><\/figure>\n<\/div>\n<p>1.086 atendimentos em Salvador, 300 em Vit\u00f3ria da Conquista, 259 em Muritiba e 177 em Juazeiro s\u00e3o alguns dos quantitativos em destaque.<\/p><\/div>\n","protected":false},"author":1,"featured_media":129249,"comment_status":"closed","ping_status":"closed","sticky":false,"template":"","format":"gallery","meta":{"footnotes":""},"categories":[8,9,6,57,56,10],"tags":[],"class_list":["post-129248","post","type-post","status-publish","format-gallery","has-post-thumbnail","hentry","category-bahia","category-brasil","category-feira-de-santana","category-mundo","category-policia","category-politica","post_format-post-format-gallery"],"featured_image_urls":{"full":["https:\/\/noticiasbahia360.com.br\/wp-content\/uploads\/2026\/05\/TRE-BA.webp",1200,578,false],"thumbnail":["https:\/\/noticiasbahia360.com.br\/wp-content\/uploads\/2026\/05\/TRE-BA-150x150.webp",150,150,true],"medium":["https:\/\/noticiasbahia360.com.br\/wp-content\/uploads\/2026\/05\/TRE-BA-300x145.webp",300,145,true],"medium_large":["https:\/\/noticiasbahia360.com.br\/wp-content\/uploads\/2026\/05\/TRE-BA-768x370.webp",640,308,true],"large":["https:\/\/noticiasbahia360.com.br\/wp-content\/uploads\/2026\/05\/TRE-BA-1024x493.webp",640,308,true],"1536x1536":["https:\/\/noticiasbahia360.com.br\/wp-content\/uploads\/2026\/05\/TRE-BA.webp",1200,578,false],"2048x2048":["https:\/\/noticiasbahia360.com.br\/wp-content\/uploads\/2026\/05\/TRE-BA.webp",1200,578,false],"chromenews-featured":["https:\/\/noticiasbahia360.com.br\/wp-content\/uploads\/2026\/05\/TRE-BA-1024x493.webp",1024,493,true],"chromenews-large":["https:\/\/noticiasbahia360.com.br\/wp-content\/uploads\/2026\/05\/TRE-BA-825x575.webp",825,575,true],"chromenews-medium":["https:\/\/noticiasbahia360.com.br\/wp-content\/uploads\/2026\/05\/TRE-BA-590x410.webp",590,410,true]},"author_info":{"display_name":"noticiasbahia360.com.br","author_link":"https:\/\/noticiasbahia360.com.br\/?author=1"},"category_info":"<a href=\"https:\/\/noticiasbahia360.com.br\/?cat=8\" rel=\"category\">Bahia<\/a> <a href=\"https:\/\/noticiasbahia360.com.br\/?cat=9\" rel=\"category\">Brasil<\/a> <a href=\"https:\/\/noticiasbahia360.com.br\/?cat=6\" rel=\"category\">Feira de Santana<\/a> <a href=\"https:\/\/noticiasbahia360.com.br\/?cat=57\" rel=\"category\">Mundo<\/a> <a href=\"https:\/\/noticiasbahia360.com.br\/?cat=56\" rel=\"category\">Pol\u00edcia<\/a> <a href=\"https:\/\/noticiasbahia360.com.br\/?cat=10\" rel=\"category\">Pol\u00edtica<\/a>","tag_info":"Pol\u00edtica","comment_count":"0","_links":{"self":[{"href":"https:\/\/noticiasbahia360.com.br\/index.php?rest_route=\/wp\/v2\/posts\/129248","targetHints":{"allow":["GET"]}}],"collection":[{"href":"https:\/\/noticiasbahia360.com.br\/index.php?rest_route=\/wp\/v2\/posts"}],"about":[{"href":"https:\/\/noticiasbahia360.com.br\/index.php?rest_route=\/wp\/v2\/types\/post"}],"author":[{"embeddable":true,"href":"https:\/\/noticiasbahia360.com.br\/index.php?rest_route=\/wp\/v2\/users\/1"}],"replies":[{"embeddable":true,"href":"https:\/\/noticiasbahia360.com.br\/index.php?rest_route=%2Fwp%2Fv2%2Fcomments&post=129248"}],"version-history":[{"count":0,"href":"https:\/\/noticiasbahia360.com.br\/index.php?rest_route=\/wp\/v2\/posts\/129248\/revisions"}],"wp:featuredmedia":[{"embeddable":true,"href":"https:\/\/noticiasbahia360.com.br\/index.php?rest_route=\/wp\/v2\/media\/129249"}],"wp:attachment":[{"href":"https:\/\/noticiasbahia360.com.br\/index.php?rest_route=%2Fwp%2Fv2%2Fmedia&parent=129248"}],"wp:term":[{"taxonomy":"category","embeddable":true,"href":"https:\/\/noticiasbahia360.com.br\/index.php?rest_route=%2Fwp%2Fv2%2Fcategories&post=129248"},{"taxonomy":"post_tag","embeddable":true,"href":"https:\/\/noticiasbahia360.com.br\/index.php?rest_route=%2Fwp%2Fv2%2Ftags&post=129248"}],"curies":[{"name":"wp","href":"https:\/\/api.w.org\/{rel}","templated":true}]}} 