{"id":129250,"date":"2026-05-01T19:35:59","date_gmt":"2026-05-01T22:35:59","guid":{"rendered":"https:\/\/noticiasbahia360.com.br\/?p=129250"},"modified":"2026-05-01T19:35:59","modified_gmt":"2026-05-01T22:35:59","slug":"enquanto-muitos-descansam-eles-seguem-na-luta-trabalhadores-mantem-feira-de-santana-em-movimento-no-feriado-de-1o-de-maio","status":"publish","type":"post","link":"https:\/\/noticiasbahia360.com.br\/?p=129250","title":{"rendered":"Enquanto muitos descansam, eles seguem na luta: trabalhadores mant\u00eam Feira de Santana em movimento no feriado de 1\u00ba de Maio"},"content":{"rendered":"<div>\n<div>\n<figure><img decoding=\"async\" src=\"http:\/\/noticiasbahia360.com.br\/wp-content\/uploads\/2026\/05\/policial-e-baleiro.webp\" alt=\"Enquanto muitos descansam, eles seguem na luta: trabalhadores mant\u00eam Feira de Santana em movimento no feriado de 1\u00ba de Maio\"><figcaption>Foto: Ed Santos\/Acorda Cidade<\/figcaption><\/figure>\n<\/div>\n<p>Enquanto grande parte da popula\u00e7\u00e3o aproveitou o descanso do feriado do Dia do Trabalhador, milhares de profissionais seguiram na ativa para garantir que a cidade continuasse funcionando normalmente. Seguran\u00e7a, transporte, com\u00e9rcio informal e tantos outros servi\u00e7os essenciais n\u00e3o pararam neste 1\u00ba de Maio em Feira de Santana.<\/p>\n<p>Nas ruas, o trabalho seguiu como em qualquer outro dia, porque, para muita gente, o feriado tamb\u00e9m \u00e9 dia de cumprir miss\u00e3o, garantir renda e manter a rotina de quem depende daquele servi\u00e7o.<\/p>\n<h2 class=\"wp-block-heading\" id=\"h-pmba-uma-forca-a-servico-do-cidadao\">\u201cPMBA, uma For\u00e7a a servi\u00e7o do cidad\u00e3o!\u201d<\/h2>\n<p>Na Pra\u00e7a Dona Pomba, onde <a href=\"https:\/\/www.acordacidade.com.br\/feira-de-santana\/dia-do-trabalhador-em-feira-de-santana-reforca-luta-por-direitos-salario-justo-e-fim-da-escala-6x1\/\" type=\"link\" id=\"https:\/\/www.acordacidade.com.br\/feira-de-santana\/dia-do-trabalhador-em-feira-de-santana-reforca-luta-por-direitos-salario-justo-e-fim-da-escala-6x1\/\" target=\"_blank\" rel=\"noreferrer noopener\">sindicatos e movimentos sociais realizaram um ato em defesa dos direitos da classe trabalhadora<\/a>, o major Djomar, comandante da <a href=\"https:\/\/www.acordacidade.com.br\/tag\/64a-cipm\/\" type=\"post_tag\" id=\"4886\">64\u00aa CIPM<\/a> e superior do dia no plant\u00e3o da Pol\u00edcia Militar, acompanhou a movimenta\u00e7\u00e3o garantindo a seguran\u00e7a do espa\u00e7o. Para ele, a data tem um significado ainda mais simb\u00f3lico.<\/p>\n<p>\u201cA data do Dia do Trabalhador \u00e9 uma data singular na qual \u00e9 comemorado o dia daqueles que fazem com que o nosso pa\u00eds cres\u00e7a, o trabalhador, e que tem que receber a devida import\u00e2ncia\u201d, afirmou.<\/p>\n<p>Para os policiais militares, no entanto, n\u00e3o h\u00e1 pausa no calend\u00e1rio. O compromisso com a seguran\u00e7a p\u00fablica exige presen\u00e7a permanente.<\/p>\n<figure class=\"wp-block-image size-full\"><img fetchpriority=\"high\" fetchpriority=\"high\" decoding=\"async\" width=\"1200\" height=\"675\" src=\"http:\/\/noticiasbahia360.com.br\/wp-content\/uploads\/2026\/05\/Dia-do-Trabalhador-em-Feira-de-Santana-ft-ed-santos-acorda-cidade-especial-1.webp\" alt=\"Enquanto muitos descansam, eles seguem na luta: trabalhadores mant\u00eam Feira de Santana em movimento no feriado de 1\u00ba de Maio\" class=\"wp-image-651656\" srcset=\"http:\/\/noticiasbahia360.com.br\/wp-content\/uploads\/2026\/05\/Dia-do-Trabalhador-em-Feira-de-Santana-ft-ed-santos-acorda-cidade-especial-1.webp 1200w, https:\/\/uploads.acordacidade.com.br\/2026\/05\/Dia-do-Trabalhador-em-Feira-de-Santana-ft-ed-santos-acorda-cidade-especial-1-750x422.webp 750w, https:\/\/uploads.acordacidade.com.br\/2026\/05\/Dia-do-Trabalhador-em-Feira-de-Santana-ft-ed-santos-acorda-cidade-especial-1-1000x563.webp 1000w, https:\/\/uploads.acordacidade.com.br\/2026\/05\/Dia-do-Trabalhador-em-Feira-de-Santana-ft-ed-santos-acorda-cidade-especial-1-450x253.webp 450w, https:\/\/uploads.acordacidade.com.br\/2026\/05\/Dia-do-Trabalhador-em-Feira-de-Santana-ft-ed-santos-acorda-cidade-especial-1-150x84.webp 150w\" sizes=\"(max-width: 1200px) 100vw, 1200px\"><figcaption class=\"wp-element-caption\">Major PM Dojmar | Foto: Ed Santos\/Acorda Cidade<\/figcaption><\/figure>\n<blockquote class=\"wp-block-quote is-layout-flow wp-block-quote-is-layout-flow\">\n<p><strong>N\u00f3s, como policiais militares, n\u00f3s n\u00e3o temos feriado. N\u00f3s n\u00e3o trabalhamos s\u00f3 de dia, n\u00f3s trabalhamos de noite. \u00c9 24h antenados trabalhando em prol da seguran\u00e7a p\u00fablica e consequentemente em prol da sociedade baiana. \u00c9 uma honra estar trabalhando neste dia. Pior seria se n\u00e3o estiv\u00e9ssemos trabalhando, porque existem muitas pessoas que necessitam trabalhar e n\u00e3o t\u00eam a dignidade do trabalho. Sabemos que passamos dias dif\u00edceis e aqueles que t\u00eam assegurado o seu ganha p\u00e3o t\u00eam que colocar as m\u00e3os para o c\u00e9u e agradecer muito ao criador porque est\u00e1 trabalhando. E eu fa\u00e7o isso todos os dias, inclusive agradecendo por estar trabalhando neste dia t\u00e3o especial que \u00e9 o dia do trabalhador que se comemora no 1\u00ba de maio no Brasil.\u201d<\/strong><\/p>\n<\/blockquote>\n<p>Mais do que uma obriga\u00e7\u00e3o profissional, ele define a atua\u00e7\u00e3o como um compromisso assumido desde o in\u00edcio da carreira.<\/p>\n<p>\u201cQuando assinamos o contrato com o Estado para sermos policiais militares, j\u00e1 sabemos que n\u00e3o vamos ter feriado. J\u00e1 sabemos que n\u00e3o vamos ter algumas situa\u00e7\u00f5es que o trabalhador comum tem. Somos militares estaduais, somos estatut\u00e1rios e j\u00e1 sabemos que iremos receber o soldo e nada mais e assim se faz.\u201d<\/p>\n<figure class=\"wp-block-image size-full\"><img decoding=\"async\" width=\"1200\" height=\"672\" src=\"http:\/\/noticiasbahia360.com.br\/wp-content\/uploads\/2026\/05\/Policia-Militar-Foto-Divulgacao-Ascom-SSP.jpg\" alt=\"Pol\u00edcia Militar\" class=\"wp-image-647445\" srcset=\"http:\/\/noticiasbahia360.com.br\/wp-content\/uploads\/2026\/05\/Policia-Militar-Foto-Divulgacao-Ascom-SSP.jpg 1200w, https:\/\/uploads.acordacidade.com.br\/2026\/04\/Policia-Militar-Foto-Divulgacao-Ascom-SSP-750x420.jpg 750w, https:\/\/uploads.acordacidade.com.br\/2026\/04\/Policia-Militar-Foto-Divulgacao-Ascom-SSP-1000x560.jpg 1000w, https:\/\/uploads.acordacidade.com.br\/2026\/04\/Policia-Militar-Foto-Divulgacao-Ascom-SSP-450x252.jpg 450w, https:\/\/uploads.acordacidade.com.br\/2026\/04\/Policia-Militar-Foto-Divulgacao-Ascom-SSP-150x84.jpg 150w\" sizes=\"(max-width: 1200px) 100vw, 1200px\"><figcaption class=\"wp-element-caption\">Foto: Divulga\u00e7\u00e3o\/ Ascom SSP<\/figcaption><\/figure>\n<p>\u201cInclusive fazemos um juramento quando nos formamos at\u00e9 com risco da pr\u00f3pria vida. N\u00f3s temos visto ao longo da hist\u00f3ria muitos policiais militares que realmente derramam o seu sangue em prol da sociedade baiana e nacional\u201d, acrescentou.<\/p>\n<h2 class=\"wp-block-heading\" id=\"h-um-trabalhador-patrimonio-da-cidade\">Um trabalhador patrim\u00f4nio da cidade \ud83c\udf6c<\/h2>\n<p>No Centro da cidade, entre a movimenta\u00e7\u00e3o da Avenida Senhor dos Passos e a mem\u00f3ria viva de quem conhece a hist\u00f3ria de Feira de Santana, seu Walter Perdiz Justo, de 77 anos, segue no mesmo ponto h\u00e1 mais de meio s\u00e9culo. Vendendo cigarros e doces em sua pequena barraca, ele se tornou quase um patrim\u00f4nio afetivo da cidade.<\/p>\n<figure class=\"wp-block-image size-full\"><img decoding=\"async\" width=\"1200\" height=\"675\" src=\"http:\/\/noticiasbahia360.com.br\/wp-content\/uploads\/2026\/05\/Dia-do-Trabalhador-em-Feira-de-Santana-ft-ed-santos-acorda-cidade-especial.webp\" alt=\"Enquanto muitos descansam, eles seguem na luta: trabalhadores mant\u00eam Feira de Santana em movimento no feriado de 1\u00ba de Maio\" class=\"wp-image-651658\" srcset=\"http:\/\/noticiasbahia360.com.br\/wp-content\/uploads\/2026\/05\/Dia-do-Trabalhador-em-Feira-de-Santana-ft-ed-santos-acorda-cidade-especial.webp 1200w, https:\/\/uploads.acordacidade.com.br\/2026\/05\/Dia-do-Trabalhador-em-Feira-de-Santana-ft-ed-santos-acorda-cidade-especial-750x422.webp 750w, https:\/\/uploads.acordacidade.com.br\/2026\/05\/Dia-do-Trabalhador-em-Feira-de-Santana-ft-ed-santos-acorda-cidade-especial-1000x563.webp 1000w, https:\/\/uploads.acordacidade.com.br\/2026\/05\/Dia-do-Trabalhador-em-Feira-de-Santana-ft-ed-santos-acorda-cidade-especial-450x253.webp 450w, https:\/\/uploads.acordacidade.com.br\/2026\/05\/Dia-do-Trabalhador-em-Feira-de-Santana-ft-ed-santos-acorda-cidade-especial-150x84.webp 150w\" sizes=\"(max-width: 1200px) 100vw, 1200px\"><figcaption class=\"wp-element-caption\">Foto: Ed Santos\/Acorda Cidade<\/figcaption><\/figure>\n<p>Antes da barraca, seu Walter viveu outra parte importante da hist\u00f3ria feirense: trabalhou por mais de 40 anos como operador de cinema no antigo <a href=\"https:\/\/www.acordacidade.com.br\/feira-de-santana\/quem-lembra-do-cine-iris-o-faroeste-nas-telas-foi-o-sonho-de-uma-geracao\/\" type=\"link\" id=\"https:\/\/www.acordacidade.com.br\/feira-de-santana\/quem-lembra-do-cine-iris-o-faroeste-nas-telas-foi-o-sonho-de-uma-geracao\/\"><strong>Cine Teatro \u00cdris<\/strong><\/a>, um dos espa\u00e7os mais tradicionais da mem\u00f3ria cultural da cidade. Inaugurado em 1944, o Cine \u00cdris marcou gera\u00e7\u00f5es e foi cen\u00e1rio de encontros, matin\u00eas de domingo e da paix\u00e3o de muitos feirenses pelos filmes de faroeste, romances e grandes cl\u00e1ssicos de Hollywood.<\/p>\n<figure class=\"wp-block-image size-full is-resized\"><img decoding=\"async\" width=\"640\" height=\"427\" src=\"http:\/\/noticiasbahia360.com.br\/wp-content\/uploads\/2026\/05\/tNIVqfVc-Cine-IRIS-Foto-Redes-Sociais-foto-arquivo-pessoal-.webp\" alt=\"Cine \u00edres\" class=\"wp-image-499343\" style=\"width:811px;height:auto\" srcset=\"http:\/\/noticiasbahia360.com.br\/wp-content\/uploads\/2026\/05\/tNIVqfVc-Cine-IRIS-Foto-Redes-Sociais-foto-arquivo-pessoal-.webp 640w, https:\/\/www.acordacidade.com.br\/wp-content\/uploads\/2025\/01\/tNIVqfVc-Cine-IRIS-Foto-Redes-Sociais-foto-arquivo-pessoal--300x200.webp 300w, https:\/\/www.acordacidade.com.br\/wp-content\/uploads\/2025\/01\/tNIVqfVc-Cine-IRIS-Foto-Redes-Sociais-foto-arquivo-pessoal--150x100.webp 150w\" sizes=\"(max-width: 640px) 100vw, 640px\"><figcaption class=\"wp-element-caption\">Cine \u00edres | Foto: Arquivo Pessoal \/ Zadir Marques Porto<\/figcaption><\/figure>\n<p>\u201cEstou vendendo aqui h\u00e1 54 anos. Vendo cigarro, doces. Eu era operador de cinema. Trabalhava no cinema e a barraca. A barraca era maior do que essa\u201d, contou.<\/p>\n<p>Mesmo aposentado, seu Walter nunca abandonou a rotina de trabalho. Continua firme no ponto de segunda a segunda, inclusive nos feriados.<\/p>\n<figure class=\"wp-block-image size-full\"><img loading=\"lazy\" decoding=\"async\" width=\"1200\" height=\"675\" src=\"http:\/\/noticiasbahia360.com.br\/wp-content\/uploads\/2026\/05\/Dia-do-Trabalhador-em-Feira-de-Santana-ft-ed-santos-acorda-cidade-especial-.webp\" alt=\"Enquanto muitos descansam, eles seguem na luta: trabalhadores mant\u00eam Feira de Santana em movimento no feriado de 1\u00ba de Maio\" class=\"wp-image-651657\" srcset=\"http:\/\/noticiasbahia360.com.br\/wp-content\/uploads\/2026\/05\/Dia-do-Trabalhador-em-Feira-de-Santana-ft-ed-santos-acorda-cidade-especial-.webp 1200w, https:\/\/uploads.acordacidade.com.br\/2026\/05\/Dia-do-Trabalhador-em-Feira-de-Santana-ft-ed-santos-acorda-cidade-especial--750x422.webp 750w, https:\/\/uploads.acordacidade.com.br\/2026\/05\/Dia-do-Trabalhador-em-Feira-de-Santana-ft-ed-santos-acorda-cidade-especial--1000x563.webp 1000w, https:\/\/uploads.acordacidade.com.br\/2026\/05\/Dia-do-Trabalhador-em-Feira-de-Santana-ft-ed-santos-acorda-cidade-especial--450x253.webp 450w, https:\/\/uploads.acordacidade.com.br\/2026\/05\/Dia-do-Trabalhador-em-Feira-de-Santana-ft-ed-santos-acorda-cidade-especial--150x84.webp 150w\" sizes=\"(max-width: 1200px) 100vw, 1200px\"><figcaption class=\"wp-element-caption\">Seu Walter | Foto: Ed Santos\/Acorda Cidade<\/figcaption><\/figure>\n<blockquote class=\"wp-block-quote is-layout-flow wp-block-quote-is-layout-flow\">\n<p>\u201c\u00c9 todos os dias. Sempre aqui. Sempre no feriado e tudo. N\u00e3o paro nem dia de domingo. Vale a pena. \u00c9 bom n\u00e9 sempre estou e estarei aqui. D\u00e1 para distrair. D\u00e1 para levar a vida.\u201d Mesmo trabalhando seu Walter desejou um bom dia de descanso e de divers\u00e3o a todos os trabalhadores.<\/p>\n<\/blockquote>\n<p>Neste 1\u00ba de Maio, enquanto muitos aproveitaram o merecido descanso, hist\u00f3rias como a do major Djomar e de seu Walter lembraram que o trabalho tamb\u00e9m \u00e9 presen\u00e7a, dignidade e resist\u00eancia. Seja na farda ou atr\u00e1s de uma pequena barraca, s\u00e3o eles, e tantos outros trabalhadores invis\u00edveis no feriado, que fazem a cidade continuar funcionando quando quase tudo parece parar, inclusive, a jornalista que escreveu essa not\u00edcia neste feriado do Dia do Trabalhador.<\/p>\n<p><strong>Leia tamb\u00e9m: <\/strong><\/p>\n<p><a href=\"https:\/\/www.acordacidade.com.br\/feira-de-santana\/dia-do-trabalhador-em-feira-de-santana-reforca-luta-por-direitos-salario-justo-e-fim-da-escala-6x1\/\" type=\"link\" id=\"https:\/\/www.acordacidade.com.br\/feira-de-santana\/dia-do-trabalhador-em-feira-de-santana-reforca-luta-por-direitos-salario-justo-e-fim-da-escala-6x1\/\"><strong>Dia do Trabalhador em Feira de Santana refor\u00e7a luta por direitos, sal\u00e1rio justo e fim da escala 6\u00d71<\/strong><\/a><\/p>\n<p><strong><a href=\"https:\/\/www.acordacidade.com.br\/feira-de-santana\/quem-lembra-do-cine-iris-o-faroeste-nas-telas-foi-o-sonho-de-uma-geracao\/\" type=\"link\" id=\"https:\/\/www.acordacidade.com.br\/feira-de-santana\/quem-lembra-do-cine-iris-o-faroeste-nas-telas-foi-o-sonho-de-uma-geracao\/\">Quem lembra do Cine \u00cdris? O faroeste nas telas foi o sonho de uma gera\u00e7\u00e3o<\/a><\/strong><\/p>\n<p><em>Siga o Acorda Cidade no<\/em><a href=\"https:\/\/news.google.com\/search?q=acorda%20cidade&amp;hl=pt-BR&amp;gl=BR&amp;ceid=BR%3Apt-419\"><strong><em>\u00a0Google Not\u00edcias<\/em><\/strong><\/a><em>\u00a0e receba os principais destaques do dia. Participe tamb\u00e9m dos nossos canais no\u00a0<\/em><a href=\"https:\/\/www.whatsapp.com\/channel\/0029Va6Rb4v3WHTNnsh8WI3N\"><strong><em>WhatsApp<\/em><\/strong><\/a><em>\u00a0e\u00a0<\/em><a href=\"https:\/\/www.youtube.com\/@acordacidadenoticias\/videos\"><strong>YouTube<\/strong><\/a><em>\u00a0e grupo de\u00a0<\/em><a href=\"https:\/\/t.me\/+sSz0khrgARA0ZmRh\"><strong><em>Telegram<\/em><\/strong><\/a><em>.<\/em><\/p>\n<\/div>\n","protected":false},"excerpt":{"rendered":"<div>\n<div>\n<figure><img decoding=\"async\" src=\"https:\/\/uploads.acordacidade.com.br\/2026\/05\/policial-e-baleiro.webp\" alt=\"Enquanto muitos descansam, eles seguem na luta: trabalhadores mant\u00eam Feira de Santana em movimento no feriado de 1\u00ba de Maio\"><figcaption>Foto: Ed Santos\/Acorda Cidade<\/figcaption><\/figure>\n<\/div>\n<p>Nas ruas, o trabalho seguiu como em qualquer outro dia, porque, para muita gente, o feriado tamb\u00e9m \u00e9 dia de cumprir miss\u00e3o.<\/p><\/div>\n","protected":false},"author":1,"featured_media":129251,"comment_status":"closed","ping_status":"closed","sticky":false,"template":"","format":"gallery","meta":{"footnotes":""},"categories":[8,9,6,57,56,10],"tags":[],"class_list":["post-129250","post","type-post","status-publish","format-gallery","has-post-thumbnail","hentry","category-bahia","category-brasil","category-feira-de-santana","category-mundo","category-policia","category-politica","post_format-post-format-gallery"],"featured_image_urls":{"full":["https:\/\/noticiasbahia360.com.br\/wp-content\/uploads\/2026\/05\/policial-e-baleiro.webp",1200,800,false],"thumbnail":["https:\/\/noticiasbahia360.com.br\/wp-content\/uploads\/2026\/05\/policial-e-baleiro-150x150.webp",150,150,true],"medium":["https:\/\/noticiasbahia360.com.br\/wp-content\/uploads\/2026\/05\/policial-e-baleiro-300x200.webp",300,200,true],"medium_large":["https:\/\/noticiasbahia360.com.br\/wp-content\/uploads\/2026\/05\/policial-e-baleiro-768x512.webp",640,427,true],"large":["https:\/\/noticiasbahia360.com.br\/wp-content\/uploads\/2026\/05\/policial-e-baleiro-1024x683.webp",640,427,true],"1536x1536":["https:\/\/noticiasbahia360.com.br\/wp-content\/uploads\/2026\/05\/policial-e-baleiro.webp",1200,800,false],"2048x2048":["https:\/\/noticiasbahia360.com.br\/wp-content\/uploads\/2026\/05\/policial-e-baleiro.webp",1200,800,false],"chromenews-featured":["https:\/\/noticiasbahia360.com.br\/wp-content\/uploads\/2026\/05\/policial-e-baleiro-1024x683.webp",1024,683,true],"chromenews-large":["https:\/\/noticiasbahia360.com.br\/wp-content\/uploads\/2026\/05\/policial-e-baleiro-825x575.webp",825,575,true],"chromenews-medium":["https:\/\/noticiasbahia360.com.br\/wp-content\/uploads\/2026\/05\/policial-e-baleiro-590x410.webp",590,410,true]},"author_info":{"display_name":"noticiasbahia360.com.br","author_link":"https:\/\/noticiasbahia360.com.br\/?author=1"},"category_info":"<a href=\"https:\/\/noticiasbahia360.com.br\/?cat=8\" rel=\"category\">Bahia<\/a> <a href=\"https:\/\/noticiasbahia360.com.br\/?cat=9\" rel=\"category\">Brasil<\/a> <a href=\"https:\/\/noticiasbahia360.com.br\/?cat=6\" rel=\"category\">Feira de Santana<\/a> <a href=\"https:\/\/noticiasbahia360.com.br\/?cat=57\" rel=\"category\">Mundo<\/a> <a href=\"https:\/\/noticiasbahia360.com.br\/?cat=56\" rel=\"category\">Pol\u00edcia<\/a> <a href=\"https:\/\/noticiasbahia360.com.br\/?cat=10\" rel=\"category\">Pol\u00edtica<\/a>","tag_info":"Pol\u00edtica","comment_count":"0","_links":{"self":[{"href":"https:\/\/noticiasbahia360.com.br\/index.php?rest_route=\/wp\/v2\/posts\/129250","targetHints":{"allow":["GET"]}}],"collection":[{"href":"https:\/\/noticiasbahia360.com.br\/index.php?rest_route=\/wp\/v2\/posts"}],"about":[{"href":"https:\/\/noticiasbahia360.com.br\/index.php?rest_route=\/wp\/v2\/types\/post"}],"author":[{"embeddable":true,"href":"https:\/\/noticiasbahia360.com.br\/index.php?rest_route=\/wp\/v2\/users\/1"}],"replies":[{"embeddable":true,"href":"https:\/\/noticiasbahia360.com.br\/index.php?rest_route=%2Fwp%2Fv2%2Fcomments&post=129250"}],"version-history":[{"count":0,"href":"https:\/\/noticiasbahia360.com.br\/index.php?rest_route=\/wp\/v2\/posts\/129250\/revisions"}],"wp:featuredmedia":[{"embeddable":true,"href":"https:\/\/noticiasbahia360.com.br\/index.php?rest_route=\/wp\/v2\/media\/129251"}],"wp:attachment":[{"href":"https:\/\/noticiasbahia360.com.br\/index.php?rest_route=%2Fwp%2Fv2%2Fmedia&parent=129250"}],"wp:term":[{"taxonomy":"category","embeddable":true,"href":"https:\/\/noticiasbahia360.com.br\/index.php?rest_route=%2Fwp%2Fv2%2Fcategories&post=129250"},{"taxonomy":"post_tag","embeddable":true,"href":"https:\/\/noticiasbahia360.com.br\/index.php?rest_route=%2Fwp%2Fv2%2Ftags&post=129250"}],"curies":[{"name":"wp","href":"https:\/\/api.w.org\/{rel}","templated":true}]}}