{"id":129257,"date":"2026-05-01T19:42:19","date_gmt":"2026-05-01T22:42:19","guid":{"rendered":"https:\/\/noticiasbahia360.com.br\/?p=129257"},"modified":"2026-05-01T19:42:19","modified_gmt":"2026-05-01T22:42:19","slug":"gabriel-nunes-recebe-titulo-de-cidadao-feirense-na-camara-municipal","status":"publish","type":"post","link":"https:\/\/noticiasbahia360.com.br\/?p=129257","title":{"rendered":"Gabriel Nunes recebe t\u00edtulo de Cidad\u00e3o Feirense na C\u00e2mara Municipal"},"content":{"rendered":"<div>\n<div>\n<figure><img decoding=\"async\" src=\"http:\/\/noticiasbahia360.com.br\/wp-content\/uploads\/2026\/05\/Prefeito-Titulo-Cidadao-Dep-Gabriel-Nunes-Fotos-Washington-Nery-30-04-26-12.webp\" alt=\"Gabriel Nunes recebe t\u00edtulo de Cidad\u00e3o Feirense na C\u00e2mara Municipal\"><figcaption>Foto: Washington Nery<\/figcaption><\/figure>\n<\/div>\n<p>Nascido em C\u00edcero Dantas e com in\u00fameros servi\u00e7os prestados a Feira de Santana atrav\u00e9s de seu mandato na C\u00e2mara Federal, o deputado federal Gabriel Jos\u00e9 Moura Nunes Soares, ou simplesmente Gabriel Nunes, como \u00e9 mais conhecido, \u00e9 o mais novo Cidad\u00e3o Feirense. A honraria foi entregue ao parlamentar durante solenidade na C\u00e2mara Municipal na noite de quinta-feira (30), contando com a presen\u00e7a do prefeito Jos\u00e9 Ronaldo de Carvalho.<\/p>\n<figure class=\"wp-block-image size-full\"><img fetchpriority=\"high\" fetchpriority=\"high\" decoding=\"async\" width=\"1200\" height=\"800\" src=\"http:\/\/noticiasbahia360.com.br\/wp-content\/uploads\/2026\/05\/Prefeito-Titulo-Cidadao-Dep-Gabriel-Nunes-Fotos-Washington-Nery-30-04-26-7.webp\" alt=\"Gabriel Nunes recebe t\u00edtulo de Cidad\u00e3o Feirense na C\u00e2mara Municipal\" class=\"wp-image-651681\" srcset=\"http:\/\/noticiasbahia360.com.br\/wp-content\/uploads\/2026\/05\/Prefeito-Titulo-Cidadao-Dep-Gabriel-Nunes-Fotos-Washington-Nery-30-04-26-7.webp 1200w, https:\/\/uploads.acordacidade.com.br\/2026\/05\/Prefeito-Titulo-Cidadao-Dep-Gabriel-Nunes-Fotos-Washington-Nery-30-04-26-7-750x500.webp 750w, https:\/\/uploads.acordacidade.com.br\/2026\/05\/Prefeito-Titulo-Cidadao-Dep-Gabriel-Nunes-Fotos-Washington-Nery-30-04-26-7-1000x667.webp 1000w, https:\/\/uploads.acordacidade.com.br\/2026\/05\/Prefeito-Titulo-Cidadao-Dep-Gabriel-Nunes-Fotos-Washington-Nery-30-04-26-7-450x300.webp 450w, https:\/\/uploads.acordacidade.com.br\/2026\/05\/Prefeito-Titulo-Cidadao-Dep-Gabriel-Nunes-Fotos-Washington-Nery-30-04-26-7-150x100.webp 150w\" sizes=\"(max-width: 1200px) 100vw, 1200px\"><figcaption class=\"wp-element-caption\">Foto: Washington Nery<\/figcaption><\/figure>\n<p>Autor do projeto de lei conferindo o t\u00edtulo de Cidad\u00e3o Feirense ao deputado federal Gabriel Nunes, o vereador Lulinha da Gente entregou a c\u00f3pia do decreto legislativo e o t\u00edtulo ao parlamentar, ao destacar as in\u00fameras a\u00e7\u00f5es promovidas por ele no munic\u00edpio de Feira de Santana atrav\u00e9s de emendas parlamentares que viabilizaram a execu\u00e7\u00e3o de in\u00fameras obras de pavimenta\u00e7\u00e3o, aquisi\u00e7\u00e3o de m\u00e1quinas pesadas para patrolamento de estradas, implanta\u00e7\u00e3o de redes de abastecimento de \u00e1gua para a zona rural e muitas outras.<\/p>\n<p>As a\u00e7\u00f5es que marcam a presen\u00e7a e parceria do deputado federal com o Governo Municipal de Feira de Santana tamb\u00e9m foram destacadas pelos vereadores Pastor Valdemir Santos e Z\u00e9 Curuca, que destacaram a disposi\u00e7\u00e3o do parlamentar em sempre atender aos pleitos dos feirenses apresentados pelos vereadores e tamb\u00e9m pelo governo do prefeito Jos\u00e9 Ronaldo.<\/p>\n<figure class=\"wp-block-image size-full\"><img decoding=\"async\" width=\"1200\" height=\"800\" src=\"http:\/\/noticiasbahia360.com.br\/wp-content\/uploads\/2026\/05\/Prefeito-Titulo-Cidadao-Dep-Gabriel-Nunes-Fotos-Washington-Nery-30-04-26-22.webp\" alt=\"Gabriel Nunes recebe t\u00edtulo de Cidad\u00e3o Feirense na C\u00e2mara Municipal\" class=\"wp-image-651683\" srcset=\"http:\/\/noticiasbahia360.com.br\/wp-content\/uploads\/2026\/05\/Prefeito-Titulo-Cidadao-Dep-Gabriel-Nunes-Fotos-Washington-Nery-30-04-26-22.webp 1200w, https:\/\/uploads.acordacidade.com.br\/2026\/05\/Prefeito-Titulo-Cidadao-Dep-Gabriel-Nunes-Fotos-Washington-Nery-30-04-26-22-750x500.webp 750w, https:\/\/uploads.acordacidade.com.br\/2026\/05\/Prefeito-Titulo-Cidadao-Dep-Gabriel-Nunes-Fotos-Washington-Nery-30-04-26-22-1000x667.webp 1000w, https:\/\/uploads.acordacidade.com.br\/2026\/05\/Prefeito-Titulo-Cidadao-Dep-Gabriel-Nunes-Fotos-Washington-Nery-30-04-26-22-450x300.webp 450w, https:\/\/uploads.acordacidade.com.br\/2026\/05\/Prefeito-Titulo-Cidadao-Dep-Gabriel-Nunes-Fotos-Washington-Nery-30-04-26-22-150x100.webp 150w\" sizes=\"(max-width: 1200px) 100vw, 1200px\"><figcaption class=\"wp-element-caption\">Foto: Washington Nery<\/figcaption><\/figure>\n<p>Ao receber a honraria, o deputado federal Gabriel Nunes reconheceu o apoio e parceria do governo do prefeito Jos\u00e9 Ronaldo, a quem se referiu como homem \u00edntegro e exemplo que o inspira no exerc\u00edcio do mandato p\u00fablico e como uma das principais lideran\u00e7as da atualidade na Bahia.<\/p>\n<figure class=\"wp-block-image size-full\"><img decoding=\"async\" width=\"1200\" height=\"799\" src=\"http:\/\/noticiasbahia360.com.br\/wp-content\/uploads\/2026\/05\/Deputado-federal-Gabriel-Nunes-e-o-mais-novo-Cidadao-Feirense.webp\" alt=\"Gabriel Nunes recebe t\u00edtulo de Cidad\u00e3o Feirense na C\u00e2mara Municipal\" class=\"wp-image-651684\" srcset=\"http:\/\/noticiasbahia360.com.br\/wp-content\/uploads\/2026\/05\/Deputado-federal-Gabriel-Nunes-e-o-mais-novo-Cidadao-Feirense.webp 1200w, https:\/\/uploads.acordacidade.com.br\/2026\/05\/Deputado-federal-Gabriel-Nunes-e-o-mais-novo-Cidadao-Feirense-750x499.webp 750w, https:\/\/uploads.acordacidade.com.br\/2026\/05\/Deputado-federal-Gabriel-Nunes-e-o-mais-novo-Cidadao-Feirense-1000x666.webp 1000w, https:\/\/uploads.acordacidade.com.br\/2026\/05\/Deputado-federal-Gabriel-Nunes-e-o-mais-novo-Cidadao-Feirense-450x300.webp 450w, https:\/\/uploads.acordacidade.com.br\/2026\/05\/Deputado-federal-Gabriel-Nunes-e-o-mais-novo-Cidadao-Feirense-150x100.webp 150w\" sizes=\"(max-width: 1200px) 100vw, 1200px\"><figcaption class=\"wp-element-caption\">Foto: Washington Nery<\/figcaption><\/figure>\n<p>A sess\u00e3o solene foi presidida pelo pr\u00f3prio presidente da C\u00e2mara Municipal, vereador Marcos Lima, e contou com as presen\u00e7as na mesa de honra do prefeito Jos\u00e9 Ronaldo, Lulinha da Gente, e o procurador geral do Munic\u00edpio, Guga Leal. Tamb\u00e9m presentes os secret\u00e1rios municipais de Comunica\u00e7\u00e3o, Joilton Freitas; de Agricultura, Silvaney Ara\u00fajo; de Servi\u00e7os P\u00fablicos, Justiniano Fran\u00e7a; e de Desenvolvimento Urbano, Neto Braga.<\/p>\n<p><em>Siga o Acorda Cidade no<\/em><a href=\"https:\/\/news.google.com\/search?q=acorda%20cidade&amp;hl=pt-BR&amp;gl=BR&amp;ceid=BR%3Apt-419\"><strong><em>\u00a0Google Not\u00edcias<\/em><\/strong><\/a><em>\u00a0e receba os principais destaques do dia. Participe tamb\u00e9m dos nossos canais no\u00a0<\/em><a href=\"https:\/\/www.whatsapp.com\/channel\/0029Va6Rb4v3WHTNnsh8WI3N\"><strong><em>WhatsApp<\/em><\/strong><\/a><em>\u00a0e\u00a0<\/em><a href=\"https:\/\/www.youtube.com\/@acordacidadenoticias\/videos\"><strong>YouTube<\/strong><\/a><em>\u00a0e grupo de\u00a0<\/em><a href=\"https:\/\/t.me\/+sSz0khrgARA0ZmRh\"><strong><em>Telegram<\/em><\/strong><\/a><em>.<\/em><\/p>\n<\/div>\n","protected":false},"excerpt":{"rendered":"<div>\n<div>\n<figure><img decoding=\"async\" src=\"https:\/\/uploads.acordacidade.com.br\/2026\/05\/Prefeito-Titulo-Cidadao-Dep-Gabriel-Nunes-Fotos-Washington-Nery-30-04-26-12.webp\" alt=\"Gabriel Nunes recebe t\u00edtulo de Cidad\u00e3o Feirense na C\u00e2mara Municipal\"><figcaption>Foto: Washington Nery<\/figcaption><\/figure>\n<\/div>\n<p>Ao receber a honraria, o deputado federal Gabriel Nunes reconheceu o apoio e parceria do governo do prefeito Jos\u00e9 Ronaldo<\/p><\/div>\n","protected":false},"author":1,"featured_media":129258,"comment_status":"closed","ping_status":"closed","sticky":false,"template":"","format":"gallery","meta":{"footnotes":""},"categories":[8,9,6,57,56,10],"tags":[],"class_list":["post-129257","post","type-post","status-publish","format-gallery","has-post-thumbnail","hentry","category-bahia","category-brasil","category-feira-de-santana","category-mundo","category-policia","category-politica","post_format-post-format-gallery"],"featured_image_urls":{"full":["https:\/\/noticiasbahia360.com.br\/wp-content\/uploads\/2026\/05\/Prefeito-Titulo-Cidadao-Dep-Gabriel-Nunes-Fotos-Washington-Nery-30-04-26-12.webp",1200,800,false],"thumbnail":["https:\/\/noticiasbahia360.com.br\/wp-content\/uploads\/2026\/05\/Prefeito-Titulo-Cidadao-Dep-Gabriel-Nunes-Fotos-Washington-Nery-30-04-26-12-150x150.webp",150,150,true],"medium":["https:\/\/noticiasbahia360.com.br\/wp-content\/uploads\/2026\/05\/Prefeito-Titulo-Cidadao-Dep-Gabriel-Nunes-Fotos-Washington-Nery-30-04-26-12-300x200.webp",300,200,true],"medium_large":["https:\/\/noticiasbahia360.com.br\/wp-content\/uploads\/2026\/05\/Prefeito-Titulo-Cidadao-Dep-Gabriel-Nunes-Fotos-Washington-Nery-30-04-26-12-768x512.webp",640,427,true],"large":["https:\/\/noticiasbahia360.com.br\/wp-content\/uploads\/2026\/05\/Prefeito-Titulo-Cidadao-Dep-Gabriel-Nunes-Fotos-Washington-Nery-30-04-26-12-1024x683.webp",640,427,true],"1536x1536":["https:\/\/noticiasbahia360.com.br\/wp-content\/uploads\/2026\/05\/Prefeito-Titulo-Cidadao-Dep-Gabriel-Nunes-Fotos-Washington-Nery-30-04-26-12.webp",1200,800,false],"2048x2048":["https:\/\/noticiasbahia360.com.br\/wp-content\/uploads\/2026\/05\/Prefeito-Titulo-Cidadao-Dep-Gabriel-Nunes-Fotos-Washington-Nery-30-04-26-12.webp",1200,800,false],"chromenews-featured":["https:\/\/noticiasbahia360.com.br\/wp-content\/uploads\/2026\/05\/Prefeito-Titulo-Cidadao-Dep-Gabriel-Nunes-Fotos-Washington-Nery-30-04-26-12-1024x683.webp",1024,683,true],"chromenews-large":["https:\/\/noticiasbahia360.com.br\/wp-content\/uploads\/2026\/05\/Prefeito-Titulo-Cidadao-Dep-Gabriel-Nunes-Fotos-Washington-Nery-30-04-26-12-825x575.webp",825,575,true],"chromenews-medium":["https:\/\/noticiasbahia360.com.br\/wp-content\/uploads\/2026\/05\/Prefeito-Titulo-Cidadao-Dep-Gabriel-Nunes-Fotos-Washington-Nery-30-04-26-12-590x410.webp",590,410,true]},"author_info":{"display_name":"noticiasbahia360.com.br","author_link":"https:\/\/noticiasbahia360.com.br\/?author=1"},"category_info":"<a href=\"https:\/\/noticiasbahia360.com.br\/?cat=8\" rel=\"category\">Bahia<\/a> <a href=\"https:\/\/noticiasbahia360.com.br\/?cat=9\" rel=\"category\">Brasil<\/a> <a href=\"https:\/\/noticiasbahia360.com.br\/?cat=6\" rel=\"category\">Feira de Santana<\/a> <a href=\"https:\/\/noticiasbahia360.com.br\/?cat=57\" rel=\"category\">Mundo<\/a> <a href=\"https:\/\/noticiasbahia360.com.br\/?cat=56\" rel=\"category\">Pol\u00edcia<\/a> <a href=\"https:\/\/noticiasbahia360.com.br\/?cat=10\" rel=\"category\">Pol\u00edtica<\/a>","tag_info":"Pol\u00edtica","comment_count":"0","_links":{"self":[{"href":"https:\/\/noticiasbahia360.com.br\/index.php?rest_route=\/wp\/v2\/posts\/129257","targetHints":{"allow":["GET"]}}],"collection":[{"href":"https:\/\/noticiasbahia360.com.br\/index.php?rest_route=\/wp\/v2\/posts"}],"about":[{"href":"https:\/\/noticiasbahia360.com.br\/index.php?rest_route=\/wp\/v2\/types\/post"}],"author":[{"embeddable":true,"href":"https:\/\/noticiasbahia360.com.br\/index.php?rest_route=\/wp\/v2\/users\/1"}],"replies":[{"embeddable":true,"href":"https:\/\/noticiasbahia360.com.br\/index.php?rest_route=%2Fwp%2Fv2%2Fcomments&post=129257"}],"version-history":[{"count":0,"href":"https:\/\/noticiasbahia360.com.br\/index.php?rest_route=\/wp\/v2\/posts\/129257\/revisions"}],"wp:featuredmedia":[{"embeddable":true,"href":"https:\/\/noticiasbahia360.com.br\/index.php?rest_route=\/wp\/v2\/media\/129258"}],"wp:attachment":[{"href":"https:\/\/noticiasbahia360.com.br\/index.php?rest_route=%2Fwp%2Fv2%2Fmedia&parent=129257"}],"wp:term":[{"taxonomy":"category","embeddable":true,"href":"https:\/\/noticiasbahia360.com.br\/index.php?rest_route=%2Fwp%2Fv2%2Fcategories&post=129257"},{"taxonomy":"post_tag","embeddable":true,"href":"https:\/\/noticiasbahia360.com.br\/index.php?rest_route=%2Fwp%2Fv2%2Ftags&post=129257"}],"curies":[{"name":"wp","href":"https:\/\/api.w.org\/{rel}","templated":true}]}} 