{"id":129262,"date":"2026-05-01T20:01:12","date_gmt":"2026-05-01T23:01:12","guid":{"rendered":"https:\/\/noticiasbahia360.com.br\/?p=129262"},"modified":"2026-05-01T20:01:12","modified_gmt":"2026-05-01T23:01:12","slug":"lagoa-do-alto-do-papagaio-ja-esta-90-limpa-para-receber-novas-obras","status":"publish","type":"post","link":"https:\/\/noticiasbahia360.com.br\/?p=129262","title":{"rendered":"Lagoa do Alto do Papagaio j\u00e1 est\u00e1 90% limpa para receber novas obras"},"content":{"rendered":"<div>\n<div>\n<figure><img decoding=\"async\" src=\"http:\/\/noticiasbahia360.com.br\/wp-content\/uploads\/2026\/05\/Lagoa-do-Alto-do-Papagaio-1.webp\" alt=\"Lagoa do Alto do Papagaio\"><figcaption>Foto: Silvio Tito<\/figcaption><\/figure>\n<\/div>\n<p>Os servi\u00e7os de limpeza do leito da lagoa do Alto do Papagaio, um dos principais vetores de crescimento da cidade, continuam avan\u00e7ando e j\u00e1 atingiram 90% do manancial. Com a conclus\u00e3o desta etapa, a Prefeitura de Feira de Santana vai executar as obras de urbaniza\u00e7\u00e3o do manancial, transformando o espa\u00e7o em um importante espa\u00e7o de lazer para a comunidade.<\/p>\n<figure class=\"wp-block-image size-full\"><img fetchpriority=\"high\" fetchpriority=\"high\" decoding=\"async\" width=\"1200\" height=\"799\" src=\"http:\/\/noticiasbahia360.com.br\/wp-content\/uploads\/2026\/05\/Lagoa-do-Alto-do-Papagaio.webp\" alt=\"Lagoa do Alto do Papagaio\" class=\"wp-image-651693\" srcset=\"http:\/\/noticiasbahia360.com.br\/wp-content\/uploads\/2026\/05\/Lagoa-do-Alto-do-Papagaio.webp 1200w, https:\/\/uploads.acordacidade.com.br\/2026\/05\/Lagoa-do-Alto-do-Papagaio-750x499.webp 750w, https:\/\/uploads.acordacidade.com.br\/2026\/05\/Lagoa-do-Alto-do-Papagaio-1000x666.webp 1000w, https:\/\/uploads.acordacidade.com.br\/2026\/05\/Lagoa-do-Alto-do-Papagaio-450x300.webp 450w, https:\/\/uploads.acordacidade.com.br\/2026\/05\/Lagoa-do-Alto-do-Papagaio-150x100.webp 150w\" sizes=\"(max-width: 1200px) 100vw, 1200px\"><figcaption class=\"wp-element-caption\">Foto: Silvio Tito<\/figcaption><\/figure>\n<p>A execu\u00e7\u00e3o das obras est\u00e1 sendo monitorada pelo prefeito Jos\u00e9 Ronaldo de Carvalho, que visitou o local nesta sexta-feira (1\u00ba), acompanhado de t\u00e9cnicos da Prefeitura de Feira de Santana, e determinou a ado\u00e7\u00e3o de algumas medidas visando o avan\u00e7o dos servi\u00e7os. Tamb\u00e9m foram definidos alguns ajustes nos servi\u00e7os para acelerar as obras e atender as expectativas de moradores do bairro.<\/p>\n<p>A inspe\u00e7\u00e3o das obras foi realizada pelo prefeito Jos\u00e9 Ronaldo acompanhado pelo subsecret\u00e1rio de Planejamento, Djavan Arag\u00e3o; o superintendente da Soma, Jo\u00e3o Vianey; e o secret\u00e1rio de Comunica\u00e7\u00e3o, Joilton Freitas.<\/p>\n<figure class=\"wp-block-image size-full\"><img decoding=\"async\" width=\"1200\" height=\"800\" src=\"http:\/\/noticiasbahia360.com.br\/wp-content\/uploads\/2026\/05\/Lagoa-do-Alto-do-Papagaio-3.webp\" alt=\"Lagoa do Alto do Papagaio\" class=\"wp-image-651689\" srcset=\"http:\/\/noticiasbahia360.com.br\/wp-content\/uploads\/2026\/05\/Lagoa-do-Alto-do-Papagaio-3.webp 1200w, https:\/\/uploads.acordacidade.com.br\/2026\/05\/Lagoa-do-Alto-do-Papagaio-3-750x500.webp 750w, https:\/\/uploads.acordacidade.com.br\/2026\/05\/Lagoa-do-Alto-do-Papagaio-3-1000x667.webp 1000w, https:\/\/uploads.acordacidade.com.br\/2026\/05\/Lagoa-do-Alto-do-Papagaio-3-450x300.webp 450w, https:\/\/uploads.acordacidade.com.br\/2026\/05\/Lagoa-do-Alto-do-Papagaio-3-150x100.webp 150w\" sizes=\"(max-width: 1200px) 100vw, 1200px\"><figcaption class=\"wp-element-caption\">Foto: Silvio Tito<\/figcaption><\/figure>\n<p>Enquanto o espelho da lagoa ser\u00e1 totalmente limpo e ampliado com a remo\u00e7\u00e3o de entulhos e dejetos acumulados ao longo de anos no local, o passeio no entorno da lagoa ser\u00e1 recuperado e revitalizado, assim como a ilumina\u00e7\u00e3o p\u00fablica. No local tamb\u00e9m ser\u00e1 colocada uma mureta de contens\u00e3o para evitar que nos per\u00edodos chuvosos a \u00e1gua transborde e invada a pista.<\/p>\n<figure class=\"wp-block-image size-full\"><img decoding=\"async\" width=\"1200\" height=\"800\" src=\"http:\/\/noticiasbahia360.com.br\/wp-content\/uploads\/2026\/05\/Lagoa-do-Alto-do-Papagaio-.webp\" alt=\"Lagoa do Alto do Papagaio\" class=\"wp-image-651692\" srcset=\"http:\/\/noticiasbahia360.com.br\/wp-content\/uploads\/2026\/05\/Lagoa-do-Alto-do-Papagaio-.webp 1200w, https:\/\/uploads.acordacidade.com.br\/2026\/05\/Lagoa-do-Alto-do-Papagaio--750x500.webp 750w, https:\/\/uploads.acordacidade.com.br\/2026\/05\/Lagoa-do-Alto-do-Papagaio--1000x667.webp 1000w, https:\/\/uploads.acordacidade.com.br\/2026\/05\/Lagoa-do-Alto-do-Papagaio--450x300.webp 450w, https:\/\/uploads.acordacidade.com.br\/2026\/05\/Lagoa-do-Alto-do-Papagaio--150x100.webp 150w\" sizes=\"(max-width: 1200px) 100vw, 1200px\"><figcaption class=\"wp-element-caption\">Foto: Silvio Tito<\/figcaption><\/figure>\n<p>As \u00e1rvores de uma mata em trecho do entorno da lagoa ser\u00e3o preservadas, da mesma forma que os coqueiros. O projeto prev\u00ea a transforma\u00e7\u00e3o do espa\u00e7o em \u00e1rea de lazer para quem visitar o local.<\/p>\n<p>Os servi\u00e7os de manuten\u00e7\u00e3o da lagoa do Alto do Papagaio foram iniciados h\u00e1 cerca de 70 dias pela Prefeitura, com a utiliza\u00e7\u00e3o de m\u00e1quinas retroescavadeiras para remo\u00e7\u00e3o de lama e entulho do local. O servi\u00e7o de limpeza, conforme observaram os t\u00e9cnicos do Governo Municipal, j\u00e1 atingiram cerca de 90% e continuam avan\u00e7ando.<\/p>\n<figure class=\"wp-block-image size-full\"><img decoding=\"async\" width=\"1200\" height=\"800\" src=\"http:\/\/noticiasbahia360.com.br\/wp-content\/uploads\/2026\/05\/Lagoa-do-Alto-do-Papagaio-2.webp\" alt=\"Lagoa do Alto do Papagaio\" class=\"wp-image-651690\" srcset=\"http:\/\/noticiasbahia360.com.br\/wp-content\/uploads\/2026\/05\/Lagoa-do-Alto-do-Papagaio-2.webp 1200w, https:\/\/uploads.acordacidade.com.br\/2026\/05\/Lagoa-do-Alto-do-Papagaio-2-750x500.webp 750w, https:\/\/uploads.acordacidade.com.br\/2026\/05\/Lagoa-do-Alto-do-Papagaio-2-1000x667.webp 1000w, https:\/\/uploads.acordacidade.com.br\/2026\/05\/Lagoa-do-Alto-do-Papagaio-2-450x300.webp 450w, https:\/\/uploads.acordacidade.com.br\/2026\/05\/Lagoa-do-Alto-do-Papagaio-2-150x100.webp 150w\" sizes=\"(max-width: 1200px) 100vw, 1200px\"><figcaption class=\"wp-element-caption\">Foto: Silvio Tito<\/figcaption><\/figure>\n<p><em>Com informa\u00e7\u00f5es da Secretaria Municipal de Comunica\u00e7\u00e3o (Secom)<\/em><\/p>\n<p><em>Siga o Acorda Cidade no<\/em><a href=\"https:\/\/news.google.com\/search?q=acorda%20cidade&amp;hl=pt-BR&amp;gl=BR&amp;ceid=BR%3Apt-419\"><strong><em>\u00a0Google Not\u00edcias<\/em><\/strong><\/a><em>\u00a0e receba os principais destaques do dia. Participe tamb\u00e9m dos nossos canais no\u00a0<\/em><a href=\"https:\/\/www.whatsapp.com\/channel\/0029Va6Rb4v3WHTNnsh8WI3N\"><strong><em>WhatsApp<\/em><\/strong><\/a><em>\u00a0e\u00a0<\/em><a href=\"https:\/\/www.youtube.com\/@acordacidadenoticias\/videos\"><strong>YouTube<\/strong><\/a><em>\u00a0e grupo de\u00a0<\/em><a href=\"https:\/\/t.me\/+sSz0khrgARA0ZmRh\"><strong><em>Telegram<\/em><\/strong><\/a><em>.<\/em><\/p>\n<\/div>\n","protected":false},"excerpt":{"rendered":"<div>\n<div>\n<figure><img decoding=\"async\" src=\"https:\/\/uploads.acordacidade.com.br\/2026\/05\/Lagoa-do-Alto-do-Papagaio-1.webp\" alt=\"Lagoa do Alto do Papagaio\"><figcaption>Foto: Silvio Tito<\/figcaption><\/figure>\n<\/div>\n<p>Com a conclus\u00e3o desta etapa, a Prefeitura de Feira de Santana vai executar as obras de urbaniza\u00e7\u00e3o da Lagoa do Alto do Papagaio.<\/p><\/div>\n","protected":false},"author":1,"featured_media":129263,"comment_status":"closed","ping_status":"closed","sticky":false,"template":"","format":"gallery","meta":{"footnotes":""},"categories":[8,9,6,57,56,10],"tags":[],"class_list":["post-129262","post","type-post","status-publish","format-gallery","has-post-thumbnail","hentry","category-bahia","category-brasil","category-feira-de-santana","category-mundo","category-policia","category-politica","post_format-post-format-gallery"],"featured_image_urls":{"full":["https:\/\/noticiasbahia360.com.br\/wp-content\/uploads\/2026\/05\/Lagoa-do-Alto-do-Papagaio-1.webp",1200,800,false],"thumbnail":["https:\/\/noticiasbahia360.com.br\/wp-content\/uploads\/2026\/05\/Lagoa-do-Alto-do-Papagaio-1-150x150.webp",150,150,true],"medium":["https:\/\/noticiasbahia360.com.br\/wp-content\/uploads\/2026\/05\/Lagoa-do-Alto-do-Papagaio-1-300x200.webp",300,200,true],"medium_large":["https:\/\/noticiasbahia360.com.br\/wp-content\/uploads\/2026\/05\/Lagoa-do-Alto-do-Papagaio-1-768x512.webp",640,427,true],"large":["https:\/\/noticiasbahia360.com.br\/wp-content\/uploads\/2026\/05\/Lagoa-do-Alto-do-Papagaio-1-1024x683.webp",640,427,true],"1536x1536":["https:\/\/noticiasbahia360.com.br\/wp-content\/uploads\/2026\/05\/Lagoa-do-Alto-do-Papagaio-1.webp",1200,800,false],"2048x2048":["https:\/\/noticiasbahia360.com.br\/wp-content\/uploads\/2026\/05\/Lagoa-do-Alto-do-Papagaio-1.webp",1200,800,false],"chromenews-featured":["https:\/\/noticiasbahia360.com.br\/wp-content\/uploads\/2026\/05\/Lagoa-do-Alto-do-Papagaio-1-1024x683.webp",1024,683,true],"chromenews-large":["https:\/\/noticiasbahia360.com.br\/wp-content\/uploads\/2026\/05\/Lagoa-do-Alto-do-Papagaio-1-825x575.webp",825,575,true],"chromenews-medium":["https:\/\/noticiasbahia360.com.br\/wp-content\/uploads\/2026\/05\/Lagoa-do-Alto-do-Papagaio-1-590x410.webp",590,410,true]},"author_info":{"display_name":"noticiasbahia360.com.br","author_link":"https:\/\/noticiasbahia360.com.br\/?author=1"},"category_info":"<a href=\"https:\/\/noticiasbahia360.com.br\/?cat=8\" rel=\"category\">Bahia<\/a> <a href=\"https:\/\/noticiasbahia360.com.br\/?cat=9\" rel=\"category\">Brasil<\/a> <a href=\"https:\/\/noticiasbahia360.com.br\/?cat=6\" rel=\"category\">Feira de Santana<\/a> <a href=\"https:\/\/noticiasbahia360.com.br\/?cat=57\" rel=\"category\">Mundo<\/a> <a href=\"https:\/\/noticiasbahia360.com.br\/?cat=56\" rel=\"category\">Pol\u00edcia<\/a> <a href=\"https:\/\/noticiasbahia360.com.br\/?cat=10\" rel=\"category\">Pol\u00edtica<\/a>","tag_info":"Pol\u00edtica","comment_count":"0","_links":{"self":[{"href":"https:\/\/noticiasbahia360.com.br\/index.php?rest_route=\/wp\/v2\/posts\/129262","targetHints":{"allow":["GET"]}}],"collection":[{"href":"https:\/\/noticiasbahia360.com.br\/index.php?rest_route=\/wp\/v2\/posts"}],"about":[{"href":"https:\/\/noticiasbahia360.com.br\/index.php?rest_route=\/wp\/v2\/types\/post"}],"author":[{"embeddable":true,"href":"https:\/\/noticiasbahia360.com.br\/index.php?rest_route=\/wp\/v2\/users\/1"}],"replies":[{"embeddable":true,"href":"https:\/\/noticiasbahia360.com.br\/index.php?rest_route=%2Fwp%2Fv2%2Fcomments&post=129262"}],"version-history":[{"count":0,"href":"https:\/\/noticiasbahia360.com.br\/index.php?rest_route=\/wp\/v2\/posts\/129262\/revisions"}],"wp:featuredmedia":[{"embeddable":true,"href":"https:\/\/noticiasbahia360.com.br\/index.php?rest_route=\/wp\/v2\/media\/129263"}],"wp:attachment":[{"href":"https:\/\/noticiasbahia360.com.br\/index.php?rest_route=%2Fwp%2Fv2%2Fmedia&parent=129262"}],"wp:term":[{"taxonomy":"category","embeddable":true,"href":"https:\/\/noticiasbahia360.com.br\/index.php?rest_route=%2Fwp%2Fv2%2Fcategories&post=129262"},{"taxonomy":"post_tag","embeddable":true,"href":"https:\/\/noticiasbahia360.com.br\/index.php?rest_route=%2Fwp%2Fv2%2Ftags&post=129262"}],"curies":[{"name":"wp","href":"https:\/\/api.w.org\/{rel}","templated":true}]}}