{"id":129268,"date":"2026-05-01T22:36:44","date_gmt":"2026-05-02T01:36:44","guid":{"rendered":"https:\/\/noticiasbahia360.com.br\/?p=129268"},"modified":"2026-05-01T22:36:44","modified_gmt":"2026-05-02T01:36:44","slug":"pela-primeira-vez-tjba-e-alba-vao-transferir-sedes-para-cachoeira-em-celebracao-a-independencia-da-bahia","status":"publish","type":"post","link":"https:\/\/noticiasbahia360.com.br\/?p=129268","title":{"rendered":"Pela primeira vez, TJBA e Alba v\u00e3o transferir sedes para Cachoeira em celebra\u00e7\u00e3o \u00e0 Independ\u00eancia da Bahia"},"content":{"rendered":"<div>\n<div>\n<figure><img decoding=\"async\" src=\"http:\/\/noticiasbahia360.com.br\/wp-content\/uploads\/2026\/05\/cachoeira-bahia-foto-divulgacao-prefeitura-municipal.jpeg\" alt=\"cachoeira\"><figcaption>Foto: Divulga\u00e7\u00e3o\/PMC<\/figcaption><\/figure>\n<\/div>\n<p>Em homenagem \u00e0 resist\u00eancia hist\u00f3rica do povo de Cachoeira na luta pela Independ\u00eancia do Brasil na Bahia, o Tribunal de Justi\u00e7a do Estado da Bahia (TJBA) e a Assembleia Legislativa da Bahia (Alba) v\u00e3o transferir, pela primeira vez, suas sedes para o munic\u00edpio, no dia 25 de junho de 2026.<\/p>\n<p>As duas institui\u00e7\u00f5es, que representam os Poderes Judici\u00e1rio e Legislativo estaduais, somam-se \u00e0 homenagem j\u00e1 realizada pelo Poder Executivo, que transfere simbolicamente a sede do Governo do Estado para Cachoeira desde 2008, conforme a Lei Estadual n\u00ba 10.695\/2007.<\/p>\n<p>A data carrega profundo significado hist\u00f3rico. Em 25 de junho de 1822, os moradores de Cachoeira assumiram papel decisivo na lideran\u00e7a do movimento que deu in\u00edcio \u00e0 guerra pela Independ\u00eancia na Bahia, cuja vit\u00f3ria final ocorreu em 2 de julho de 1823, com a expuls\u00e3o das \u00faltimas tropas portuguesas do territ\u00f3rio baiano.<\/p>\n<figure class=\"wp-block-image size-full\"><img fetchpriority=\"high\" fetchpriority=\"high\" decoding=\"async\" width=\"1200\" height=\"675\" src=\"http:\/\/noticiasbahia360.com.br\/wp-content\/uploads\/2026\/05\/Desembargador-Jose-Rotondano-e-Deputada-Ivana-Bastos-1.webp\" alt=\"Pela primeira vez, TJBA e Alba v\u00e3o transferir sedes para Cachoeira em celebra\u00e7\u00e3o \u00e0 Independ\u00eancia da Bahia\" class=\"wp-image-651698\" srcset=\"http:\/\/noticiasbahia360.com.br\/wp-content\/uploads\/2026\/05\/Desembargador-Jose-Rotondano-e-Deputada-Ivana-Bastos-1.webp 1200w, https:\/\/uploads.acordacidade.com.br\/2026\/05\/Desembargador-Jose-Rotondano-e-Deputada-Ivana-Bastos-1-750x422.webp 750w, https:\/\/uploads.acordacidade.com.br\/2026\/05\/Desembargador-Jose-Rotondano-e-Deputada-Ivana-Bastos-1-1000x563.webp 1000w, https:\/\/uploads.acordacidade.com.br\/2026\/05\/Desembargador-Jose-Rotondano-e-Deputada-Ivana-Bastos-1-450x253.webp 450w, https:\/\/uploads.acordacidade.com.br\/2026\/05\/Desembargador-Jose-Rotondano-e-Deputada-Ivana-Bastos-1-150x84.webp 150w\" sizes=\"(max-width: 1200px) 100vw, 1200px\"><figcaption class=\"wp-element-caption\">Desembargador Jos\u00e9 Rotondano e Deputada Ivana Bastos | Foto: Divulga\u00e7\u00e3o<\/figcaption><\/figure>\n<p>No \u00e2mbito do Judici\u00e1rio, o Gabinete da Presid\u00eancia ser\u00e1 instalado no F\u00f3rum Augusto Teixeira de Freitas, em Cachoeira, onde ser\u00e3o editados os atos institucionais do Tribunal de Justi\u00e7a. Para o Presidente da Corte baiana, Desembargador Jos\u00e9 Edivaldo Rocha Rotondano, a iniciativa reconhece a grandeza hist\u00f3rica do munic\u00edpio e refor\u00e7a a aproxima\u00e7\u00e3o do Judici\u00e1rio com a sociedade. <\/p>\n<p>\u201cAl\u00e9m de prestar as merecidas homenagens a Cachoeira e a sua popula\u00e7\u00e3o, a transfer\u00eancia de sede do Judici\u00e1rio \u00e0 cidade tamb\u00e9m integra o movimento que o Tribunal est\u00e1 fazendo de se aproximar cada vez mais da sociedade baiana\u201d, destaca o Desembargador Jos\u00e9 Rotondano. A transfer\u00eancia est\u00e1 amparada no Decreto Judici\u00e1rio n\u00ba 540, de 29 de abril de 2026.<\/p>\n<p>No Legislativo, a transfer\u00eancia tempor\u00e1ria da sede da Assembleia Legislativa da Bahia foi formalizada por meio do Ato n\u00ba 041\/2026, assinado pela Presidente da Alba, Deputada Ivana Bastos. A medida est\u00e1 amparada no Regimento Interno da Casa e na Lei Estadual n\u00ba 10.695\/2007, que institui a transfer\u00eancia simb\u00f3lica da Capital do Estado para Cachoeira durante as comemora\u00e7\u00f5es hist\u00f3ricas da Independ\u00eancia da Bahia. A decis\u00e3o tamb\u00e9m levou em considera\u00e7\u00e3o a delibera\u00e7\u00e3o do Plen\u00e1rio da Assembleia Legislativa, aprovada em sess\u00e3o realizada no dia 28 de abril de 2026.<\/p>\n<p>Para a Presidente da Alba, Deputada Ivana Bastos, a presen\u00e7a do Legislativo baiano em Cachoeira representa um gesto de respeito \u00e0 hist\u00f3ria e de valoriza\u00e7\u00e3o do povo que ajudou a construir a liberdade da Bahia. <\/p>\n<p>\u201cCachoeira \u00e9 s\u00edmbolo de coragem, resist\u00eancia e amor \u00e0 Bahia. Transferir a sede da Assembleia Legislativa para este munic\u00edpio, ainda que por um dia, \u00e9 reconhecer a for\u00e7a de um povo que foi protagonista na luta pela nossa Independ\u00eancia e reafirmar que o Legislativo baiano tem estado perto das pessoas, dos territ\u00f3rios e da hist\u00f3ria viva do nosso estado. A Alba estar\u00e1 em Cachoeira para reverenciar essa trajet\u00f3ria, fortalecer sua presen\u00e7a junto \u00e0 sociedade e celebrar, ao lado do povo baiano, a grandeza do 25 de Junho e do 2 de Julho\u201d, afirmou Ivana Bastos.<\/p>\n<p><em>Siga o Acorda Cidade no<\/em><a href=\"https:\/\/news.google.com\/search?q=acorda%20cidade&amp;hl=pt-BR&amp;gl=BR&amp;ceid=BR%3Apt-419\"><strong><em>\u00a0Google Not\u00edcias<\/em><\/strong><\/a><em>\u00a0e receba os principais destaques do dia. Participe tamb\u00e9m dos nossos canais no\u00a0<\/em><a href=\"https:\/\/www.whatsapp.com\/channel\/0029Va6Rb4v3WHTNnsh8WI3N\"><strong><em>WhatsApp<\/em><\/strong><\/a><em>\u00a0e\u00a0<\/em><a href=\"https:\/\/www.youtube.com\/@acordacidadenoticias\/videos\"><strong>YouTube<\/strong><\/a><em>\u00a0e grupo de\u00a0<\/em><a href=\"https:\/\/t.me\/+sSz0khrgARA0ZmRh\"><strong><em>Telegram<\/em><\/strong><\/a><em>.<\/em><\/p>\n<\/div>\n","protected":false},"excerpt":{"rendered":"<div>\n<div>\n<figure><img decoding=\"async\" src=\"https:\/\/www.acordacidade.com.br\/wp-content\/uploads\/2022\/06\/21211940\/cachoeira-bahia-foto-divulgacao-prefeitura-municipal.jpeg\" alt=\"cachoeira\"><figcaption>Foto: Divulga\u00e7\u00e3o\/PMC<\/figcaption><\/figure>\n<\/div>\n<p>As duas institui\u00e7\u00f5es, que representam os Poderes Judici\u00e1rio e Legislativo estaduais, somam-se \u00e0 homenagem j\u00e1 realizada pelo Poder Executivo.<\/p><\/div>\n","protected":false},"author":1,"featured_media":129269,"comment_status":"closed","ping_status":"closed","sticky":false,"template":"","format":"gallery","meta":{"footnotes":""},"categories":[8,9,6,57,56,10],"tags":[],"class_list":["post-129268","post","type-post","status-publish","format-gallery","has-post-thumbnail","hentry","category-bahia","category-brasil","category-feira-de-santana","category-mundo","category-policia","category-politica","post_format-post-format-gallery"],"featured_image_urls":{"full":["https:\/\/noticiasbahia360.com.br\/wp-content\/uploads\/2026\/05\/cachoeira-bahia-foto-divulgacao-prefeitura-municipal.jpeg",540,340,false],"thumbnail":["https:\/\/noticiasbahia360.com.br\/wp-content\/uploads\/2026\/05\/cachoeira-bahia-foto-divulgacao-prefeitura-municipal-150x150.jpeg",150,150,true],"medium":["https:\/\/noticiasbahia360.com.br\/wp-content\/uploads\/2026\/05\/cachoeira-bahia-foto-divulgacao-prefeitura-municipal-300x189.jpeg",300,189,true],"medium_large":["https:\/\/noticiasbahia360.com.br\/wp-content\/uploads\/2026\/05\/cachoeira-bahia-foto-divulgacao-prefeitura-municipal.jpeg",540,340,false],"large":["https:\/\/noticiasbahia360.com.br\/wp-content\/uploads\/2026\/05\/cachoeira-bahia-foto-divulgacao-prefeitura-municipal.jpeg",540,340,false],"1536x1536":["https:\/\/noticiasbahia360.com.br\/wp-content\/uploads\/2026\/05\/cachoeira-bahia-foto-divulgacao-prefeitura-municipal.jpeg",540,340,false],"2048x2048":["https:\/\/noticiasbahia360.com.br\/wp-content\/uploads\/2026\/05\/cachoeira-bahia-foto-divulgacao-prefeitura-municipal.jpeg",540,340,false],"chromenews-featured":["https:\/\/noticiasbahia360.com.br\/wp-content\/uploads\/2026\/05\/cachoeira-bahia-foto-divulgacao-prefeitura-municipal.jpeg",540,340,false],"chromenews-large":["https:\/\/noticiasbahia360.com.br\/wp-content\/uploads\/2026\/05\/cachoeira-bahia-foto-divulgacao-prefeitura-municipal.jpeg",540,340,false],"chromenews-medium":["https:\/\/noticiasbahia360.com.br\/wp-content\/uploads\/2026\/05\/cachoeira-bahia-foto-divulgacao-prefeitura-municipal.jpeg",540,340,false]},"author_info":{"display_name":"noticiasbahia360.com.br","author_link":"https:\/\/noticiasbahia360.com.br\/?author=1"},"category_info":"<a href=\"https:\/\/noticiasbahia360.com.br\/?cat=8\" rel=\"category\">Bahia<\/a> <a href=\"https:\/\/noticiasbahia360.com.br\/?cat=9\" rel=\"category\">Brasil<\/a> <a href=\"https:\/\/noticiasbahia360.com.br\/?cat=6\" rel=\"category\">Feira de Santana<\/a> <a href=\"https:\/\/noticiasbahia360.com.br\/?cat=57\" rel=\"category\">Mundo<\/a> <a href=\"https:\/\/noticiasbahia360.com.br\/?cat=56\" rel=\"category\">Pol\u00edcia<\/a> <a href=\"https:\/\/noticiasbahia360.com.br\/?cat=10\" rel=\"category\">Pol\u00edtica<\/a>","tag_info":"Pol\u00edtica","comment_count":"0","_links":{"self":[{"href":"https:\/\/noticiasbahia360.com.br\/index.php?rest_route=\/wp\/v2\/posts\/129268","targetHints":{"allow":["GET"]}}],"collection":[{"href":"https:\/\/noticiasbahia360.com.br\/index.php?rest_route=\/wp\/v2\/posts"}],"about":[{"href":"https:\/\/noticiasbahia360.com.br\/index.php?rest_route=\/wp\/v2\/types\/post"}],"author":[{"embeddable":true,"href":"https:\/\/noticiasbahia360.com.br\/index.php?rest_route=\/wp\/v2\/users\/1"}],"replies":[{"embeddable":true,"href":"https:\/\/noticiasbahia360.com.br\/index.php?rest_route=%2Fwp%2Fv2%2Fcomments&post=129268"}],"version-history":[{"count":0,"href":"https:\/\/noticiasbahia360.com.br\/index.php?rest_route=\/wp\/v2\/posts\/129268\/revisions"}],"wp:featuredmedia":[{"embeddable":true,"href":"https:\/\/noticiasbahia360.com.br\/index.php?rest_route=\/wp\/v2\/media\/129269"}],"wp:attachment":[{"href":"https:\/\/noticiasbahia360.com.br\/index.php?rest_route=%2Fwp%2Fv2%2Fmedia&parent=129268"}],"wp:term":[{"taxonomy":"category","embeddable":true,"href":"https:\/\/noticiasbahia360.com.br\/index.php?rest_route=%2Fwp%2Fv2%2Fcategories&post=129268"},{"taxonomy":"post_tag","embeddable":true,"href":"https:\/\/noticiasbahia360.com.br\/index.php?rest_route=%2Fwp%2Fv2%2Ftags&post=129268"}],"curies":[{"name":"wp","href":"https:\/\/api.w.org\/{rel}","templated":true}]}}