{"id":129271,"date":"2026-05-01T22:36:45","date_gmt":"2026-05-02T01:36:45","guid":{"rendered":"https:\/\/noticiasbahia360.com.br\/?p=129271"},"modified":"2026-05-01T22:36:45","modified_gmt":"2026-05-02T01:36:45","slug":"combate-ao-crime-organizado-salvador-recebe-encontro-nacional-com-foco-em-asfixia-financeira","status":"publish","type":"post","link":"https:\/\/noticiasbahia360.com.br\/?p=129271","title":{"rendered":"Combate ao crime organizado: Salvador recebe encontro nacional com foco em asfixia financeira"},"content":{"rendered":"<div>\n<div>\n<figure><img decoding=\"async\" src=\"http:\/\/noticiasbahia360.com.br\/wp-content\/uploads\/2026\/05\/Policia-Civil-.webp\" alt=\"Combate ao crime organizado: Salvador recebe encontro nacional com foco em asfixia financeira\"><figcaption>Foto: Ascom-PCBA<\/figcaption><\/figure>\n<\/div>\n<p>De forma in\u00e9dita, a capital baiana ser\u00e1 palco de um dos mais relevantes encontros nacionais voltados ao fortalecimento da seguran\u00e7a p\u00fablica, que acontecer\u00e1 entre os dias 12 e 15 de maio, na Universidade Senai Cimatec, localizada na Avenida Orlando Gomes, no bairro de Piat\u00e3, em Salvador.<\/p>\n<p>A iniciativa, promovida pelo Minist\u00e9rio da Justi\u00e7a e Seguran\u00e7a P\u00fablica (MJSP), por meio da Secretaria Nacional de Seguran\u00e7a P\u00fablica (Senasp), em parceria com a Pol\u00edcia Civil, o Tribunal de Justi\u00e7a e o Minist\u00e9rio P\u00fablico do Estado da Bahia, tem o objetivo de aprimorar estrat\u00e9gias de enfrentamento ao crime organizado no pa\u00eds.<\/p>\n<p>O evento marca a integra\u00e7\u00e3o entre duas importantes iniciativas nacionais: a Rede Nacional de Unidades Especializadas de Enfrentamento das Organiza\u00e7\u00f5es Criminosas (Renorcrim) e a Rede Nacional de Recupera\u00e7\u00e3o de Ativos (Recupera). A proposta \u00e9 fortalecer a\u00e7\u00f5es conjuntas com foco na descapitaliza\u00e7\u00e3o de organiza\u00e7\u00f5es criminosas, por meio da asfixia financeira e do aperfei\u00e7oamento das investiga\u00e7\u00f5es.<\/p>\n<p>Durante o encontro, ser\u00e3o debatidos temas estrat\u00e9gicos, como t\u00e9cnicas avan\u00e7adas de investiga\u00e7\u00e3o criminal, intelig\u00eancia financeira aplicada ao combate \u00e0 criminalidade econ\u00f4mica, aperfei\u00e7oamento dos instrumentos jur\u00eddicos na persecu\u00e7\u00e3o penal e fortalecimento da coopera\u00e7\u00e3o entre institui\u00e7\u00f5es de diferentes esferas.<\/p>\n<p>Nos quatro dias de evento, estar\u00e3o reunidos especialistas do Minist\u00e9rio da Justi\u00e7a e Seguran\u00e7a P\u00fablica, das Pol\u00edcias Civis, da Pol\u00edcia Federal, dos Minist\u00e9rios P\u00fablicos e do Poder Judici\u00e1rio, com o objetivo de aprimorar estrat\u00e9gias de enfrentamento ao crime organizado no pa\u00eds. O secret\u00e1rio nacional de Seguran\u00e7a P\u00fablica, Francisco Lucas, ressaltou a import\u00e2ncia da atua\u00e7\u00e3o integrada. \u201cA integra\u00e7\u00e3o institucional \u00e9 a ferramenta mais poderosa que temos para desarticular o crime organizado e garantir que os ativos il\u00edcitos retornem ao Estado\u201d, afirmou.<\/p>\n<p>O delegado-geral Andr\u00e9 Viana destacou a contribui\u00e7\u00e3o do encontro nacional para a prote\u00e7\u00e3o da popula\u00e7\u00e3o da Bahia e refor\u00e7ou a integra\u00e7\u00e3o entre as institui\u00e7\u00f5es na defesa da sociedade. Tamb\u00e9m ressaltou os avan\u00e7os do estado no enfrentamento \u00e0s organiza\u00e7\u00f5es criminosas.<\/p>\n<p>\u201cO Estado da Bahia tem apresentado avan\u00e7os relevantes no enfrentamento ao crime organizado, especialmente a partir do fortalecimento das investiga\u00e7\u00f5es qualificadas e da incorpora\u00e7\u00e3o da dimens\u00e3o patrimonial nas apura\u00e7\u00f5es. Os dados institucionais evidenciam a amplia\u00e7\u00e3o das opera\u00e7\u00f5es policiais estruturadas, o incremento nas apreens\u00f5es de bens e valores il\u00edcitos e o avan\u00e7o na ado\u00e7\u00e3o de medidas voltadas \u00e0 descapitaliza\u00e7\u00e3o das organiza\u00e7\u00f5es criminosas. A escolha da Bahia como sede, nesse contexto, n\u00e3o apenas reconhece os resultados j\u00e1 alcan\u00e7ados, mas tamb\u00e9m reafirma a confian\u00e7a na capacidade do Estado de liderar, articular e impulsionar iniciativas estruturantes no \u00e2mbito nacional\u201d, avaliou.<\/p>\n<h2 class=\"wp-block-heading\" id=\"h-integracao-e-fortalecimento-institucional\">Integra\u00e7\u00e3o e fortalecimento institucional<\/h2>\n<p>A Renorcrim, coordenada pela Senasp por meio da Diretoria de Opera\u00e7\u00f5es Integradas e de Intelig\u00eancia (Diopi), atua na promo\u00e7\u00e3o da coopera\u00e7\u00e3o entre unidades especializadas das pol\u00edcias judici\u00e1rias em todo o pa\u00eds, incentivando o compartilhamento de informa\u00e7\u00f5es, a capacita\u00e7\u00e3o cont\u00ednua e a realiza\u00e7\u00e3o de opera\u00e7\u00f5es integradas.<\/p>\n<p>J\u00e1 a Rede Recupera consolida a articula\u00e7\u00e3o institucional para identifica\u00e7\u00e3o, apreens\u00e3o, administra\u00e7\u00e3o e destina\u00e7\u00e3o de ativos relacionados a pr\u00e1ticas criminosas. A recupera\u00e7\u00e3o de ativos \u00e9 considerada uma das estrat\u00e9gias mais eficazes no combate ao crime organizado, ao enfraquecer financeiramente essas estruturas e permitir a revers\u00e3o de recursos il\u00edcitos em benef\u00edcio da sociedade.<\/p>\n<p><em>Siga o Acorda Cidade no<\/em><a href=\"https:\/\/news.google.com\/search?q=acorda%20cidade&amp;hl=pt-BR&amp;gl=BR&amp;ceid=BR%3Apt-419\"><strong><em>\u00a0Google Not\u00edcias<\/em><\/strong><\/a><em>\u00a0e receba os principais destaques do dia. Participe tamb\u00e9m dos nossos canais no\u00a0<\/em><a href=\"https:\/\/www.whatsapp.com\/channel\/0029Va6Rb4v3WHTNnsh8WI3N\"><strong><em>WhatsApp<\/em><\/strong><\/a><em>\u00a0e\u00a0<\/em><a href=\"https:\/\/www.youtube.com\/@acordacidadenoticias\/videos\"><strong>YouTube<\/strong><\/a><em>\u00a0e grupo de\u00a0<\/em><a href=\"https:\/\/t.me\/+sSz0khrgARA0ZmRh\"><strong><em>Telegram<\/em><\/strong><\/a><em>.<\/em><\/p>\n<\/div>\n","protected":false},"excerpt":{"rendered":"<div>\n<div>\n<figure><img decoding=\"async\" src=\"https:\/\/uploads.acordacidade.com.br\/2026\/05\/Policia-Civil-.webp\" alt=\"Combate ao crime organizado: Salvador recebe encontro nacional com foco em asfixia financeira\"><figcaption>Foto: Ascom-PCBA<\/figcaption><\/figure>\n<\/div>\n<p>A recupera\u00e7\u00e3o de ativos por meio da asfixia financeira de grupos criminosos tamb\u00e9m ser\u00e1 pauta das palestras e debates.<\/p><\/div>\n","protected":false},"author":1,"featured_media":129272,"comment_status":"closed","ping_status":"closed","sticky":false,"template":"","format":"gallery","meta":{"footnotes":""},"categories":[8,9,6,57,56,10],"tags":[],"class_list":["post-129271","post","type-post","status-publish","format-gallery","has-post-thumbnail","hentry","category-bahia","category-brasil","category-feira-de-santana","category-mundo","category-policia","category-politica","post_format-post-format-gallery"],"featured_image_urls":{"full":["https:\/\/noticiasbahia360.com.br\/wp-content\/uploads\/2026\/05\/Policia-Civil-.webp",1200,900,false],"thumbnail":["https:\/\/noticiasbahia360.com.br\/wp-content\/uploads\/2026\/05\/Policia-Civil--150x150.webp",150,150,true],"medium":["https:\/\/noticiasbahia360.com.br\/wp-content\/uploads\/2026\/05\/Policia-Civil--300x225.webp",300,225,true],"medium_large":["https:\/\/noticiasbahia360.com.br\/wp-content\/uploads\/2026\/05\/Policia-Civil--768x576.webp",640,480,true],"large":["https:\/\/noticiasbahia360.com.br\/wp-content\/uploads\/2026\/05\/Policia-Civil--1024x768.webp",640,480,true],"1536x1536":["https:\/\/noticiasbahia360.com.br\/wp-content\/uploads\/2026\/05\/Policia-Civil-.webp",1200,900,false],"2048x2048":["https:\/\/noticiasbahia360.com.br\/wp-content\/uploads\/2026\/05\/Policia-Civil-.webp",1200,900,false],"chromenews-featured":["https:\/\/noticiasbahia360.com.br\/wp-content\/uploads\/2026\/05\/Policia-Civil--1024x768.webp",1024,768,true],"chromenews-large":["https:\/\/noticiasbahia360.com.br\/wp-content\/uploads\/2026\/05\/Policia-Civil--825x575.webp",825,575,true],"chromenews-medium":["https:\/\/noticiasbahia360.com.br\/wp-content\/uploads\/2026\/05\/Policia-Civil--590x410.webp",590,410,true]},"author_info":{"display_name":"noticiasbahia360.com.br","author_link":"https:\/\/noticiasbahia360.com.br\/?author=1"},"category_info":"<a href=\"https:\/\/noticiasbahia360.com.br\/?cat=8\" rel=\"category\">Bahia<\/a> <a href=\"https:\/\/noticiasbahia360.com.br\/?cat=9\" rel=\"category\">Brasil<\/a> <a href=\"https:\/\/noticiasbahia360.com.br\/?cat=6\" rel=\"category\">Feira de Santana<\/a> <a href=\"https:\/\/noticiasbahia360.com.br\/?cat=57\" rel=\"category\">Mundo<\/a> <a href=\"https:\/\/noticiasbahia360.com.br\/?cat=56\" rel=\"category\">Pol\u00edcia<\/a> <a href=\"https:\/\/noticiasbahia360.com.br\/?cat=10\" rel=\"category\">Pol\u00edtica<\/a>","tag_info":"Pol\u00edtica","comment_count":"0","_links":{"self":[{"href":"https:\/\/noticiasbahia360.com.br\/index.php?rest_route=\/wp\/v2\/posts\/129271","targetHints":{"allow":["GET"]}}],"collection":[{"href":"https:\/\/noticiasbahia360.com.br\/index.php?rest_route=\/wp\/v2\/posts"}],"about":[{"href":"https:\/\/noticiasbahia360.com.br\/index.php?rest_route=\/wp\/v2\/types\/post"}],"author":[{"embeddable":true,"href":"https:\/\/noticiasbahia360.com.br\/index.php?rest_route=\/wp\/v2\/users\/1"}],"replies":[{"embeddable":true,"href":"https:\/\/noticiasbahia360.com.br\/index.php?rest_route=%2Fwp%2Fv2%2Fcomments&post=129271"}],"version-history":[{"count":0,"href":"https:\/\/noticiasbahia360.com.br\/index.php?rest_route=\/wp\/v2\/posts\/129271\/revisions"}],"wp:featuredmedia":[{"embeddable":true,"href":"https:\/\/noticiasbahia360.com.br\/index.php?rest_route=\/wp\/v2\/media\/129272"}],"wp:attachment":[{"href":"https:\/\/noticiasbahia360.com.br\/index.php?rest_route=%2Fwp%2Fv2%2Fmedia&parent=129271"}],"wp:term":[{"taxonomy":"category","embeddable":true,"href":"https:\/\/noticiasbahia360.com.br\/index.php?rest_route=%2Fwp%2Fv2%2Fcategories&post=129271"},{"taxonomy":"post_tag","embeddable":true,"href":"https:\/\/noticiasbahia360.com.br\/index.php?rest_route=%2Fwp%2Fv2%2Ftags&post=129271"}],"curies":[{"name":"wp","href":"https:\/\/api.w.org\/{rel}","templated":true}]}} 