{"id":129273,"date":"2026-05-01T22:51:41","date_gmt":"2026-05-02T01:51:41","guid":{"rendered":"https:\/\/noticiasbahia360.com.br\/?p=129273"},"modified":"2026-05-01T22:51:41","modified_gmt":"2026-05-02T01:51:41","slug":"sec-convoca-159-professores-da-educacao-basica","status":"publish","type":"post","link":"https:\/\/noticiasbahia360.com.br\/?p=129273","title":{"rendered":"SEC convoca 159 professores da Educa\u00e7\u00e3o B\u00e1sica"},"content":{"rendered":"<div>\n<div>\n<figure><img decoding=\"async\" src=\"http:\/\/noticiasbahia360.com.br\/wp-content\/uploads\/2026\/05\/Professor-rede-estadual.webp\" alt=\"Professor - rede estadual\"><figcaption>Foto: Memo Soul<\/figcaption><\/figure>\n<\/div>\n<p>A Secretaria da Educa\u00e7\u00e3o da Bahia (SEC) publicou, na edi\u00e7\u00e3o desta sexta-feira (1\u00b0) do Di\u00e1rio Oficial do Estado (DOE), a quinta chamada do Processo Seletivo Simplificado referente ao Edital SEC\/Sudepe n\u00ba 13\/2025. A medida convoca 159 novos candidatos aprovados para a fun\u00e7\u00e3o de professor da Educa\u00e7\u00e3o B\u00e1sica. Os novos profissionais ir\u00e3o integrar as unidades da rede estadual sob o Regime Especial de Direito Administrativo (Reda). Com esta publica\u00e7\u00e3o, sobe para 2.042 o n\u00famero de professores convocados em 2026.<\/p>\n<p>A contrata\u00e7\u00e3o refor\u00e7a o quadro de educadores da SEC, garantindo o funcionamento das atividades escolares e assegurando a continuidade do ensino em todas as unidades, al\u00e9m de evitar preju\u00edzos ao calend\u00e1rio letivo dos estudantes.<\/p>\n<p>Nas escolas, os professores ser\u00e3o respons\u00e1veis por conduzir o plano pedag\u00f3gico e zelar pelo aprendizado dos alunos. O escopo de atua\u00e7\u00e3o inclui a prepara\u00e7\u00e3o dos jovens para exames decisivos em suas trajet\u00f3rias acad\u00eamicas, como o Exame Nacional do Ensino M\u00e9dio (Enem), o Sistema de Avalia\u00e7\u00e3o Baiano da Educa\u00e7\u00e3o (Sabe) e o Sistema de Avalia\u00e7\u00e3o da Educa\u00e7\u00e3o B\u00e1sica (Saeb).<\/p>\n<p><strong>Carga hor\u00e1ria e prazos<\/strong><\/p>\n<p>Os novos professores cumprir\u00e3o uma carga hor\u00e1ria de 20 horas semanais, com remunera\u00e7\u00e3o correspondente a R$ 3.256,70. O contrato de trabalho ter\u00e1 dura\u00e7\u00e3o inicial de 36 meses, com a possibilidade de prorroga\u00e7\u00e3o por um per\u00edodo equivalente.<\/p>\n<p>Os candidatos convocados devem encaminhar os documentos digitalizados para o e-mail\u00a0<a href=\"mailto:ingressocpm.sec@enova.educacao.ba.gov.br\" target=\"_blank\" rel=\"noreferrer noopener\">ingressocpm.sec@enova.educacao.ba.gov.br<\/a>. Dentre estes est\u00e3o o diploma de conclus\u00e3o do curso exigido para a fun\u00e7\u00e3o, RG e CPF, comprovante de resid\u00eancia e declara\u00e7\u00e3o de n\u00e3o ac\u00famulo de cargos e certid\u00f5es negativas. O prazo estipulado para a entrega da documenta\u00e7\u00e3o obrigat\u00f3ria ser\u00e1 de dez dias \u00fateis, compreendido entre os dias 4 e 15 de maio de 2026.<\/p>\n<p>Al\u00e9m do envio eletr\u00f4nico, os convocados devem realizar a entrega presencial dos documentos, em original e fotoc\u00f3pia, para confer\u00eancia. Os aprovados no N\u00facleo Territorial de Educa\u00e7\u00e3o (NTE) 26 \u2013 Salvador precisam comparecer \u00e0 Secretaria da Educa\u00e7\u00e3o do Estado da Bahia, localizada na Avenida Luiz Viana Filho, n\u00ba 550, 5\u00aa Avenida, Centro Administrativo da Bahia (CAB), 1\u00ba andar, sala 117, das 8h30 \u00e0s 11h e das 14h \u00e0s 17h. J\u00e1 os candidatos aprovados para o interior do Estado devem comparecer \u00e0s sedes dos N\u00facleos Territoriais de Educa\u00e7\u00e3o (NTEs) correspondentes.<\/p>\n<p><em>Siga o Acorda Cidade no<\/em><a href=\"https:\/\/news.google.com\/search?q=acorda%20cidade&amp;hl=pt-BR&amp;gl=BR&amp;ceid=BR%3Apt-419\"><strong><em>\u00a0Google Not\u00edcias<\/em><\/strong><\/a><em>\u00a0e receba os principais destaques do dia. Participe tamb\u00e9m dos nossos canais no\u00a0<\/em><a href=\"https:\/\/www.whatsapp.com\/channel\/0029Va6Rb4v3WHTNnsh8WI3N\"><strong><em>WhatsApp<\/em><\/strong><\/a><em>\u00a0e\u00a0<\/em><a href=\"https:\/\/www.youtube.com\/@acordacidadenoticias\/videos\"><strong>YouTube<\/strong><\/a><em>\u00a0e grupo de\u00a0<\/em><a href=\"https:\/\/t.me\/+sSz0khrgARA0ZmRh\"><strong><em>Telegram<\/em><\/strong><\/a><em>.<\/em><\/p>\n<\/div>\n","protected":false},"excerpt":{"rendered":"<div>\n<div>\n<figure><img decoding=\"async\" src=\"https:\/\/www.acordacidade.com.br\/wp-content\/uploads\/2025\/08\/Professor-rede-estadual.webp\" alt=\"Professor - rede estadual\"><figcaption>Foto: Memo Soul<\/figcaption><\/figure>\n<\/div>\n<p>Nas escolas, os professores ser\u00e3o respons\u00e1veis por conduzir o plano pedag\u00f3gico e zelar pelo aprendizado dos alunos.<\/p><\/div>\n","protected":false},"author":1,"featured_media":129274,"comment_status":"closed","ping_status":"closed","sticky":false,"template":"","format":"gallery","meta":{"footnotes":""},"categories":[8,9,6,57,56,10],"tags":[],"class_list":["post-129273","post","type-post","status-publish","format-gallery","has-post-thumbnail","hentry","category-bahia","category-brasil","category-feira-de-santana","category-mundo","category-policia","category-politica","post_format-post-format-gallery"],"featured_image_urls":{"full":["https:\/\/noticiasbahia360.com.br\/wp-content\/uploads\/2026\/05\/Professor-rede-estadual.webp",1200,800,false],"thumbnail":["https:\/\/noticiasbahia360.com.br\/wp-content\/uploads\/2026\/05\/Professor-rede-estadual-150x150.webp",150,150,true],"medium":["https:\/\/noticiasbahia360.com.br\/wp-content\/uploads\/2026\/05\/Professor-rede-estadual-300x200.webp",300,200,true],"medium_large":["https:\/\/noticiasbahia360.com.br\/wp-content\/uploads\/2026\/05\/Professor-rede-estadual-768x512.webp",640,427,true],"large":["https:\/\/noticiasbahia360.com.br\/wp-content\/uploads\/2026\/05\/Professor-rede-estadual-1024x683.webp",640,427,true],"1536x1536":["https:\/\/noticiasbahia360.com.br\/wp-content\/uploads\/2026\/05\/Professor-rede-estadual.webp",1200,800,false],"2048x2048":["https:\/\/noticiasbahia360.com.br\/wp-content\/uploads\/2026\/05\/Professor-rede-estadual.webp",1200,800,false],"chromenews-featured":["https:\/\/noticiasbahia360.com.br\/wp-content\/uploads\/2026\/05\/Professor-rede-estadual-1024x683.webp",1024,683,true],"chromenews-large":["https:\/\/noticiasbahia360.com.br\/wp-content\/uploads\/2026\/05\/Professor-rede-estadual-825x575.webp",825,575,true],"chromenews-medium":["https:\/\/noticiasbahia360.com.br\/wp-content\/uploads\/2026\/05\/Professor-rede-estadual-590x410.webp",590,410,true]},"author_info":{"display_name":"noticiasbahia360.com.br","author_link":"https:\/\/noticiasbahia360.com.br\/?author=1"},"category_info":"<a href=\"https:\/\/noticiasbahia360.com.br\/?cat=8\" rel=\"category\">Bahia<\/a> <a href=\"https:\/\/noticiasbahia360.com.br\/?cat=9\" rel=\"category\">Brasil<\/a> <a href=\"https:\/\/noticiasbahia360.com.br\/?cat=6\" rel=\"category\">Feira de Santana<\/a> <a href=\"https:\/\/noticiasbahia360.com.br\/?cat=57\" rel=\"category\">Mundo<\/a> <a href=\"https:\/\/noticiasbahia360.com.br\/?cat=56\" rel=\"category\">Pol\u00edcia<\/a> <a href=\"https:\/\/noticiasbahia360.com.br\/?cat=10\" rel=\"category\">Pol\u00edtica<\/a>","tag_info":"Pol\u00edtica","comment_count":"0","_links":{"self":[{"href":"https:\/\/noticiasbahia360.com.br\/index.php?rest_route=\/wp\/v2\/posts\/129273","targetHints":{"allow":["GET"]}}],"collection":[{"href":"https:\/\/noticiasbahia360.com.br\/index.php?rest_route=\/wp\/v2\/posts"}],"about":[{"href":"https:\/\/noticiasbahia360.com.br\/index.php?rest_route=\/wp\/v2\/types\/post"}],"author":[{"embeddable":true,"href":"https:\/\/noticiasbahia360.com.br\/index.php?rest_route=\/wp\/v2\/users\/1"}],"replies":[{"embeddable":true,"href":"https:\/\/noticiasbahia360.com.br\/index.php?rest_route=%2Fwp%2Fv2%2Fcomments&post=129273"}],"version-history":[{"count":0,"href":"https:\/\/noticiasbahia360.com.br\/index.php?rest_route=\/wp\/v2\/posts\/129273\/revisions"}],"wp:featuredmedia":[{"embeddable":true,"href":"https:\/\/noticiasbahia360.com.br\/index.php?rest_route=\/wp\/v2\/media\/129274"}],"wp:attachment":[{"href":"https:\/\/noticiasbahia360.com.br\/index.php?rest_route=%2Fwp%2Fv2%2Fmedia&parent=129273"}],"wp:term":[{"taxonomy":"category","embeddable":true,"href":"https:\/\/noticiasbahia360.com.br\/index.php?rest_route=%2Fwp%2Fv2%2Fcategories&post=129273"},{"taxonomy":"post_tag","embeddable":true,"href":"https:\/\/noticiasbahia360.com.br\/index.php?rest_route=%2Fwp%2Fv2%2Ftags&post=129273"}],"curies":[{"name":"wp","href":"https:\/\/api.w.org\/{rel}","templated":true}]}} 