{"id":129282,"date":"2026-05-02T06:41:29","date_gmt":"2026-05-02T09:41:29","guid":{"rendered":"https:\/\/noticiasbahia360.com.br\/?p=129282"},"modified":"2026-05-02T06:41:29","modified_gmt":"2026-05-02T09:41:29","slug":"maria-bethania-e-caetano-veloso-cantam-com-shakira-em-ensaio-no-rio-de-janeiro-veja-o-video","status":"publish","type":"post","link":"https:\/\/noticiasbahia360.com.br\/?p=129282","title":{"rendered":"Maria Beth\u00e2nia e Caetano Veloso cantam com Shakira em ensaio no Rio de Janeiro; veja o v\u00eddeo"},"content":{"rendered":"<div>\n<div>\n<figure><img decoding=\"async\" src=\"http:\/\/noticiasbahia360.com.br\/wp-content\/uploads\/2026\/05\/Shakira.webp\" alt=\"ensaio Shakira\"><figcaption>Foto: Reprodu\u00e7\u00e3o\/ Redes Sociais <\/figcaption><\/figure>\n<\/div>\n<p><strong>A cantora Maria Beth\u00e2nia participou do ensaio do show de Shakira, nesta sexta-feira (1\u00ba), na Praia de Copacabana, na Zona Sul do Rio de Janeiro. As duas dividiram o palco durante a passagem de som e cantaram juntas \u201cO Que \u00c9, O Que \u00c9\u201d, m\u00fasica de Gonzaguinha.<\/strong><\/p>\n<p>Mais tarde, Caetano Veloso tamb\u00e9m participou do ensaio e dividiu os vocais com a colombiana. Os momentos foram acompanhados por f\u00e3s que estavam no local durante os preparativos para a apresenta\u00e7\u00e3o.<\/p>\n<blockquote class=\"twitter-tweet\" data-media-max-width=\"560\">\n<p lang=\"pt\" dir=\"ltr\">\ud83d\udea8 Shakira e Maria e Beth\u00e2nia cantando \u201cO Que \u00c9 O Que \u00c9\u201d em Copacabana ao lado da Unidos da Tijuca, durante ensaio para show de amanh\u00e3 \ud83e\udd79\ud83c\udde7\ud83c\uddf7 <a href=\"https:\/\/t.co\/9DteURVVUp\">pic.twitter.com\/9DteURVVUp<\/a><\/p>\n<p>\u2014 POPTime (@poptime) <a href=\"https:\/\/twitter.com\/poptime\/status\/2050370543723966828?ref_src=twsrc%5Etfw\">May 2, 2026<\/a><\/p><\/blockquote>\n<p> <script async src=\"https:\/\/platform.twitter.com\/widgets.js\" charset=\"utf-8\"><\/script><\/p>\n<p>A participa\u00e7\u00e3o ocorre na v\u00e9spera do show gratuito, marcado para este s\u00e1bado (2), como parte do projeto \u201cTodo Mundo no Rio\u201d. Entre os f\u00e3s da \u201cLoba\u201d, h\u00e1 expectativa por poss\u00edveis participa\u00e7\u00e3o\u00a0de Ivete Sangalo. Anitta j\u00e1 confirmou presen\u00e7a.<\/p>\n<p><em>Fonte: <a href=\"https:\/\/www.bahianoticias.com.br\/holofote\/noticia\/84203-video-maria-bethania-e-caetano-veloso-cantam-com-shakira-em-ensaio-na-praia-de-copacabana\" type=\"link\" id=\"https:\/\/www.bahianoticias.com.br\/holofote\/noticia\/84203-video-maria-bethania-e-caetano-veloso-cantam-com-shakira-em-ensaio-na-praia-de-copacabana\" target=\"_blank\" rel=\"noreferrer noopener\">Bahia Not\u00edcias<\/a>, site parceiro do Acorda Cidade<\/em><\/p>\n<p><em>Siga o Acorda Cidade no<\/em><a href=\"https:\/\/news.google.com\/search?q=acorda%20cidade&amp;hl=pt-BR&amp;gl=BR&amp;ceid=BR%3Apt-419\"><strong><em>\u00a0Google Not\u00edcias<\/em><\/strong><\/a><em>\u00a0e receba os principais destaques do dia. Participe tamb\u00e9m dos nossos canais no\u00a0<\/em><a href=\"https:\/\/www.whatsapp.com\/channel\/0029Va6Rb4v3WHTNnsh8WI3N\"><strong><em>WhatsApp<\/em><\/strong><\/a><em>\u00a0e\u00a0<\/em><a href=\"https:\/\/www.youtube.com\/@acordacidadenoticias\/videos\"><strong>YouTube<\/strong><\/a><em>\u00a0e grupo de\u00a0<\/em><a href=\"https:\/\/t.me\/+sSz0khrgARA0ZmRh\"><strong><em>Telegram<\/em><\/strong><\/a><em>.<\/em><\/p>\n<\/p>\n<\/div>\n","protected":false},"excerpt":{"rendered":"<div>\n<div>\n<figure><img decoding=\"async\" src=\"https:\/\/uploads.acordacidade.com.br\/2026\/05\/Shakira.webp\" alt=\"ensaio Shakira\"><figcaption>Foto: Reprodu\u00e7\u00e3o\/ Redes Sociais <\/figcaption><\/figure>\n<\/div>\n<p>A participa\u00e7\u00e3o ocorre na v\u00e9spera do show gratuito, marcado para este s\u00e1bado (2), como parte do projeto \u201cTodo Mundo no Rio\u201d.<\/p><\/div>\n","protected":false},"author":1,"featured_media":129283,"comment_status":"closed","ping_status":"closed","sticky":false,"template":"","format":"gallery","meta":{"footnotes":""},"categories":[8,9,6,57,56,10],"tags":[],"class_list":["post-129282","post","type-post","status-publish","format-gallery","has-post-thumbnail","hentry","category-bahia","category-brasil","category-feira-de-santana","category-mundo","category-policia","category-politica","post_format-post-format-gallery"],"featured_image_urls":{"full":["https:\/\/noticiasbahia360.com.br\/wp-content\/uploads\/2026\/05\/Shakira.webp",1200,630,false],"thumbnail":["https:\/\/noticiasbahia360.com.br\/wp-content\/uploads\/2026\/05\/Shakira-150x150.webp",150,150,true],"medium":["https:\/\/noticiasbahia360.com.br\/wp-content\/uploads\/2026\/05\/Shakira-300x158.webp",300,158,true],"medium_large":["https:\/\/noticiasbahia360.com.br\/wp-content\/uploads\/2026\/05\/Shakira-768x403.webp",640,336,true],"large":["https:\/\/noticiasbahia360.com.br\/wp-content\/uploads\/2026\/05\/Shakira-1024x538.webp",640,336,true],"1536x1536":["https:\/\/noticiasbahia360.com.br\/wp-content\/uploads\/2026\/05\/Shakira.webp",1200,630,false],"2048x2048":["https:\/\/noticiasbahia360.com.br\/wp-content\/uploads\/2026\/05\/Shakira.webp",1200,630,false],"chromenews-featured":["https:\/\/noticiasbahia360.com.br\/wp-content\/uploads\/2026\/05\/Shakira-1024x538.webp",1024,538,true],"chromenews-large":["https:\/\/noticiasbahia360.com.br\/wp-content\/uploads\/2026\/05\/Shakira-825x575.webp",825,575,true],"chromenews-medium":["https:\/\/noticiasbahia360.com.br\/wp-content\/uploads\/2026\/05\/Shakira-590x410.webp",590,410,true]},"author_info":{"display_name":"noticiasbahia360.com.br","author_link":"https:\/\/noticiasbahia360.com.br\/?author=1"},"category_info":"<a href=\"https:\/\/noticiasbahia360.com.br\/?cat=8\" rel=\"category\">Bahia<\/a> <a href=\"https:\/\/noticiasbahia360.com.br\/?cat=9\" rel=\"category\">Brasil<\/a> <a href=\"https:\/\/noticiasbahia360.com.br\/?cat=6\" rel=\"category\">Feira de Santana<\/a> <a href=\"https:\/\/noticiasbahia360.com.br\/?cat=57\" rel=\"category\">Mundo<\/a> <a href=\"https:\/\/noticiasbahia360.com.br\/?cat=56\" rel=\"category\">Pol\u00edcia<\/a> <a href=\"https:\/\/noticiasbahia360.com.br\/?cat=10\" rel=\"category\">Pol\u00edtica<\/a>","tag_info":"Pol\u00edtica","comment_count":"0","_links":{"self":[{"href":"https:\/\/noticiasbahia360.com.br\/index.php?rest_route=\/wp\/v2\/posts\/129282","targetHints":{"allow":["GET"]}}],"collection":[{"href":"https:\/\/noticiasbahia360.com.br\/index.php?rest_route=\/wp\/v2\/posts"}],"about":[{"href":"https:\/\/noticiasbahia360.com.br\/index.php?rest_route=\/wp\/v2\/types\/post"}],"author":[{"embeddable":true,"href":"https:\/\/noticiasbahia360.com.br\/index.php?rest_route=\/wp\/v2\/users\/1"}],"replies":[{"embeddable":true,"href":"https:\/\/noticiasbahia360.com.br\/index.php?rest_route=%2Fwp%2Fv2%2Fcomments&post=129282"}],"version-history":[{"count":0,"href":"https:\/\/noticiasbahia360.com.br\/index.php?rest_route=\/wp\/v2\/posts\/129282\/revisions"}],"wp:featuredmedia":[{"embeddable":true,"href":"https:\/\/noticiasbahia360.com.br\/index.php?rest_route=\/wp\/v2\/media\/129283"}],"wp:attachment":[{"href":"https:\/\/noticiasbahia360.com.br\/index.php?rest_route=%2Fwp%2Fv2%2Fmedia&parent=129282"}],"wp:term":[{"taxonomy":"category","embeddable":true,"href":"https:\/\/noticiasbahia360.com.br\/index.php?rest_route=%2Fwp%2Fv2%2Fcategories&post=129282"},{"taxonomy":"post_tag","embeddable":true,"href":"https:\/\/noticiasbahia360.com.br\/index.php?rest_route=%2Fwp%2Fv2%2Ftags&post=129282"}],"curies":[{"name":"wp","href":"https:\/\/api.w.org\/{rel}","templated":true}]}}