{"id":129284,"date":"2026-05-02T06:41:30","date_gmt":"2026-05-02T09:41:30","guid":{"rendered":"https:\/\/noticiasbahia360.com.br\/?p=129284"},"modified":"2026-05-02T06:41:30","modified_gmt":"2026-05-02T09:41:30","slug":"escolas-estaduais-da-bahia-realizam-dia-d-para-entrega-dos-cartoes-do-bolsa-presenca","status":"publish","type":"post","link":"https:\/\/noticiasbahia360.com.br\/?p=129284","title":{"rendered":"Escolas estaduais da Bahia realizam Dia D para entrega dos cart\u00f5es do Bolsa Presen\u00e7a"},"content":{"rendered":"<div>\n<div>\n<figure><img decoding=\"async\" src=\"http:\/\/noticiasbahia360.com.br\/wp-content\/uploads\/2026\/05\/VjmabUWl-Bolsa-presenca-.jpg\" alt=\"Bolsa presen\u00e7a\"><figcaption>Foto: Amanda Chung &#8211; Ascom\/SEC<\/figcaption><\/figure>\n<\/div>\n<p>A Rede Estadual de Ensino da Bahia promove, no dia 7 de maio, o Dia D de entrega dos cart\u00f5es do Programa Bolsa Presen\u00e7a, mobilizando todas as unidades escolares nos 27 Territ\u00f3rios de Identidade. A a\u00e7\u00e3o integrada tem como foco a busca ativa das fam\u00edlias aptas que ainda n\u00e3o retiraram os cart\u00f5es, j\u00e1 confeccionados, garantindo o acesso ao benef\u00edcio e fortalecendo a perman\u00eancia dos estudantes na escola.<\/p>\n<p>A iniciativa envolve gestores dos N\u00facleos Territoriais de Educa\u00e7\u00e3o (NTE), equipes escolares, assistentes sociais e lideran\u00e7as estudantis, que v\u00e3o atuar na mobiliza\u00e7\u00e3o e no chamamento dos benefici\u00e1rios. O objetivo \u00e9 alcan\u00e7ar a totalidade das escolas da rede estadual e assegurar que todas as fam\u00edlias contempladas tenham acesso ao programa.<\/p>\n<p>De acordo com a coordenadora do Programa Bolsa Presen\u00e7a da Secretaria da Educa\u00e7\u00e3o do Estado (SEC), Ana Cl\u00e1udia Gon\u00e7alves, a a\u00e7\u00e3o representa um esfor\u00e7o coletivo. \u201cO Dia D de entrega dos cart\u00f5es \u00e9 um movimento importante de mobiliza\u00e7\u00e3o, um chamado para que todas as fam\u00edlias aptas ao programa, com cart\u00f5es confeccionados, se dirijam \u00e0s unidades dos 27 NTEs para fazer a retirada e acessar o benef\u00edcio\u201d, afirmou. \u201cEsta a\u00e7\u00e3o visa garantir o direito ao uso do benef\u00edcio, contribuindo para a perman\u00eancia escolar dos estudantes\u201d, acrescentou.<\/p>\n<p>O Bolsa Presen\u00e7a atende, atualmente, 366.821 estudantes da rede estadual, com investimento superior a R$ 51 milh\u00f5es. O cr\u00e9dito \u00e9 disponibilizado mensalmente, sempre no dia 15, para fam\u00edlias em situa\u00e7\u00e3o de vulnerabilidade social cujos estudantes mant\u00eam frequ\u00eancia regular nas atividades escolares, fortalecendo a perman\u00eancia e o desempenho educacional.<\/p>\n<p>Cada fam\u00edlia recebe R$ 150 por m\u00eas, com acr\u00e9scimo de R$ 50 a partir do segundo estudante matriculado e ass\u00edduo. Institu\u00eddo por lei estadual, o programa se consolidou como uma pol\u00edtica permanente de combate \u00e0 evas\u00e3o escolar e de promo\u00e7\u00e3o da inclus\u00e3o, refor\u00e7ando o compromisso do Governo da Bahia com a garantia do direito \u00e0 educa\u00e7\u00e3o.<\/p>\n<p><em>Siga o Acorda Cidade no<\/em><a href=\"https:\/\/news.google.com\/search?q=acorda%20cidade&amp;hl=pt-BR&amp;gl=BR&amp;ceid=BR%3Apt-419\"><strong><em>\u00a0Google Not\u00edcias<\/em><\/strong><\/a><em>\u00a0e receba os principais destaques do dia. Participe tamb\u00e9m dos nossos canais no\u00a0<\/em><a href=\"https:\/\/www.whatsapp.com\/channel\/0029Va6Rb4v3WHTNnsh8WI3N\"><strong><em>WhatsApp<\/em><\/strong><\/a><em>\u00a0e\u00a0<\/em><a href=\"https:\/\/www.youtube.com\/@acordacidadenoticias\/videos\"><strong>YouTube<\/strong><\/a><em>\u00a0e grupo de\u00a0<\/em><a href=\"https:\/\/t.me\/+sSz0khrgARA0ZmRh\"><strong><em>Telegram<\/em><\/strong><\/a><em>.<\/em><\/p>\n<\/div>\n","protected":false},"excerpt":{"rendered":"<div>\n<div>\n<figure><img decoding=\"async\" src=\"https:\/\/www.acordacidade.com.br\/wp-content\/uploads\/2024\/09\/VjmabUWl-Bolsa-presenca-.jpg\" alt=\"Bolsa presen\u00e7a\"><figcaption>Foto: Amanda Chung &#8211; Ascom\/SEC<\/figcaption><\/figure>\n<\/div>\n<p>O Bolsa Presen\u00e7a atende, atualmente, 366.821 estudantes da rede estadual, com investimento superior a R$ 51 milh\u00f5es.<\/p><\/div>\n","protected":false},"author":1,"featured_media":129285,"comment_status":"closed","ping_status":"closed","sticky":false,"template":"","format":"gallery","meta":{"footnotes":""},"categories":[8,9,6,57,56,10],"tags":[],"class_list":["post-129284","post","type-post","status-publish","format-gallery","has-post-thumbnail","hentry","category-bahia","category-brasil","category-feira-de-santana","category-mundo","category-policia","category-politica","post_format-post-format-gallery"],"featured_image_urls":{"full":["https:\/\/noticiasbahia360.com.br\/wp-content\/uploads\/2026\/05\/VjmabUWl-Bolsa-presenca-.jpg",640,426,false],"thumbnail":["https:\/\/noticiasbahia360.com.br\/wp-content\/uploads\/2026\/05\/VjmabUWl-Bolsa-presenca--150x150.jpg",150,150,true],"medium":["https:\/\/noticiasbahia360.com.br\/wp-content\/uploads\/2026\/05\/VjmabUWl-Bolsa-presenca--300x200.jpg",300,200,true],"medium_large":["https:\/\/noticiasbahia360.com.br\/wp-content\/uploads\/2026\/05\/VjmabUWl-Bolsa-presenca-.jpg",640,426,false],"large":["https:\/\/noticiasbahia360.com.br\/wp-content\/uploads\/2026\/05\/VjmabUWl-Bolsa-presenca-.jpg",640,426,false],"1536x1536":["https:\/\/noticiasbahia360.com.br\/wp-content\/uploads\/2026\/05\/VjmabUWl-Bolsa-presenca-.jpg",640,426,false],"2048x2048":["https:\/\/noticiasbahia360.com.br\/wp-content\/uploads\/2026\/05\/VjmabUWl-Bolsa-presenca-.jpg",640,426,false],"chromenews-featured":["https:\/\/noticiasbahia360.com.br\/wp-content\/uploads\/2026\/05\/VjmabUWl-Bolsa-presenca-.jpg",640,426,false],"chromenews-large":["https:\/\/noticiasbahia360.com.br\/wp-content\/uploads\/2026\/05\/VjmabUWl-Bolsa-presenca-.jpg",640,426,false],"chromenews-medium":["https:\/\/noticiasbahia360.com.br\/wp-content\/uploads\/2026\/05\/VjmabUWl-Bolsa-presenca--590x410.jpg",590,410,true]},"author_info":{"display_name":"noticiasbahia360.com.br","author_link":"https:\/\/noticiasbahia360.com.br\/?author=1"},"category_info":"<a href=\"https:\/\/noticiasbahia360.com.br\/?cat=8\" rel=\"category\">Bahia<\/a> <a href=\"https:\/\/noticiasbahia360.com.br\/?cat=9\" rel=\"category\">Brasil<\/a> <a href=\"https:\/\/noticiasbahia360.com.br\/?cat=6\" rel=\"category\">Feira de Santana<\/a> <a href=\"https:\/\/noticiasbahia360.com.br\/?cat=57\" rel=\"category\">Mundo<\/a> <a href=\"https:\/\/noticiasbahia360.com.br\/?cat=56\" rel=\"category\">Pol\u00edcia<\/a> <a href=\"https:\/\/noticiasbahia360.com.br\/?cat=10\" rel=\"category\">Pol\u00edtica<\/a>","tag_info":"Pol\u00edtica","comment_count":"0","_links":{"self":[{"href":"https:\/\/noticiasbahia360.com.br\/index.php?rest_route=\/wp\/v2\/posts\/129284","targetHints":{"allow":["GET"]}}],"collection":[{"href":"https:\/\/noticiasbahia360.com.br\/index.php?rest_route=\/wp\/v2\/posts"}],"about":[{"href":"https:\/\/noticiasbahia360.com.br\/index.php?rest_route=\/wp\/v2\/types\/post"}],"author":[{"embeddable":true,"href":"https:\/\/noticiasbahia360.com.br\/index.php?rest_route=\/wp\/v2\/users\/1"}],"replies":[{"embeddable":true,"href":"https:\/\/noticiasbahia360.com.br\/index.php?rest_route=%2Fwp%2Fv2%2Fcomments&post=129284"}],"version-history":[{"count":0,"href":"https:\/\/noticiasbahia360.com.br\/index.php?rest_route=\/wp\/v2\/posts\/129284\/revisions"}],"wp:featuredmedia":[{"embeddable":true,"href":"https:\/\/noticiasbahia360.com.br\/index.php?rest_route=\/wp\/v2\/media\/129285"}],"wp:attachment":[{"href":"https:\/\/noticiasbahia360.com.br\/index.php?rest_route=%2Fwp%2Fv2%2Fmedia&parent=129284"}],"wp:term":[{"taxonomy":"category","embeddable":true,"href":"https:\/\/noticiasbahia360.com.br\/index.php?rest_route=%2Fwp%2Fv2%2Fcategories&post=129284"},{"taxonomy":"post_tag","embeddable":true,"href":"https:\/\/noticiasbahia360.com.br\/index.php?rest_route=%2Fwp%2Fv2%2Ftags&post=129284"}],"curies":[{"name":"wp","href":"https:\/\/api.w.org\/{rel}","templated":true}]}}