{"id":129376,"date":"2026-05-03T06:16:39","date_gmt":"2026-05-03T09:16:39","guid":{"rendered":"https:\/\/noticiasbahia360.com.br\/?p=129376"},"modified":"2026-05-03T06:16:39","modified_gmt":"2026-05-03T09:16:39","slug":"uefs-celebra-50-anos-com-congresso-voltado-ao-futuro-da-universidade-evento-comeca-nesta-segunda-4","status":"publish","type":"post","link":"https:\/\/noticiasbahia360.com.br\/?p=129376","title":{"rendered":"Uefs celebra 50 anos com congresso voltado ao futuro da universidade; evento come\u00e7a nesta segunda (4)"},"content":{"rendered":"<div>\n<div>\n<figure><img decoding=\"async\" src=\"http:\/\/noticiasbahia360.com.br\/wp-content\/uploads\/2026\/05\/teatro-da-uefs-foto-divulgacao.jpg\" alt=\"Teatro da Uefs\"><figcaption>Foto: Bernardo Bezerra\/Uefs<\/figcaption><\/figure>\n<\/div>\n<p>Meio s\u00e9culo de hist\u00f3ria n\u00e3o cabe apenas na lembran\u00e7a, exige novas perspectivas. Em um congresso que celebra seus 50 anos, a Universidade Estadual de Feira de Santana (Uefs) vai reunir vozes da comunidade acad\u00eamica e tamb\u00e9m do p\u00fablico externo para um exerc\u00edcio coletivo de futuro. Discutir os pr\u00f3ximos cap\u00edtulos da Institui\u00e7\u00e3o \u00e9 o objetivo principal do evento, que come\u00e7a na pr\u00f3xima segunda-feira (4).<\/p>\n<p>\u201cCelebrar os 50 anos da Uefs \u00e9, antes de tudo, reconhecer a for\u00e7a de uma universidade constru\u00edda por muitas m\u00e3os e muitos sonhos ao longo do tempo. Mas este n\u00e3o \u00e9 apenas um momento de olhar para o que j\u00e1 realizamos, mas sim, uma convoca\u00e7\u00e3o para pensarmos juntos o futuro que queremos construir. Este congresso nasce com esse prop\u00f3sito: reunir a nossa comunidade acad\u00eamica e a sociedade para refletir, de forma coletiva, sobre os desafios do presente e as possibilidades que se abrem para os pr\u00f3ximos anos\u201d, explicou a reitora da Uefs, professora Amali Mussi.\u00a0<\/p>\n<p>J\u00e1 a vice-reitora da Institui\u00e7\u00e3o e presidente da comiss\u00e3o organizadora do evento, professora Rita Br\u00eada destacou que o intuito da programa\u00e7\u00e3o \u00e9 prospectar. \u201cNada melhor do que termos a comunidade interna e a comunidade externa pensando sobre a universidade que temos e a universidade que queremos. Vamos debater coletivamente o que a gente ainda pode ampliar para trazer mais contribui\u00e7\u00f5es para o desenvolvimento social, educacional, pol\u00edtico e territorial da regi\u00e3o\u201d, disse.<\/p>\n<p>A Confer\u00eancia de Abertura do Congresso acontece na segunda-feira, \u00e0s 19h, no Teatro da Uefs, com debate do tema \u201cEduca\u00e7\u00e3o e Cidadania Global\u201d. Essa atividade ser\u00e1 aberta com apresenta\u00e7\u00e3o musical da artista Lua Maria. Depois da abertura oficial do evento, a banda Levante far\u00e1 show na Alameda dos Oitis, com in\u00edcio previsto para as 21h. Durante a tarde ser\u00e3o realizadas atividades alusivas \u00e0 mem\u00f3ria da Uefs, nos audit\u00f3rios dos m\u00f3dulos 1, 2, 4, 6 e 7.<\/p>\n<p>Tr\u00eas eixos tem\u00e1ticos v\u00e3o nortear as atividades previstas para o Congresso: Educa\u00e7\u00e3o de qualidade e inclusiva frente a todas as formas de opress\u00e3o; Autonomia universit\u00e1ria e governan\u00e7a no s\u00e9culo XXI; e A Universidade P\u00fablica no mundo contempor\u00e2neo: desafios e perspectivas.<\/p>\n<p>A programa\u00e7\u00e3o do Congresso se estende at\u00e9 o dia 7 de maio,\u00a0 com sess\u00f5es de p\u00f4steres, grupos de trabalho, mesas redondas e apresenta\u00e7\u00f5es culturais.<\/p>\n<p><strong>Leia tamb\u00e9m: <a href=\"https:\/\/www.acordacidade.com.br\/feira-de-santana\/uefs-abre-celebracoes-de-50-anos-com-congresso-focado-no-futuro-da-educacao-e-cidadania-global\/\" type=\"link\" id=\"https:\/\/www.acordacidade.com.br\/feira-de-santana\/uefs-abre-celebracoes-de-50-anos-com-congresso-focado-no-futuro-da-educacao-e-cidadania-global\/\">Uefs abre celebra\u00e7\u00f5es de 50 anos com congresso focado no futuro da educa\u00e7\u00e3o e cidadania global<\/a><\/strong><\/p>\n<p><em>Siga o Acorda Cidade no<\/em><a href=\"https:\/\/news.google.com\/search?q=acorda%20cidade&amp;hl=pt-BR&amp;gl=BR&amp;ceid=BR%3Apt-419\"><strong><em>\u00a0Google Not\u00edcias<\/em><\/strong><\/a><em>\u00a0e receba os principais destaques do dia. Participe tamb\u00e9m dos nossos canais no\u00a0<\/em><a href=\"https:\/\/www.whatsapp.com\/channel\/0029Va6Rb4v3WHTNnsh8WI3N\"><strong><em>WhatsApp<\/em><\/strong><\/a><em>\u00a0e\u00a0<\/em><a href=\"https:\/\/www.youtube.com\/@acordacidadenoticias\/videos\"><strong>YouTube<\/strong><\/a><em>\u00a0e grupo de\u00a0<\/em><a href=\"https:\/\/t.me\/+sSz0khrgARA0ZmRh\"><strong><em>Telegram<\/em><\/strong><\/a><em>.<\/em><\/p>\n<\/div>\n","protected":false},"excerpt":{"rendered":"<div>\n<div>\n<figure><img decoding=\"async\" src=\"https:\/\/www.acordacidade.com.br\/wp-content\/uploads\/2025\/12\/teatro-da-uefs-foto-divulgacao.jpg\" alt=\"Teatro da Uefs\"><figcaption>Foto: Bernardo Bezerra\/Uefs<\/figcaption><\/figure>\n<\/div>\n<p>A programa\u00e7\u00e3o do Congresso se estende at\u00e9 o dia 7 de maio,\u00a0com grupos de trabalho, mesas redondas e apresenta\u00e7\u00f5es culturais.<\/p><\/div>\n","protected":false},"author":1,"featured_media":129377,"comment_status":"closed","ping_status":"closed","sticky":false,"template":"","format":"gallery","meta":{"footnotes":""},"categories":[8,9,6,57,56,10],"tags":[],"class_list":["post-129376","post","type-post","status-publish","format-gallery","has-post-thumbnail","hentry","category-bahia","category-brasil","category-feira-de-santana","category-mundo","category-policia","category-politica","post_format-post-format-gallery"],"featured_image_urls":{"full":["https:\/\/noticiasbahia360.com.br\/wp-content\/uploads\/2026\/05\/teatro-da-uefs-foto-divulgacao.jpg",1200,675,false],"thumbnail":["https:\/\/noticiasbahia360.com.br\/wp-content\/uploads\/2026\/05\/teatro-da-uefs-foto-divulgacao-150x150.jpg",150,150,true],"medium":["https:\/\/noticiasbahia360.com.br\/wp-content\/uploads\/2026\/05\/teatro-da-uefs-foto-divulgacao-300x169.jpg",300,169,true],"medium_large":["https:\/\/noticiasbahia360.com.br\/wp-content\/uploads\/2026\/05\/teatro-da-uefs-foto-divulgacao-768x432.jpg",640,360,true],"large":["https:\/\/noticiasbahia360.com.br\/wp-content\/uploads\/2026\/05\/teatro-da-uefs-foto-divulgacao-1024x576.jpg",640,360,true],"1536x1536":["https:\/\/noticiasbahia360.com.br\/wp-content\/uploads\/2026\/05\/teatro-da-uefs-foto-divulgacao.jpg",1200,675,false],"2048x2048":["https:\/\/noticiasbahia360.com.br\/wp-content\/uploads\/2026\/05\/teatro-da-uefs-foto-divulgacao.jpg",1200,675,false],"chromenews-featured":["https:\/\/noticiasbahia360.com.br\/wp-content\/uploads\/2026\/05\/teatro-da-uefs-foto-divulgacao-1024x576.jpg",1024,576,true],"chromenews-large":["https:\/\/noticiasbahia360.com.br\/wp-content\/uploads\/2026\/05\/teatro-da-uefs-foto-divulgacao-825x575.jpg",825,575,true],"chromenews-medium":["https:\/\/noticiasbahia360.com.br\/wp-content\/uploads\/2026\/05\/teatro-da-uefs-foto-divulgacao-590x410.jpg",590,410,true]},"author_info":{"display_name":"noticiasbahia360.com.br","author_link":"https:\/\/noticiasbahia360.com.br\/?author=1"},"category_info":"<a href=\"https:\/\/noticiasbahia360.com.br\/?cat=8\" rel=\"category\">Bahia<\/a> <a href=\"https:\/\/noticiasbahia360.com.br\/?cat=9\" rel=\"category\">Brasil<\/a> <a href=\"https:\/\/noticiasbahia360.com.br\/?cat=6\" rel=\"category\">Feira de Santana<\/a> <a href=\"https:\/\/noticiasbahia360.com.br\/?cat=57\" rel=\"category\">Mundo<\/a> <a href=\"https:\/\/noticiasbahia360.com.br\/?cat=56\" rel=\"category\">Pol\u00edcia<\/a> <a href=\"https:\/\/noticiasbahia360.com.br\/?cat=10\" rel=\"category\">Pol\u00edtica<\/a>","tag_info":"Pol\u00edtica","comment_count":"0","_links":{"self":[{"href":"https:\/\/noticiasbahia360.com.br\/index.php?rest_route=\/wp\/v2\/posts\/129376","targetHints":{"allow":["GET"]}}],"collection":[{"href":"https:\/\/noticiasbahia360.com.br\/index.php?rest_route=\/wp\/v2\/posts"}],"about":[{"href":"https:\/\/noticiasbahia360.com.br\/index.php?rest_route=\/wp\/v2\/types\/post"}],"author":[{"embeddable":true,"href":"https:\/\/noticiasbahia360.com.br\/index.php?rest_route=\/wp\/v2\/users\/1"}],"replies":[{"embeddable":true,"href":"https:\/\/noticiasbahia360.com.br\/index.php?rest_route=%2Fwp%2Fv2%2Fcomments&post=129376"}],"version-history":[{"count":0,"href":"https:\/\/noticiasbahia360.com.br\/index.php?rest_route=\/wp\/v2\/posts\/129376\/revisions"}],"wp:featuredmedia":[{"embeddable":true,"href":"https:\/\/noticiasbahia360.com.br\/index.php?rest_route=\/wp\/v2\/media\/129377"}],"wp:attachment":[{"href":"https:\/\/noticiasbahia360.com.br\/index.php?rest_route=%2Fwp%2Fv2%2Fmedia&parent=129376"}],"wp:term":[{"taxonomy":"category","embeddable":true,"href":"https:\/\/noticiasbahia360.com.br\/index.php?rest_route=%2Fwp%2Fv2%2Fcategories&post=129376"},{"taxonomy":"post_tag","embeddable":true,"href":"https:\/\/noticiasbahia360.com.br\/index.php?rest_route=%2Fwp%2Fv2%2Ftags&post=129376"}],"curies":[{"name":"wp","href":"https:\/\/api.w.org\/{rel}","templated":true}]}}