{"id":129378,"date":"2026-05-03T06:20:55","date_gmt":"2026-05-03T09:20:55","guid":{"rendered":"https:\/\/noticiasbahia360.com.br\/?p=129378"},"modified":"2026-05-03T06:20:55","modified_gmt":"2026-05-03T09:20:55","slug":"bahia-marca-dia-mundial-do-sol-com-energia-solar-gerada-para-9-milhoes-de-pessoas","status":"publish","type":"post","link":"https:\/\/noticiasbahia360.com.br\/?p=129378","title":{"rendered":"Bahia marca Dia Mundial do Sol com energia solar gerada para 9 milh\u00f5es de pessoas"},"content":{"rendered":"<div>\n<div>\n<figure><img decoding=\"async\" src=\"http:\/\/noticiasbahia360.com.br\/wp-content\/uploads\/2026\/05\/Energia-solar-.webp\" alt=\"Bahia comemora Dia Mundial do Sol com energia gerada para 9 milh\u00f5es de pessoas\"><figcaption>Foto: Divulga\u00e7\u00e3o\/Ascom\/SDE<\/figcaption><\/figure>\n<\/div>\n<p>No Dia Mundial do Sol, celebrado no pr\u00f3ximo domingo (3), a Bahia reafirma sua for\u00e7a como pot\u00eancia da energia solar no Brasil. Com condi\u00e7\u00f5es naturais privilegiadas e avan\u00e7o cont\u00ednuo de investimentos, o estado amplia sua lideran\u00e7a na produ\u00e7\u00e3o de energia limpa e avan\u00e7a na consolida\u00e7\u00e3o de uma matriz transi\u00e7\u00e3o energ\u00e9tica mais sustent\u00e1vel.<\/p>\n<p>De acordo com o Informe Executivo de Energia Solar da Secretaria de Desenvolvimento Econ\u00f4mico (SDE), a Bahia lidera o Nordeste na gera\u00e7\u00e3o distribu\u00edda fotovoltaica, com cerca de 2,5 GW de pot\u00eancia instalada em mais de 278 mil unidades consumidoras, presentes em todos os 417 munic\u00edpios. Esse modelo, que inclui sistemas instalados em resid\u00eancias e empreendimentos comerciais, \u00e9 respons\u00e1vel por ampliar o acesso \u00e0 energia limpa e descentralizada.<\/p>\n<p>Na gera\u00e7\u00e3o centralizada, o estado tamb\u00e9m apresenta resultados expressivos. S\u00e3o 101 usinas em opera\u00e7\u00e3o, com 2,97 GW de pot\u00eancia outorgada e recorde recente de 444 GWh gerados em fevereiro de 2026 \u2013 volume de energia \u00e9 suficiente para beneficiar cerca de 9 milh\u00f5es de pessoas.<\/p>\n<p>Al\u00e9m dos n\u00fameros, fatores naturais e estrat\u00e9gicos fortalecem o desempenho baiano. A alta incid\u00eancia solar, com n\u00edveis superiores a 6 kWh\/m\u00b2 por dia, aliada a pol\u00edticas de incentivo e seguran\u00e7a jur\u00eddica, posiciona o estado entre os mais competitivos do pa\u00eds no setor.<\/p>\n<p>Para o secret\u00e1rio interino de Desenvolvimento Econ\u00f4mico, A\u00e9cio Moreira, os resultados refletem o planejamento estrat\u00e9gico e a capacidade de atra\u00e7\u00e3o de investimentos do estado.<\/p>\n<p>\u201cAl\u00e9m das vantagens naturais, a Bahia possui um ambiente institucional favor\u00e1vel, o que tem permitido ampliar significativamente a gera\u00e7\u00e3o de energia solar. Esse avan\u00e7o fortalece o desenvolvimento socioecon\u00f4mico, gera empregos e posiciona o estado como protagonista na transi\u00e7\u00e3o energ\u00e9tica no Brasil\u201d, afirma.<\/p>\n<p>O crescimento do setor tamb\u00e9m impacta diretamente na economia. Os empreendimentos em opera\u00e7\u00e3o j\u00e1 somam investimentos estimados em R$ 10,69 bilh\u00f5es e a gera\u00e7\u00e3o de cerca de 89 mil empregos em toda a cadeia produtiva. Considerando projetos ainda n\u00e3o iniciados, o potencial \u00e9 ainda maior, podendo alcan\u00e7ar R$ 61 bilh\u00f5es em investimentos e mais de 500 mil empregos em toda cadeia tamb\u00e9m.<\/p>\n<p><em>Siga o Acorda Cidade no<\/em><a href=\"https:\/\/news.google.com\/search?q=acorda%20cidade&amp;hl=pt-BR&amp;gl=BR&amp;ceid=BR%3Apt-419\"><strong><em>\u00a0Google Not\u00edcias<\/em><\/strong><\/a><em>\u00a0e receba os principais destaques do dia. Participe tamb\u00e9m dos nossos canais no\u00a0<\/em><a href=\"https:\/\/www.whatsapp.com\/channel\/0029Va6Rb4v3WHTNnsh8WI3N\"><strong><em>WhatsApp<\/em><\/strong><\/a><em>\u00a0e\u00a0<\/em><a href=\"https:\/\/www.youtube.com\/@acordacidadenoticias\/videos\"><strong>YouTube<\/strong><\/a><em>\u00a0e grupo de\u00a0<\/em><a href=\"https:\/\/t.me\/+sSz0khrgARA0ZmRh\"><strong><em>Telegram<\/em><\/strong><\/a><em>.<\/em><\/p>\n<\/div>\n","protected":false},"excerpt":{"rendered":"<div>\n<div>\n<figure><img decoding=\"async\" src=\"https:\/\/uploads.acordacidade.com.br\/2026\/05\/Energia-solar-.webp\" alt=\"Bahia comemora Dia Mundial do Sol com energia gerada para 9 milh\u00f5es de pessoas\"><figcaption>Foto: Divulga\u00e7\u00e3o\/Ascom\/SDE<\/figcaption><\/figure>\n<\/div>\n<p>A Bahia lidera o Nordeste na gera\u00e7\u00e3o distribu\u00edda fotovoltaica, com cerca de 2,5 GW de pot\u00eancia instalada em mais de 278 mil im\u00f3veis.<\/p><\/div>\n","protected":false},"author":1,"featured_media":129379,"comment_status":"closed","ping_status":"closed","sticky":false,"template":"","format":"gallery","meta":{"footnotes":""},"categories":[8,9,6,57,56,10],"tags":[],"class_list":["post-129378","post","type-post","status-publish","format-gallery","has-post-thumbnail","hentry","category-bahia","category-brasil","category-feira-de-santana","category-mundo","category-policia","category-politica","post_format-post-format-gallery"],"featured_image_urls":{"full":["https:\/\/noticiasbahia360.com.br\/wp-content\/uploads\/2026\/05\/Energia-solar-.webp",1200,800,false],"thumbnail":["https:\/\/noticiasbahia360.com.br\/wp-content\/uploads\/2026\/05\/Energia-solar--150x150.webp",150,150,true],"medium":["https:\/\/noticiasbahia360.com.br\/wp-content\/uploads\/2026\/05\/Energia-solar--300x200.webp",300,200,true],"medium_large":["https:\/\/noticiasbahia360.com.br\/wp-content\/uploads\/2026\/05\/Energia-solar--768x512.webp",640,427,true],"large":["https:\/\/noticiasbahia360.com.br\/wp-content\/uploads\/2026\/05\/Energia-solar--1024x683.webp",640,427,true],"1536x1536":["https:\/\/noticiasbahia360.com.br\/wp-content\/uploads\/2026\/05\/Energia-solar-.webp",1200,800,false],"2048x2048":["https:\/\/noticiasbahia360.com.br\/wp-content\/uploads\/2026\/05\/Energia-solar-.webp",1200,800,false],"chromenews-featured":["https:\/\/noticiasbahia360.com.br\/wp-content\/uploads\/2026\/05\/Energia-solar--1024x683.webp",1024,683,true],"chromenews-large":["https:\/\/noticiasbahia360.com.br\/wp-content\/uploads\/2026\/05\/Energia-solar--825x575.webp",825,575,true],"chromenews-medium":["https:\/\/noticiasbahia360.com.br\/wp-content\/uploads\/2026\/05\/Energia-solar--590x410.webp",590,410,true]},"author_info":{"display_name":"noticiasbahia360.com.br","author_link":"https:\/\/noticiasbahia360.com.br\/?author=1"},"category_info":"<a href=\"https:\/\/noticiasbahia360.com.br\/?cat=8\" rel=\"category\">Bahia<\/a> <a href=\"https:\/\/noticiasbahia360.com.br\/?cat=9\" rel=\"category\">Brasil<\/a> <a href=\"https:\/\/noticiasbahia360.com.br\/?cat=6\" rel=\"category\">Feira de Santana<\/a> <a href=\"https:\/\/noticiasbahia360.com.br\/?cat=57\" rel=\"category\">Mundo<\/a> <a href=\"https:\/\/noticiasbahia360.com.br\/?cat=56\" rel=\"category\">Pol\u00edcia<\/a> <a href=\"https:\/\/noticiasbahia360.com.br\/?cat=10\" rel=\"category\">Pol\u00edtica<\/a>","tag_info":"Pol\u00edtica","comment_count":"0","_links":{"self":[{"href":"https:\/\/noticiasbahia360.com.br\/index.php?rest_route=\/wp\/v2\/posts\/129378","targetHints":{"allow":["GET"]}}],"collection":[{"href":"https:\/\/noticiasbahia360.com.br\/index.php?rest_route=\/wp\/v2\/posts"}],"about":[{"href":"https:\/\/noticiasbahia360.com.br\/index.php?rest_route=\/wp\/v2\/types\/post"}],"author":[{"embeddable":true,"href":"https:\/\/noticiasbahia360.com.br\/index.php?rest_route=\/wp\/v2\/users\/1"}],"replies":[{"embeddable":true,"href":"https:\/\/noticiasbahia360.com.br\/index.php?rest_route=%2Fwp%2Fv2%2Fcomments&post=129378"}],"version-history":[{"count":0,"href":"https:\/\/noticiasbahia360.com.br\/index.php?rest_route=\/wp\/v2\/posts\/129378\/revisions"}],"wp:featuredmedia":[{"embeddable":true,"href":"https:\/\/noticiasbahia360.com.br\/index.php?rest_route=\/wp\/v2\/media\/129379"}],"wp:attachment":[{"href":"https:\/\/noticiasbahia360.com.br\/index.php?rest_route=%2Fwp%2Fv2%2Fmedia&parent=129378"}],"wp:term":[{"taxonomy":"category","embeddable":true,"href":"https:\/\/noticiasbahia360.com.br\/index.php?rest_route=%2Fwp%2Fv2%2Fcategories&post=129378"},{"taxonomy":"post_tag","embeddable":true,"href":"https:\/\/noticiasbahia360.com.br\/index.php?rest_route=%2Fwp%2Fv2%2Ftags&post=129378"}],"curies":[{"name":"wp","href":"https:\/\/api.w.org\/{rel}","templated":true}]}}