{"id":129380,"date":"2026-05-03T07:01:43","date_gmt":"2026-05-03T10:01:43","guid":{"rendered":"https:\/\/noticiasbahia360.com.br\/?p=129380"},"modified":"2026-05-03T07:01:43","modified_gmt":"2026-05-03T10:01:43","slug":"cinco-detentos-fogem-de-presidio-no-rio-grande-do-norte","status":"publish","type":"post","link":"https:\/\/noticiasbahia360.com.br\/?p=129380","title":{"rendered":"Cinco detentos fogem de pres\u00eddio no Rio Grande do Norte"},"content":{"rendered":"<div>\n<div>\n<figure><img decoding=\"async\" src=\"http:\/\/noticiasbahia360.com.br\/wp-content\/uploads\/2026\/05\/imagens_da_fuga_de_cinco_detentos_da_penitenciaria_estadual_de_alcacuz.webp\" alt=\"Cinco detentos fogem de pres\u00eddio no Rio Grande do Norte\"><figcaption>Foto: Divulga\u00e7\u00e3o\/Seap<\/figcaption><\/figure>\n<\/div>\n<p>Ag\u00eancia Brasil \u2013 <strong>A Secretaria de Estado da Administra\u00e7\u00e3o Penitenci\u00e1ria do Rio Grande do Norte (Seap\/RN) informou, no in\u00edcio da tarde de s\u00e1bado (2),\u00a0a fuga de cinco presos\u00a0da\u00a0Penitenci\u00e1ria Estadual de Alca\u00e7uz, localizada no munic\u00edpio de N\u00edsia Floresta (RN), na regi\u00e3o metropolitana de Natal.<\/strong><img decoding=\"async\" src=\"https:\/\/agenciabrasil.ebc.com.br\/ebc.png?id=1688197&amp;o=node\"><img decoding=\"async\" src=\"https:\/\/agenciabrasil.ebc.com.br\/ebc.gif?id=1688197&amp;o=node\"><\/p>\n<p>A\u00a0<a href=\"https:\/\/www.instagram.com\/p\/DX2MAf8h68W\/\" target=\"_blank\" rel=\"noreferrer noopener\">Secretaria de Estado da Seguran\u00e7a P\u00fablica e da Defesa Social<\/a>\u00a0relata que desde as primeiras horas da manh\u00e3 deste s\u00e1bado (2) for\u00e7as de seguran\u00e7a est\u00e3o mobilizadas para localizar e recapturar os foragidos.<\/p>\n<p>De acordo com a Secretaria de Estado da Administra\u00e7\u00e3o Penitenci\u00e1ria\/RN, as circunst\u00e2ncias da fuga est\u00e3o sendo apuradas.<\/p>\n<p><strong>Os fugitivos\u00a0s\u00e3o:<\/strong><\/p>\n<ol class=\"wp-block-list\">\n<li>Carlos Soares Alves da Silva;<\/li>\n<li>Jefferson Cleyton Lima da Silva;<\/li>\n<li>Maycon Dias Mora;<\/li>\n<li>Pedro Gabriel da Silva;<\/li>\n<li>Rodrigo da Silva Nascimento.<\/li>\n<\/ol>\n<p><strong>Informa\u00e7\u00f5es podem ser repassadas anonimamente, por meio do telefone 190 da Pol\u00edcia Militar potiguar.<\/strong><\/p>\n<h2 class=\"wp-block-heading\" id=\"h-massacre\">Massacre<\/h2>\n<p><strong>Disputa entre fac\u00e7\u00f5es, em 2017, resultou em duas semanas de rebeli\u00e3o e\u00a0<a href=\"https:\/\/agenciabrasil.ebc.com.br\/geral\/noticia\/2017-01\/autoridades-confirmam-26-mortes-durante-motim-em-presidio-do-rio-grande-do\" target=\"_blank\" rel=\"noreferrer noopener\">26 mortos<\/a>. A\u00a0maioria foi decapitada.<\/strong><\/p>\n<p>\u00c0 \u00e9poca, agentes da For\u00e7a-Tarefa de Interven\u00e7\u00e3o Penitenci\u00e1ria, ligada ao Minist\u00e9rio da Justi\u00e7a, atuaram na institui\u00e7\u00e3o para retomada do controle.\u00a0<\/p>\n<p>Ap\u00f3s o final da rebeli\u00e3o, o governo dividiu a penitenci\u00e1ria em duas partes com um muro de concreto para separar as fac\u00e7\u00f5es rivais.<\/p>\n<p><em>Siga o Acorda Cidade no<\/em><a href=\"https:\/\/news.google.com\/search?q=acorda%20cidade&amp;hl=pt-BR&amp;gl=BR&amp;ceid=BR%3Apt-419\"><strong><em>\u00a0Google Not\u00edcias<\/em><\/strong><\/a><em>\u00a0e receba os principais destaques do dia. Participe tamb\u00e9m dos nossos canais no\u00a0<\/em><a href=\"https:\/\/www.whatsapp.com\/channel\/0029Va6Rb4v3WHTNnsh8WI3N\"><strong><em>WhatsApp<\/em><\/strong><\/a><em>\u00a0e\u00a0<\/em><a href=\"https:\/\/www.youtube.com\/@acordacidadenoticias\/videos\"><strong>YouTube<\/strong><\/a><em>\u00a0e grupo de\u00a0<\/em><a href=\"https:\/\/t.me\/+sSz0khrgARA0ZmRh\"><strong><em>Telegram<\/em><\/strong><\/a><em>.<\/em><\/p>\n<\/div>\n","protected":false},"excerpt":{"rendered":"<div>\n<div>\n<figure><img decoding=\"async\" src=\"https:\/\/uploads.acordacidade.com.br\/2026\/05\/imagens_da_fuga_de_cinco_detentos_da_penitenciaria_estadual_de_alcacuz.webp\" alt=\"Cinco detentos fogem de pres\u00eddio no Rio Grande do Norte\"><figcaption>Foto: Divulga\u00e7\u00e3o\/Seap<\/figcaption><\/figure>\n<\/div>\n<p>De acordo com a Secretaria de Estado da Administra\u00e7\u00e3o Penitenci\u00e1ria\/RN, as circunst\u00e2ncias da fuga est\u00e3o sendo apuradas.<\/p><\/div>\n","protected":false},"author":1,"featured_media":129381,"comment_status":"closed","ping_status":"closed","sticky":false,"template":"","format":"gallery","meta":{"footnotes":""},"categories":[8,9,6,57,56,10],"tags":[],"class_list":["post-129380","post","type-post","status-publish","format-gallery","has-post-thumbnail","hentry","category-bahia","category-brasil","category-feira-de-santana","category-mundo","category-policia","category-politica","post_format-post-format-gallery"],"featured_image_urls":{"full":["https:\/\/noticiasbahia360.com.br\/wp-content\/uploads\/2026\/05\/imagens_da_fuga_de_cinco_detentos_da_penitenciaria_estadual_de_alcacuz.webp",1200,718,false],"thumbnail":["https:\/\/noticiasbahia360.com.br\/wp-content\/uploads\/2026\/05\/imagens_da_fuga_de_cinco_detentos_da_penitenciaria_estadual_de_alcacuz-150x150.webp",150,150,true],"medium":["https:\/\/noticiasbahia360.com.br\/wp-content\/uploads\/2026\/05\/imagens_da_fuga_de_cinco_detentos_da_penitenciaria_estadual_de_alcacuz-300x180.webp",300,180,true],"medium_large":["https:\/\/noticiasbahia360.com.br\/wp-content\/uploads\/2026\/05\/imagens_da_fuga_de_cinco_detentos_da_penitenciaria_estadual_de_alcacuz-768x460.webp",640,383,true],"large":["https:\/\/noticiasbahia360.com.br\/wp-content\/uploads\/2026\/05\/imagens_da_fuga_de_cinco_detentos_da_penitenciaria_estadual_de_alcacuz-1024x613.webp",640,383,true],"1536x1536":["https:\/\/noticiasbahia360.com.br\/wp-content\/uploads\/2026\/05\/imagens_da_fuga_de_cinco_detentos_da_penitenciaria_estadual_de_alcacuz.webp",1200,718,false],"2048x2048":["https:\/\/noticiasbahia360.com.br\/wp-content\/uploads\/2026\/05\/imagens_da_fuga_de_cinco_detentos_da_penitenciaria_estadual_de_alcacuz.webp",1200,718,false],"chromenews-featured":["https:\/\/noticiasbahia360.com.br\/wp-content\/uploads\/2026\/05\/imagens_da_fuga_de_cinco_detentos_da_penitenciaria_estadual_de_alcacuz-1024x613.webp",1024,613,true],"chromenews-large":["https:\/\/noticiasbahia360.com.br\/wp-content\/uploads\/2026\/05\/imagens_da_fuga_de_cinco_detentos_da_penitenciaria_estadual_de_alcacuz-825x575.webp",825,575,true],"chromenews-medium":["https:\/\/noticiasbahia360.com.br\/wp-content\/uploads\/2026\/05\/imagens_da_fuga_de_cinco_detentos_da_penitenciaria_estadual_de_alcacuz-590x410.webp",590,410,true]},"author_info":{"display_name":"noticiasbahia360.com.br","author_link":"https:\/\/noticiasbahia360.com.br\/?author=1"},"category_info":"<a href=\"https:\/\/noticiasbahia360.com.br\/?cat=8\" rel=\"category\">Bahia<\/a> <a href=\"https:\/\/noticiasbahia360.com.br\/?cat=9\" rel=\"category\">Brasil<\/a> <a href=\"https:\/\/noticiasbahia360.com.br\/?cat=6\" rel=\"category\">Feira de Santana<\/a> <a href=\"https:\/\/noticiasbahia360.com.br\/?cat=57\" rel=\"category\">Mundo<\/a> <a href=\"https:\/\/noticiasbahia360.com.br\/?cat=56\" rel=\"category\">Pol\u00edcia<\/a> <a href=\"https:\/\/noticiasbahia360.com.br\/?cat=10\" rel=\"category\">Pol\u00edtica<\/a>","tag_info":"Pol\u00edtica","comment_count":"0","_links":{"self":[{"href":"https:\/\/noticiasbahia360.com.br\/index.php?rest_route=\/wp\/v2\/posts\/129380","targetHints":{"allow":["GET"]}}],"collection":[{"href":"https:\/\/noticiasbahia360.com.br\/index.php?rest_route=\/wp\/v2\/posts"}],"about":[{"href":"https:\/\/noticiasbahia360.com.br\/index.php?rest_route=\/wp\/v2\/types\/post"}],"author":[{"embeddable":true,"href":"https:\/\/noticiasbahia360.com.br\/index.php?rest_route=\/wp\/v2\/users\/1"}],"replies":[{"embeddable":true,"href":"https:\/\/noticiasbahia360.com.br\/index.php?rest_route=%2Fwp%2Fv2%2Fcomments&post=129380"}],"version-history":[{"count":0,"href":"https:\/\/noticiasbahia360.com.br\/index.php?rest_route=\/wp\/v2\/posts\/129380\/revisions"}],"wp:featuredmedia":[{"embeddable":true,"href":"https:\/\/noticiasbahia360.com.br\/index.php?rest_route=\/wp\/v2\/media\/129381"}],"wp:attachment":[{"href":"https:\/\/noticiasbahia360.com.br\/index.php?rest_route=%2Fwp%2Fv2%2Fmedia&parent=129380"}],"wp:term":[{"taxonomy":"category","embeddable":true,"href":"https:\/\/noticiasbahia360.com.br\/index.php?rest_route=%2Fwp%2Fv2%2Fcategories&post=129380"},{"taxonomy":"post_tag","embeddable":true,"href":"https:\/\/noticiasbahia360.com.br\/index.php?rest_route=%2Fwp%2Fv2%2Ftags&post=129380"}],"curies":[{"name":"wp","href":"https:\/\/api.w.org\/{rel}","templated":true}]}}