{"id":129382,"date":"2026-05-03T07:01:44","date_gmt":"2026-05-03T10:01:44","guid":{"rendered":"https:\/\/noticiasbahia360.com.br\/?p=129382"},"modified":"2026-05-03T07:01:44","modified_gmt":"2026-05-03T10:01:44","slug":"lancamento-do-livro-jesus-ressurrecto-acontecera-em-5-de-maio","status":"publish","type":"post","link":"https:\/\/noticiasbahia360.com.br\/?p=129382","title":{"rendered":"Lan\u00e7amento do livro \u201cJesus Ressurrecto\u201d acontecer\u00e1 em 5 de maio"},"content":{"rendered":"<div>\n<div>\n<figure><img decoding=\"async\" src=\"http:\/\/noticiasbahia360.com.br\/wp-content\/uploads\/2026\/05\/Lancamento-do-livro-jesus-ressurecto-1.jpg\" alt=\"Lan\u00e7amento do livro jesus ressurecto\"><figcaption>Foto: Divulga\u00e7\u00e3o<\/figcaption><\/figure>\n<\/div>\n<p>O Conselho Regional Esp\u00edrita 03 convida o p\u00fablico para o lan\u00e7amento do livro \u201cJesus Ressurrecto: o impacto das apari\u00e7\u00f5es de Jesus ap\u00f3s a morte do seu corpo\u201d, em 5 de maio.<\/p>\n<p>A estreia est\u00e1 marcada para \u00e0s 19h30, no Audit\u00f3rio do <a href=\"https:\/\/www.acordacidade.com.br\/tag\/centro-de-convencoes\/\" type=\"post_tag\" id=\"39272\">Centro de Conven\u00e7\u00f5es<\/a>, em Feira de Santana.<\/p>\n<figure class=\"wp-block-image size-full\"><img fetchpriority=\"high\" fetchpriority=\"high\" decoding=\"async\" width=\"1200\" height=\"1782\" src=\"http:\/\/noticiasbahia360.com.br\/wp-content\/uploads\/2026\/05\/Lancamento-do-livro-jesus-ressurecto.jpg\" alt=\"Lan\u00e7amento do livro jesus ressurecto\" class=\"wp-image-651271\" srcset=\"http:\/\/noticiasbahia360.com.br\/wp-content\/uploads\/2026\/05\/Lancamento-do-livro-jesus-ressurecto.jpg 1200w, https:\/\/uploads.acordacidade.com.br\/2026\/04\/Lancamento-do-livro-jesus-ressurecto-750x1114.jpg 750w, https:\/\/uploads.acordacidade.com.br\/2026\/04\/Lancamento-do-livro-jesus-ressurecto-1000x1485.jpg 1000w, https:\/\/uploads.acordacidade.com.br\/2026\/04\/Lancamento-do-livro-jesus-ressurecto-1034x1536.jpg 1034w, https:\/\/uploads.acordacidade.com.br\/2026\/04\/Lancamento-do-livro-jesus-ressurecto-450x668.jpg 450w, https:\/\/uploads.acordacidade.com.br\/2026\/04\/Lancamento-do-livro-jesus-ressurecto-150x223.jpg 150w\" sizes=\"(max-width: 1200px) 100vw, 1200px\"><figcaption class=\"wp-element-caption\">Foto: Divulga\u00e7\u00e3o<\/figcaption><\/figure>\n<p>A autoria da obra \u00e9 do professor, parapsic\u00f3logo e pesquisador de fen\u00f4menos paranormais,\u00a0Cl\u00f3vis Nunes, com participa\u00e7\u00e3o especial da cantora M\u00e1rcia Porto.<\/p>\n<p><em>Siga o Acorda Cidade no\u00a0<\/em><a href=\"https:\/\/news.google.com\/search?q=acorda%20cidade&amp;hl=pt-BR&amp;gl=BR&amp;ceid=BR%3Apt-419\"><strong><em>Google Not\u00edcias<\/em><\/strong><\/a><em>\u00a0e receba os principais destaques do dia. Participe tamb\u00e9m dos nossos canais no\u00a0<\/em><a href=\"https:\/\/www.whatsapp.com\/channel\/0029Va6Rb4v3WHTNnsh8WI3N\"><strong><em>WhatsApp<\/em><\/strong><\/a><em>\u00a0e\u00a0<\/em><a href=\"https:\/\/www.youtube.com\/@acordacidadenoticias\/videos\"><strong>YouTube<\/strong><\/a><em>\u00a0e grupo de\u00a0<\/em><a href=\"https:\/\/t.me\/+sSz0khrgARA0ZmRh\"><strong><em>Telegram<\/em><\/strong><\/a><em>.<\/em><\/p>\n<\/div>\n","protected":false},"excerpt":{"rendered":"<div>\n<div>\n<figure><img decoding=\"async\" src=\"https:\/\/uploads.acordacidade.com.br\/2026\/04\/Lancamento-do-livro-jesus-ressurecto-1.jpg\" alt=\"Lan\u00e7amento do livro jesus ressurecto\"><figcaption>Foto: Divulga\u00e7\u00e3o<\/figcaption><\/figure>\n<\/div>\n<p>A estreia est\u00e1 marcada para \u00e0s 19h30, no Audit\u00f3rio do Centro de Conven\u00e7\u00f5es, em Feira de Santana.<\/p><\/div>\n","protected":false},"author":1,"featured_media":129383,"comment_status":"closed","ping_status":"closed","sticky":false,"template":"","format":"gallery","meta":{"footnotes":""},"categories":[8,9,6,57,56,10],"tags":[],"class_list":["post-129382","post","type-post","status-publish","format-gallery","has-post-thumbnail","hentry","category-bahia","category-brasil","category-feira-de-santana","category-mundo","category-policia","category-politica","post_format-post-format-gallery"],"featured_image_urls":{"full":["https:\/\/noticiasbahia360.com.br\/wp-content\/uploads\/2026\/05\/Lancamento-do-livro-jesus-ressurecto-1.jpg",1200,857,false],"thumbnail":["https:\/\/noticiasbahia360.com.br\/wp-content\/uploads\/2026\/05\/Lancamento-do-livro-jesus-ressurecto-1-150x150.jpg",150,150,true],"medium":["https:\/\/noticiasbahia360.com.br\/wp-content\/uploads\/2026\/05\/Lancamento-do-livro-jesus-ressurecto-1-300x214.jpg",300,214,true],"medium_large":["https:\/\/noticiasbahia360.com.br\/wp-content\/uploads\/2026\/05\/Lancamento-do-livro-jesus-ressurecto-1-768x548.jpg",640,457,true],"large":["https:\/\/noticiasbahia360.com.br\/wp-content\/uploads\/2026\/05\/Lancamento-do-livro-jesus-ressurecto-1-1024x731.jpg",640,457,true],"1536x1536":["https:\/\/noticiasbahia360.com.br\/wp-content\/uploads\/2026\/05\/Lancamento-do-livro-jesus-ressurecto-1.jpg",1200,857,false],"2048x2048":["https:\/\/noticiasbahia360.com.br\/wp-content\/uploads\/2026\/05\/Lancamento-do-livro-jesus-ressurecto-1.jpg",1200,857,false],"chromenews-featured":["https:\/\/noticiasbahia360.com.br\/wp-content\/uploads\/2026\/05\/Lancamento-do-livro-jesus-ressurecto-1-1024x731.jpg",1024,731,true],"chromenews-large":["https:\/\/noticiasbahia360.com.br\/wp-content\/uploads\/2026\/05\/Lancamento-do-livro-jesus-ressurecto-1-825x575.jpg",825,575,true],"chromenews-medium":["https:\/\/noticiasbahia360.com.br\/wp-content\/uploads\/2026\/05\/Lancamento-do-livro-jesus-ressurecto-1-590x410.jpg",590,410,true]},"author_info":{"display_name":"noticiasbahia360.com.br","author_link":"https:\/\/noticiasbahia360.com.br\/?author=1"},"category_info":"<a href=\"https:\/\/noticiasbahia360.com.br\/?cat=8\" rel=\"category\">Bahia<\/a> <a href=\"https:\/\/noticiasbahia360.com.br\/?cat=9\" rel=\"category\">Brasil<\/a> <a href=\"https:\/\/noticiasbahia360.com.br\/?cat=6\" rel=\"category\">Feira de Santana<\/a> <a href=\"https:\/\/noticiasbahia360.com.br\/?cat=57\" rel=\"category\">Mundo<\/a> <a href=\"https:\/\/noticiasbahia360.com.br\/?cat=56\" rel=\"category\">Pol\u00edcia<\/a> <a href=\"https:\/\/noticiasbahia360.com.br\/?cat=10\" rel=\"category\">Pol\u00edtica<\/a>","tag_info":"Pol\u00edtica","comment_count":"0","_links":{"self":[{"href":"https:\/\/noticiasbahia360.com.br\/index.php?rest_route=\/wp\/v2\/posts\/129382","targetHints":{"allow":["GET"]}}],"collection":[{"href":"https:\/\/noticiasbahia360.com.br\/index.php?rest_route=\/wp\/v2\/posts"}],"about":[{"href":"https:\/\/noticiasbahia360.com.br\/index.php?rest_route=\/wp\/v2\/types\/post"}],"author":[{"embeddable":true,"href":"https:\/\/noticiasbahia360.com.br\/index.php?rest_route=\/wp\/v2\/users\/1"}],"replies":[{"embeddable":true,"href":"https:\/\/noticiasbahia360.com.br\/index.php?rest_route=%2Fwp%2Fv2%2Fcomments&post=129382"}],"version-history":[{"count":0,"href":"https:\/\/noticiasbahia360.com.br\/index.php?rest_route=\/wp\/v2\/posts\/129382\/revisions"}],"wp:featuredmedia":[{"embeddable":true,"href":"https:\/\/noticiasbahia360.com.br\/index.php?rest_route=\/wp\/v2\/media\/129383"}],"wp:attachment":[{"href":"https:\/\/noticiasbahia360.com.br\/index.php?rest_route=%2Fwp%2Fv2%2Fmedia&parent=129382"}],"wp:term":[{"taxonomy":"category","embeddable":true,"href":"https:\/\/noticiasbahia360.com.br\/index.php?rest_route=%2Fwp%2Fv2%2Fcategories&post=129382"},{"taxonomy":"post_tag","embeddable":true,"href":"https:\/\/noticiasbahia360.com.br\/index.php?rest_route=%2Fwp%2Fv2%2Ftags&post=129382"}],"curies":[{"name":"wp","href":"https:\/\/api.w.org\/{rel}","templated":true}]}} 