{"id":129385,"date":"2026-05-03T07:01:46","date_gmt":"2026-05-03T10:01:46","guid":{"rendered":"https:\/\/noticiasbahia360.com.br\/?p=129385"},"modified":"2026-05-03T07:01:46","modified_gmt":"2026-05-03T10:01:46","slug":"barrinha-caseira-saudavel-de-tamara-aveia-e-castanhas-veja-como-fazer","status":"publish","type":"post","link":"https:\/\/noticiasbahia360.com.br\/?p=129385","title":{"rendered":"Barrinha caseira saud\u00e1vel de t\u00e2mara, aveia e castanhas: veja como fazer"},"content":{"rendered":"<div>\n<div>\n<figure><img decoding=\"async\" src=\"http:\/\/noticiasbahia360.com.br\/wp-content\/uploads\/2026\/05\/barra-de-cereal-freepik.webp\" alt=\"Barrinha caseira saud\u00e1vel de t\u00e2mara, aveia e castanhas: veja como fazer\"><figcaption>Foto: Azerbaijan_stockers\/Freepik<\/figcaption><\/figure>\n<\/div>\n<p>Perfeita para um lanche nutritivo e cheio de sabor, essa barrinha caseira combina a do\u00e7ura natural da t\u00e2mara com a energia da aveia e o crocante das castanhas. F\u00e1cil de preparar, \u00e9 uma \u00f3tima op\u00e7\u00e3o para quem busca praticidade sem abrir m\u00e3o de uma alimenta\u00e7\u00e3o equilibrada.<\/p>\n<p>Idealizada pela Bio Mundo, \u00e9 a escolha ideal para quem busca um lanche pr\u00e1tico, nutritivo e cheio de sabor. A combina\u00e7\u00e3o de t\u00e2mara, aveia e castanhas garante energia e saciedade na medida certa, perfeita para o dia a dia. Rende 12 unidades e leva cerca de 20 minutos de preparo mais uma hora de geladeira. Confira:<\/p>\n<p><strong>Ingredientes<\/strong><\/p>\n<p>1 x\u00edcara de t\u00e2maras sem caro\u00e7o<\/p>\n<p>1 x\u00edcara de aveia em flocos<\/p>\n<p>\u00bd x\u00edcara de castanhas ou amendoim triturado<\/p>\n<p>2 colheres (sopa) de pasta de amendoim ou castanha<\/p>\n<p>1 colher (sopa) de cacau em p\u00f3 (opcional)<\/p>\n<p>1 colher (ch\u00e1) de \u00f3leo de coco (opcional)<\/p>\n<p><strong>Modo de preparo<\/strong><\/p>\n<ul class=\"wp-block-list\">\n<li>Hidrate as t\u00e2maras em \u00e1gua morna por cerca de 10 minutos, se estiverem muito secas.<\/li>\n<li>Escorra a \u00e1gua e coloque as t\u00e2maras no processador.<\/li>\n<li>Processe at\u00e9 formar uma pasta.<\/li>\n<li>Acrescente a aveia, as castanhas, a pasta de amendoim, o cacau e o \u00f3leo de coco.<\/li>\n<li>Processe novamente at\u00e9 obter uma massa uniforme e model\u00e1vel.<\/li>\n<li>Forre uma forma pequena com papel manteiga.<\/li>\n<li>Espalhe e pressione bem a massa, deixando-a compacta.<\/li>\n<li>Leve \u00e0 geladeira por cerca de 1 hora.<\/li>\n<li>Corte em barrinhas e sirva.<\/li>\n<\/ul>\n<p><em>Siga o Acorda Cidade no<\/em><a href=\"https:\/\/news.google.com\/search?q=acorda%20cidade&amp;hl=pt-BR&amp;gl=BR&amp;ceid=BR%3Apt-419\"><strong><em>\u00a0Google Not\u00edcias<\/em><\/strong><\/a><em>\u00a0e receba os principais destaques do dia. Participe tamb\u00e9m dos nossos canais no\u00a0<\/em><a href=\"https:\/\/www.whatsapp.com\/channel\/0029Va6Rb4v3WHTNnsh8WI3N\"><strong><em>WhatsApp<\/em><\/strong><\/a><em>\u00a0e\u00a0<\/em><a href=\"https:\/\/www.youtube.com\/@acordacidadenoticias\/videos\"><strong>YouTube<\/strong><\/a><em>\u00a0e grupo de\u00a0<\/em><a href=\"https:\/\/t.me\/+sSz0khrgARA0ZmRh\"><strong><em>Telegram<\/em><\/strong><\/a><em>.<\/em><\/p>\n<\/div>\n","protected":false},"excerpt":{"rendered":"<div>\n<div>\n<figure><img decoding=\"async\" src=\"https:\/\/uploads.acordacidade.com.br\/2026\/05\/barra-de-cereal-freepik.webp\" alt=\"Barrinha caseira saud\u00e1vel de t\u00e2mara, aveia e castanhas: veja como fazer\"><figcaption>Foto: Azerbaijan_stockers\/Freepik<\/figcaption><\/figure>\n<\/div>\n<p>F\u00e1cil de preparar, \u00e9 uma \u00f3tima op\u00e7\u00e3o para quem busca praticidade sem abrir m\u00e3o de uma alimenta\u00e7\u00e3o equilibrada.<\/p><\/div>\n","protected":false},"author":1,"featured_media":129386,"comment_status":"closed","ping_status":"closed","sticky":false,"template":"","format":"gallery","meta":{"footnotes":""},"categories":[8,9,6,57,56,10],"tags":[],"class_list":["post-129385","post","type-post","status-publish","format-gallery","has-post-thumbnail","hentry","category-bahia","category-brasil","category-feira-de-santana","category-mundo","category-policia","category-politica","post_format-post-format-gallery"],"featured_image_urls":{"full":["https:\/\/noticiasbahia360.com.br\/wp-content\/uploads\/2026\/05\/barra-de-cereal-freepik.webp",1200,800,false],"thumbnail":["https:\/\/noticiasbahia360.com.br\/wp-content\/uploads\/2026\/05\/barra-de-cereal-freepik-150x150.webp",150,150,true],"medium":["https:\/\/noticiasbahia360.com.br\/wp-content\/uploads\/2026\/05\/barra-de-cereal-freepik-300x200.webp",300,200,true],"medium_large":["https:\/\/noticiasbahia360.com.br\/wp-content\/uploads\/2026\/05\/barra-de-cereal-freepik-768x512.webp",640,427,true],"large":["https:\/\/noticiasbahia360.com.br\/wp-content\/uploads\/2026\/05\/barra-de-cereal-freepik-1024x683.webp",640,427,true],"1536x1536":["https:\/\/noticiasbahia360.com.br\/wp-content\/uploads\/2026\/05\/barra-de-cereal-freepik.webp",1200,800,false],"2048x2048":["https:\/\/noticiasbahia360.com.br\/wp-content\/uploads\/2026\/05\/barra-de-cereal-freepik.webp",1200,800,false],"chromenews-featured":["https:\/\/noticiasbahia360.com.br\/wp-content\/uploads\/2026\/05\/barra-de-cereal-freepik-1024x683.webp",1024,683,true],"chromenews-large":["https:\/\/noticiasbahia360.com.br\/wp-content\/uploads\/2026\/05\/barra-de-cereal-freepik-825x575.webp",825,575,true],"chromenews-medium":["https:\/\/noticiasbahia360.com.br\/wp-content\/uploads\/2026\/05\/barra-de-cereal-freepik-590x410.webp",590,410,true]},"author_info":{"display_name":"noticiasbahia360.com.br","author_link":"https:\/\/noticiasbahia360.com.br\/?author=1"},"category_info":"<a href=\"https:\/\/noticiasbahia360.com.br\/?cat=8\" rel=\"category\">Bahia<\/a> <a href=\"https:\/\/noticiasbahia360.com.br\/?cat=9\" rel=\"category\">Brasil<\/a> <a href=\"https:\/\/noticiasbahia360.com.br\/?cat=6\" rel=\"category\">Feira de Santana<\/a> <a href=\"https:\/\/noticiasbahia360.com.br\/?cat=57\" rel=\"category\">Mundo<\/a> <a href=\"https:\/\/noticiasbahia360.com.br\/?cat=56\" rel=\"category\">Pol\u00edcia<\/a> <a href=\"https:\/\/noticiasbahia360.com.br\/?cat=10\" rel=\"category\">Pol\u00edtica<\/a>","tag_info":"Pol\u00edtica","comment_count":"0","_links":{"self":[{"href":"https:\/\/noticiasbahia360.com.br\/index.php?rest_route=\/wp\/v2\/posts\/129385","targetHints":{"allow":["GET"]}}],"collection":[{"href":"https:\/\/noticiasbahia360.com.br\/index.php?rest_route=\/wp\/v2\/posts"}],"about":[{"href":"https:\/\/noticiasbahia360.com.br\/index.php?rest_route=\/wp\/v2\/types\/post"}],"author":[{"embeddable":true,"href":"https:\/\/noticiasbahia360.com.br\/index.php?rest_route=\/wp\/v2\/users\/1"}],"replies":[{"embeddable":true,"href":"https:\/\/noticiasbahia360.com.br\/index.php?rest_route=%2Fwp%2Fv2%2Fcomments&post=129385"}],"version-history":[{"count":0,"href":"https:\/\/noticiasbahia360.com.br\/index.php?rest_route=\/wp\/v2\/posts\/129385\/revisions"}],"wp:featuredmedia":[{"embeddable":true,"href":"https:\/\/noticiasbahia360.com.br\/index.php?rest_route=\/wp\/v2\/media\/129386"}],"wp:attachment":[{"href":"https:\/\/noticiasbahia360.com.br\/index.php?rest_route=%2Fwp%2Fv2%2Fmedia&parent=129385"}],"wp:term":[{"taxonomy":"category","embeddable":true,"href":"https:\/\/noticiasbahia360.com.br\/index.php?rest_route=%2Fwp%2Fv2%2Fcategories&post=129385"},{"taxonomy":"post_tag","embeddable":true,"href":"https:\/\/noticiasbahia360.com.br\/index.php?rest_route=%2Fwp%2Fv2%2Ftags&post=129385"}],"curies":[{"name":"wp","href":"https:\/\/api.w.org\/{rel}","templated":true}]}}