{"id":129389,"date":"2026-05-03T07:15:59","date_gmt":"2026-05-03T10:15:59","guid":{"rendered":"https:\/\/noticiasbahia360.com.br\/?p=129389"},"modified":"2026-05-03T07:15:59","modified_gmt":"2026-05-03T10:15:59","slug":"alimentacao-no-trabalho-escolhas-simples-fazem-diferenca-na-saude-e-no-desempenho-profissional","status":"publish","type":"post","link":"https:\/\/noticiasbahia360.com.br\/?p=129389","title":{"rendered":"Alimenta\u00e7\u00e3o no trabalho: escolhas simples fazem diferen\u00e7a na sa\u00fade e no desempenho profissional"},"content":{"rendered":"<div>\n<div>\n<figure><img decoding=\"async\" src=\"http:\/\/noticiasbahia360.com.br\/wp-content\/uploads\/2026\/05\/alimentacao-saudavel-.jpg\" alt=\"alimenta\u00e7\u00e3o saud\u00e1vel trabalho\"><figcaption>Foto: Freepik<\/figcaption><\/figure>\n<\/div>\n<p>Manter uma rotina de alimenta\u00e7\u00e3o equilibrada durante a <a href=\"https:\/\/www.acordacidade.com.br\/tag\/jornada-de-trabalho\/\" type=\"post_tag\" id=\"136149\">jornada de trabalho<\/a> \u00e9 um h\u00e1bito comum para a maioria dos brasileiros. Uma pesquisa realizada pelo Instituto QualiBest em 2024 mostrou que 42% dos trabalhadores levam marmita de casa para o trabalho. Na hora de montar a refei\u00e7\u00e3o, 77% preferem pratos tradicionais, como arroz com feij\u00e3o, prote\u00edna e acompanhamentos.<\/p>\n<p>De acordo com a nutricionista Eva Andrade, docente do curso de Nutri\u00e7\u00e3o da Est\u00e1cio, essa escolha por uma combina\u00e7\u00e3o tradicional da alimenta\u00e7\u00e3o brasileira deve ser avaliada de forma positiva. \u201cAl\u00e9m de ser acess\u00edvel e culturalmente aceita, o padr\u00e3o alimentar baseado no arroz com feij\u00e3o fornece energia, prote\u00ednas de boa qualidade, fibras, vitaminas do complexo B, minerais importantes, promove saciedade e estabilidade metab\u00f3lica\u201d, explica.<\/p>\n<p>Manter uma <a href=\"https:\/\/www.acordacidade.com.br\/tag\/alimentacao-saudavel\/\" type=\"post_tag\" id=\"34607\">alimenta\u00e7\u00e3o saud\u00e1vel<\/a> e equilibrada no trabalho traz impactos n\u00e3o apenas para a sa\u00fade, mas tamb\u00e9m para o desempenho profissional. \u201cUma refei\u00e7\u00e3o adequada contribui para a manuten\u00e7\u00e3o da energia ao longo do dia, melhora a concentra\u00e7\u00e3o, a mem\u00f3ria e a capacidade de racioc\u00ednio, al\u00e9m de ajudar a prevenir epis\u00f3dios de sonol\u00eancia e fadiga. A longo prazo, esse cuidado ajuda na preven\u00e7\u00e3o de doen\u00e7as cr\u00f4nicas n\u00e3o transmiss\u00edveis, como obesidade, diabetes e hipertens\u00e3o\u201d, detalha a especialista.<\/p>\n<p>Eva explica que combina\u00e7\u00f5es que unem carboidratos complexos, prote\u00ednas e gorduras de boa qualidade, como arroz com feij\u00e3o e legumes, arroz integral com frango grelhado e salada ou batata-doce com ovos e hortali\u00e7as, ajudam a manter n\u00edveis est\u00e1veis de glicose no sangue, evitando quedas de energia e sonol\u00eancia. Para os lanches, op\u00e7\u00f5es como banana com pasta de amendoim, iogurte natural com frutas e aveia ou p\u00e3o integral com queijo e azeite tamb\u00e9m favorecem o desempenho cognitivo.<\/p>\n<h2 class=\"wp-block-heading\" id=\"h-como-montar-marmita-equilibrada\">Como montar marmita equilibrada<\/h2>\n<p>Por isso, na hora de montar a marmita, prepara\u00e7\u00f5es simples e um planejamento b\u00e1sico s\u00e3o os principais aliados. \u201cUma marmita equilibrada deve conter uma fonte de carboidrato, leguminosas ou prote\u00ednas magras e uma boa por\u00e7\u00e3o de legumes e verduras. Preparar as refei\u00e7\u00f5es com anteced\u00eancia e utilizar temperos naturais facilita a rotina e ajuda a manter h\u00e1bitos mais saud\u00e1veis fora de casa\u201d, afirma Eva.<\/p>\n<p>Para quem n\u00e3o est\u00e1 acostumado \u00e0 rotina, pequenas adapta\u00e7\u00f5es, como incluir legumes e verduras no prato, optar por prepara\u00e7\u00f5es assadas, cozidas ou grelhadas e reduzir frituras e molhos gordurosos, j\u00e1 geram ganhos significativos. \u201cS\u00e3o ajustes simples, que respeitam a cultura alimentar e aumentam o aporte de nutrientes essenciais para o bom funcionamento do organismo\u201d, pontua a docente.<\/p>\n<p>Por fim, a especialista destaca que o processo para se alimentar bem \u00e9 gradual. Planejar minimamente as refei\u00e7\u00f5es, evitar pular hor\u00e1rios, reduzir o consumo de ultraprocessados, manter uma boa hidrata\u00e7\u00e3o e incluir mais alimentos naturais no dia a dia s\u00e3o passos iniciais acess\u00edveis. \u201cO mais importante \u00e9 que a alimenta\u00e7\u00e3o saud\u00e1vel seja poss\u00edvel de ser mantida e adaptada \u00e0 realidade de cada trabalhador\u201d, conclui.<\/p>\n<p><em>Siga o Acorda Cidade no<\/em><a href=\"https:\/\/news.google.com\/search?q=acorda%20cidade&amp;hl=pt-BR&amp;gl=BR&amp;ceid=BR%3Apt-419\"><strong><em>\u00a0Google Not\u00edcias<\/em><\/strong><\/a><em>\u00a0e receba os principais destaques do dia. Participe tamb\u00e9m dos nossos canais no\u00a0<\/em><a href=\"https:\/\/www.whatsapp.com\/channel\/0029Va6Rb4v3WHTNnsh8WI3N\"><strong><em>WhatsApp<\/em><\/strong><\/a><em>\u00a0e\u00a0<\/em><a href=\"https:\/\/www.youtube.com\/@acordacidadenoticias\/videos\"><strong>YouTube<\/strong><\/a><em>\u00a0e grupo de\u00a0<\/em><a href=\"https:\/\/t.me\/+sSz0khrgARA0ZmRh\"><strong><em>Telegram<\/em><\/strong><\/a><em>.<\/em><\/p>\n<\/div>\n","protected":false},"excerpt":{"rendered":"<div>\n<div>\n<figure><img decoding=\"async\" src=\"https:\/\/www.acordacidade.com.br\/wp-content\/uploads\/2025\/08\/alimentacao-saudavel-.jpg\" alt=\"alimenta\u00e7\u00e3o saud\u00e1vel trabalho\"><figcaption>Foto: Freepik<\/figcaption><\/figure>\n<\/div>\n<p>Manter uma alimenta\u00e7\u00e3o saud\u00e1vel e equilibrada no trabalho traz impactos n\u00e3o apenas para a sa\u00fade, mas tamb\u00e9m para o desempenho profissional.<\/p><\/div>\n","protected":false},"author":1,"featured_media":129390,"comment_status":"closed","ping_status":"closed","sticky":false,"template":"","format":"gallery","meta":{"footnotes":""},"categories":[8,9,6,57,56,10],"tags":[],"class_list":["post-129389","post","type-post","status-publish","format-gallery","has-post-thumbnail","hentry","category-bahia","category-brasil","category-feira-de-santana","category-mundo","category-policia","category-politica","post_format-post-format-gallery"],"featured_image_urls":{"full":["https:\/\/noticiasbahia360.com.br\/wp-content\/uploads\/2026\/05\/alimentacao-saudavel-.jpg",1200,800,false],"thumbnail":["https:\/\/noticiasbahia360.com.br\/wp-content\/uploads\/2026\/05\/alimentacao-saudavel--150x150.jpg",150,150,true],"medium":["https:\/\/noticiasbahia360.com.br\/wp-content\/uploads\/2026\/05\/alimentacao-saudavel--300x200.jpg",300,200,true],"medium_large":["https:\/\/noticiasbahia360.com.br\/wp-content\/uploads\/2026\/05\/alimentacao-saudavel--768x512.jpg",640,427,true],"large":["https:\/\/noticiasbahia360.com.br\/wp-content\/uploads\/2026\/05\/alimentacao-saudavel--1024x683.jpg",640,427,true],"1536x1536":["https:\/\/noticiasbahia360.com.br\/wp-content\/uploads\/2026\/05\/alimentacao-saudavel-.jpg",1200,800,false],"2048x2048":["https:\/\/noticiasbahia360.com.br\/wp-content\/uploads\/2026\/05\/alimentacao-saudavel-.jpg",1200,800,false],"chromenews-featured":["https:\/\/noticiasbahia360.com.br\/wp-content\/uploads\/2026\/05\/alimentacao-saudavel--1024x683.jpg",1024,683,true],"chromenews-large":["https:\/\/noticiasbahia360.com.br\/wp-content\/uploads\/2026\/05\/alimentacao-saudavel--825x575.jpg",825,575,true],"chromenews-medium":["https:\/\/noticiasbahia360.com.br\/wp-content\/uploads\/2026\/05\/alimentacao-saudavel--590x410.jpg",590,410,true]},"author_info":{"display_name":"noticiasbahia360.com.br","author_link":"https:\/\/noticiasbahia360.com.br\/?author=1"},"category_info":"<a href=\"https:\/\/noticiasbahia360.com.br\/?cat=8\" rel=\"category\">Bahia<\/a> <a href=\"https:\/\/noticiasbahia360.com.br\/?cat=9\" rel=\"category\">Brasil<\/a> <a href=\"https:\/\/noticiasbahia360.com.br\/?cat=6\" rel=\"category\">Feira de Santana<\/a> <a href=\"https:\/\/noticiasbahia360.com.br\/?cat=57\" rel=\"category\">Mundo<\/a> <a href=\"https:\/\/noticiasbahia360.com.br\/?cat=56\" rel=\"category\">Pol\u00edcia<\/a> <a href=\"https:\/\/noticiasbahia360.com.br\/?cat=10\" rel=\"category\">Pol\u00edtica<\/a>","tag_info":"Pol\u00edtica","comment_count":"0","_links":{"self":[{"href":"https:\/\/noticiasbahia360.com.br\/index.php?rest_route=\/wp\/v2\/posts\/129389","targetHints":{"allow":["GET"]}}],"collection":[{"href":"https:\/\/noticiasbahia360.com.br\/index.php?rest_route=\/wp\/v2\/posts"}],"about":[{"href":"https:\/\/noticiasbahia360.com.br\/index.php?rest_route=\/wp\/v2\/types\/post"}],"author":[{"embeddable":true,"href":"https:\/\/noticiasbahia360.com.br\/index.php?rest_route=\/wp\/v2\/users\/1"}],"replies":[{"embeddable":true,"href":"https:\/\/noticiasbahia360.com.br\/index.php?rest_route=%2Fwp%2Fv2%2Fcomments&post=129389"}],"version-history":[{"count":0,"href":"https:\/\/noticiasbahia360.com.br\/index.php?rest_route=\/wp\/v2\/posts\/129389\/revisions"}],"wp:featuredmedia":[{"embeddable":true,"href":"https:\/\/noticiasbahia360.com.br\/index.php?rest_route=\/wp\/v2\/media\/129390"}],"wp:attachment":[{"href":"https:\/\/noticiasbahia360.com.br\/index.php?rest_route=%2Fwp%2Fv2%2Fmedia&parent=129389"}],"wp:term":[{"taxonomy":"category","embeddable":true,"href":"https:\/\/noticiasbahia360.com.br\/index.php?rest_route=%2Fwp%2Fv2%2Fcategories&post=129389"},{"taxonomy":"post_tag","embeddable":true,"href":"https:\/\/noticiasbahia360.com.br\/index.php?rest_route=%2Fwp%2Fv2%2Ftags&post=129389"}],"curies":[{"name":"wp","href":"https:\/\/api.w.org\/{rel}","templated":true}]}}