{"id":129391,"date":"2026-05-03T07:31:09","date_gmt":"2026-05-03T10:31:09","guid":{"rendered":"https:\/\/noticiasbahia360.com.br\/?p=129391"},"modified":"2026-05-03T07:31:09","modified_gmt":"2026-05-03T10:31:09","slug":"shakira-reune-multidao-em-copacabana-e-celebra-forca-feminina-e-latina-veja-como-foi","status":"publish","type":"post","link":"https:\/\/noticiasbahia360.com.br\/?p=129391","title":{"rendered":"Shakira re\u00fane multid\u00e3o em Copacabana e celebra for\u00e7a feminina e latina; veja como foi"},"content":{"rendered":"<div>\n<div>\n<figure><img decoding=\"async\" src=\"http:\/\/noticiasbahia360.com.br\/wp-content\/uploads\/2026\/05\/rj2-shakira-pgm-limpo-frame-233870.webp\" alt=\"Shakira\"><figcaption>Shakira veste look com bandeira do Brasil | Foto: Reprodu\u00e7\u00e3o\/TV Globo<\/figcaption><\/figure>\n<\/div>\n<p>Antes de subir ao palco da Praia de Copacabana nesse s\u00e1bado (2), Shakira j\u00e1 sabia a dimens\u00e3o do que encontraria no Rio.<\/p>\n<p>Depois de um show hist\u00f3rico no Z\u00f3calo, M\u00e9xico, ela chegou a Copacabana para mais um cap\u00edtulo marcante de sua trajet\u00f3ria.<\/p>\n<p>O roteiro era familiar para os f\u00e3s brasileiros, mas n\u00e3o id\u00eantico. Depois de trazer a turn\u00ea \u201cLas Mujeres Ya No Lloran\u201d ao pa\u00eds em 2025, a cantora promoveu ajustes no repert\u00f3rio para a escala monumental de Copacabana.<\/p>\n<p>Na esteira das passagens de Lady Gaga e Madonna, Shakira sabia o peso simb\u00f3lico dessa apresenta\u00e7\u00e3o. Nas semanas que antecederam o show, alimentou a expectativa dos f\u00e3s nas redes sociais, definiu a noite como um sonho e escreveu um artigo para o jornal O Globo em homenagem \u00e0 for\u00e7a das mulheres latinas.<\/p>\n<p>Apesar do atraso de mais de uma hora, o p\u00fablico n\u00e3o desanimou. O maior trunfo da apresenta\u00e7\u00e3o esteve na energia f\u00edsica da artista: ela conduziu a plateia com tanta intensidade que era dif\u00edcil resistir ao impulso de dan\u00e7ar.<\/p>\n<p>A abertura com \u201cLa Fuerte\u201d j\u00e1 antecipava o clima do espet\u00e1culo: uma faixa eletr\u00f4nica pulsante que serviu como declara\u00e7\u00e3o de inten\u00e7\u00f5es. Na sequ\u00eancia, \u201cGirl Like Me\u201d refor\u00e7ou uma das marcas da noite: a celebra\u00e7\u00e3o das mulheres, especialmente das latinas.<\/p>\n<figure class=\"wp-block-image size-full\"><img fetchpriority=\"high\" fetchpriority=\"high\" decoding=\"async\" width=\"1200\" height=\"874\" src=\"http:\/\/noticiasbahia360.com.br\/wp-content\/uploads\/2026\/05\/Shakira-1-1.webp\" alt=\"Shakira\" class=\"wp-image-651766\" srcset=\"http:\/\/noticiasbahia360.com.br\/wp-content\/uploads\/2026\/05\/Shakira-1-1.webp 1200w, https:\/\/uploads.acordacidade.com.br\/2026\/05\/Shakira-1-750x546.webp 750w, https:\/\/uploads.acordacidade.com.br\/2026\/05\/Shakira-1-1000x728.webp 1000w, https:\/\/uploads.acordacidade.com.br\/2026\/05\/Shakira-1-450x328.webp 450w, https:\/\/uploads.acordacidade.com.br\/2026\/05\/Shakira-1-150x109.webp 150w\" sizes=\"(max-width: 1200px) 100vw, 1200px\"><figcaption class=\"wp-element-caption\">Foto: Reprodu\u00e7\u00e3o\/ Redes Sociais <\/figcaption><\/figure>\n<p>O ritmo seguiu com \u201cLas de la Intuici\u00f3n\u201d e \u201cEstoy Aqu\u00ed\u201d, embora esta \u00faltima tenha aparecido em vers\u00e3o reduzida \u2014 breve demais para um dos hits mais queridos pelo p\u00fablico brasileiro.<\/p>\n<p>\u201cEu n\u00e3o posso acreditar que estou com voc\u00eas. Pensar que cheguei aqui com 18 anos\u2026 e agora olha isso. A vida \u00e9 m\u00e1gica. N\u00e3o existe coisa melhor do que uma lobinha encontrar sua alcateia brasileira\u201d, disse Shakira, antes de engatar \u201cEmpire\u201d e \u201cInevitable\u201d, faixa em que exibiu sua pot\u00eancia vocal.<\/p>\n<p>A emo\u00e7\u00e3o tomou conta quando imagens de seus filhos, Milan e Sasha, surgiram nos tel\u00f5es durante \u201cAcr\u00f3stico\u201d. Escrita como uma carta de amor para os dois, a faixa transformou o espet\u00e1culo em um raro momento de intimidade.<\/p>\n<p>O clima esquentou com o medley de \u201cCopa Vac\u00eda\u201d, \u201cLa Bicicleta\u201d e \u201cLa Tortura\u201d, uma s\u00edntese da latinidade que atravessa sua obra. S\u00e3o hits que sustentariam performances inteiras, mas um repert\u00f3rio t\u00e3o extenso exige concess\u00f5es.<\/p>\n<p>Como era esperado, o \u00e1pice da dan\u00e7a veio com \u201cHips Don\u2019t Lie\u201d, quando seus quadris voltaram a justificar a fama constru\u00edda ao longo de d\u00e9cadas.<\/p>\n<p>Para alegria dos f\u00e3s, a colombiana inseriu \u201cLoca\u201d e \u201cCan\u2019t Remember to Forget You\u201d, m\u00fasicas que n\u00e3o s\u00e3o muito frequentes nos setlists dos shows mais recentes.<\/p>\n<h2 class=\"wp-block-heading\" id=\"h-homenagens-as-maes-solos\">Homenagens \u00e0s m\u00e3es solos<\/h2>\n<p>\u201cNo Brasil existem mais de 20 milh\u00f5es de m\u00e3es solteiras, eu sou umas delas. Eu dedico esse show a todas elas\u201d, falou na introdu\u00e7\u00e3o de \u201cSoltera\u201d.<\/p>\n<p>Quando chegou a vez de apresentar Anitta, Shakira a chamou de \u201crainha\u201d. Essa foi a primeira vez que elas se cantaram juntas ao vivo \u201cChoka Choka\u201d.<\/p>\n<figure class=\"wp-block-image size-full\"><img decoding=\"async\" width=\"1200\" height=\"676\" src=\"http:\/\/noticiasbahia360.com.br\/wp-content\/uploads\/2026\/05\/Anita-e-shakira.webp\" alt=\"\" class=\"wp-image-651885\" srcset=\"http:\/\/noticiasbahia360.com.br\/wp-content\/uploads\/2026\/05\/Anita-e-shakira.webp 1200w, https:\/\/uploads.acordacidade.com.br\/2026\/05\/Anita-e-shakira-750x423.webp 750w, https:\/\/uploads.acordacidade.com.br\/2026\/05\/Anita-e-shakira-1000x563.webp 1000w, https:\/\/uploads.acordacidade.com.br\/2026\/05\/Anita-e-shakira-450x254.webp 450w, https:\/\/uploads.acordacidade.com.br\/2026\/05\/Anita-e-shakira-150x85.webp 150w\" sizes=\"(max-width: 1200px) 100vw, 1200px\"><figcaption class=\"wp-element-caption\">Foto: Reprodu\u00e7\u00e3o\/TV Globo<\/figcaption><\/figure>\n<p>Antes da loba, existiu a roqueira de cabelos pretos e, em um show desse porte, era imposs\u00edvel deixar os cl\u00e1ssicos dos anos 90 de fora. Foi nesse momento que a cantora apostou na mem\u00f3ria afetiva dos f\u00e3s, exibindo nos tel\u00f5es imagens do in\u00edcio de sua carreira.<\/p>\n<p>Ela engatou \u201cPies Descalzos, Sue\u00f1os Blancos\u201d e \u201cAntolog\u00eda\u201d, em uma vers\u00e3o ac\u00fastica. Ela at\u00e9 tentou pedir ajuda para o p\u00fablico cantar, mas o p\u00fablico demorou a responder, e o clima esfriou por alguns instantes.<\/p>\n<h2 class=\"wp-block-heading\" id=\"h-baianos-de-santo-amaro-no-palco\">Baianos de Santo Amaro no palco<\/h2>\n<p>Ter participa\u00e7\u00f5es especiais em megashows n\u00e3o \u00e9 novidade. Mas a presen\u00e7a de Caetano Veloso e Maria Beth\u00e2nia pegou o p\u00fablico de surpresa j\u00e1 nos ensaios.<\/p>\n<figure class=\"wp-block-image size-full\"><img decoding=\"async\" width=\"1200\" height=\"709\" src=\"http:\/\/noticiasbahia360.com.br\/wp-content\/uploads\/2026\/05\/shakira-e-bethania.webp\" alt=\"\" class=\"wp-image-651886\" srcset=\"http:\/\/noticiasbahia360.com.br\/wp-content\/uploads\/2026\/05\/shakira-e-bethania.webp 1200w, https:\/\/uploads.acordacidade.com.br\/2026\/05\/shakira-e-bethania-750x443.webp 750w, https:\/\/uploads.acordacidade.com.br\/2026\/05\/shakira-e-bethania-1000x591.webp 1000w, https:\/\/uploads.acordacidade.com.br\/2026\/05\/shakira-e-bethania-450x266.webp 450w, https:\/\/uploads.acordacidade.com.br\/2026\/05\/shakira-e-bethania-150x89.webp 150w\" sizes=\"(max-width: 1200px) 100vw, 1200px\"><figcaption class=\"wp-element-caption\">Foto: Reprodu\u00e7\u00e3o\/TV Globo<\/figcaption><\/figure>\n<p>Ao lado de Beth\u00e2nia e dos integrantes da bateria da Unidos da Tijuca, Shakira cantou \u201cO Que \u00c9, O Que \u00c9?\u201d (1982), um dos maiores sucessos de Gonzaguinha. J\u00e1 o encontro com Caetano emocionou ao cantar \u201cLe\u00e3ozinho\u201d, m\u00fasica que a colombiana entoa para o filho Milan dormir.<\/p>\n<p>Repetindo o Rock in Rio de 2011, Shakira voltou a dividir o palco com Ivete Sangalo cantando \u201cPais Tropical\u201d. Claro que a baiana transformou a breve participa\u00e7\u00e3o em uma mini micareta.<\/p>\n<p>Embora tenha ocupado o maior palco da hist\u00f3ria do evento, isso n\u00e3o significou apoio em grandes cen\u00e1rios. Muito pelo contr\u00e1rio: a grandiosidade foi sustentada por elementos simples e pela for\u00e7a da performance.<\/p>\n<figure class=\"wp-block-image size-full\"><img decoding=\"async\" width=\"1200\" height=\"773\" src=\"http:\/\/noticiasbahia360.com.br\/wp-content\/uploads\/2026\/05\/Shakira-e-Ivete.webp\" alt=\"\" class=\"wp-image-651887\" srcset=\"http:\/\/noticiasbahia360.com.br\/wp-content\/uploads\/2026\/05\/Shakira-e-Ivete.webp 1200w, https:\/\/uploads.acordacidade.com.br\/2026\/05\/Shakira-e-Ivete-750x483.webp 750w, https:\/\/uploads.acordacidade.com.br\/2026\/05\/Shakira-e-Ivete-1000x644.webp 1000w, https:\/\/uploads.acordacidade.com.br\/2026\/05\/Shakira-e-Ivete-450x290.webp 450w, https:\/\/uploads.acordacidade.com.br\/2026\/05\/Shakira-e-Ivete-150x97.webp 150w\" sizes=\"(max-width: 1200px) 100vw, 1200px\"><figcaption class=\"wp-element-caption\">Foto: Reprodu\u00e7\u00e3o\/TV Globo<\/figcaption><\/figure>\n<p>Superadas as baladas e a carga emocional, a reta final elevou novamente a temperatura com \u201cWhenever, Wherever\u201d e o hino da 2010 FIFA World Cup, \u201cWaka Waka (This Time for Africa)\u201d, com o influenciador do Complexo da Mar\u00e9 Raphael Vicente.<\/p>\n<p>As areias de Copacabana se transformaram em uma floresta de lobas, uivando em coro enquanto os mandamentos da loba eram projetados nos tel\u00f5es e uma estrutura gigantesca de lobo invadia o palco. At\u00e9 que a loba-mor surgiu para cantar \u201cShe Wolf\u201d e \u201cBzrp Music Sessions, Vol. 53\u201d.<\/p>\n<p>Ap\u00f3s mais de duas horas de show, ficou a certeza de que Shakira mant\u00e9m um dom\u00ednio de palco impressionante e uma voz que ainda carrega a for\u00e7a da jovem de 19 anos que conquistou o Brasil h\u00e1 quase tr\u00eas d\u00e9cadas.<\/p>\n<p>Se Copacabana \u00e9, como a pr\u00f3pria artista definiu, um altar da Terra, essa noite ela ocupou o centro dele, reverenciada por uma multid\u00e3o de s\u00faditos da loba.<\/p>\n<p><em>Fonte: g1<\/em><\/p>\n<p><em>Siga o Acorda Cidade no<\/em><a href=\"https:\/\/news.google.com\/search?q=acorda%20cidade&amp;hl=pt-BR&amp;gl=BR&amp;ceid=BR%3Apt-419\"><strong><em>\u00a0Google Not\u00edcias<\/em><\/strong><\/a><em>\u00a0e receba os principais destaques do dia. Participe tamb\u00e9m dos nossos canais no\u00a0<\/em><a href=\"https:\/\/www.whatsapp.com\/channel\/0029Va6Rb4v3WHTNnsh8WI3N\"><strong><em>WhatsApp<\/em><\/strong><\/a><em>\u00a0e\u00a0<\/em><a href=\"https:\/\/www.youtube.com\/@acordacidadenoticias\/videos\"><strong>YouTube<\/strong><\/a><em>\u00a0e grupo de\u00a0<\/em><a href=\"https:\/\/t.me\/+sSz0khrgARA0ZmRh\"><strong><em>Telegram<\/em><\/strong><\/a><em>.<\/em><\/p>\n<\/div>\n","protected":false},"excerpt":{"rendered":"<div>\n<div>\n<figure><img decoding=\"async\" src=\"https:\/\/uploads.acordacidade.com.br\/2026\/05\/rj2-shakira-pgm-limpo-frame-233870.webp\" alt=\"Shakira\"><figcaption>Shakira veste look com bandeira do Brasil | Foto: Reprodu\u00e7\u00e3o\/TV Globo<\/figcaption><\/figure>\n<\/div>\n<p>Depois de um show hist\u00f3rico no Z\u00f3calo, M\u00e9xico, Shakira chegou a Copacabana para mais um cap\u00edtulo marcante de sua trajet\u00f3ria.<\/p><\/div>\n","protected":false},"author":1,"featured_media":129392,"comment_status":"closed","ping_status":"closed","sticky":false,"template":"","format":"gallery","meta":{"footnotes":""},"categories":[8,9,6,57,56,10],"tags":[],"class_list":["post-129391","post","type-post","status-publish","format-gallery","has-post-thumbnail","hentry","category-bahia","category-brasil","category-feira-de-santana","category-mundo","category-policia","category-politica","post_format-post-format-gallery"],"featured_image_urls":{"full":["https:\/\/noticiasbahia360.com.br\/wp-content\/uploads\/2026\/05\/rj2-shakira-pgm-limpo-frame-233870.webp",1200,676,false],"thumbnail":["https:\/\/noticiasbahia360.com.br\/wp-content\/uploads\/2026\/05\/rj2-shakira-pgm-limpo-frame-233870-150x150.webp",150,150,true],"medium":["https:\/\/noticiasbahia360.com.br\/wp-content\/uploads\/2026\/05\/rj2-shakira-pgm-limpo-frame-233870-300x169.webp",300,169,true],"medium_large":["https:\/\/noticiasbahia360.com.br\/wp-content\/uploads\/2026\/05\/rj2-shakira-pgm-limpo-frame-233870-768x433.webp",640,361,true],"large":["https:\/\/noticiasbahia360.com.br\/wp-content\/uploads\/2026\/05\/rj2-shakira-pgm-limpo-frame-233870-1024x577.webp",640,361,true],"1536x1536":["https:\/\/noticiasbahia360.com.br\/wp-content\/uploads\/2026\/05\/rj2-shakira-pgm-limpo-frame-233870.webp",1200,676,false],"2048x2048":["https:\/\/noticiasbahia360.com.br\/wp-content\/uploads\/2026\/05\/rj2-shakira-pgm-limpo-frame-233870.webp",1200,676,false],"chromenews-featured":["https:\/\/noticiasbahia360.com.br\/wp-content\/uploads\/2026\/05\/rj2-shakira-pgm-limpo-frame-233870-1024x577.webp",1024,577,true],"chromenews-large":["https:\/\/noticiasbahia360.com.br\/wp-content\/uploads\/2026\/05\/rj2-shakira-pgm-limpo-frame-233870-825x575.webp",825,575,true],"chromenews-medium":["https:\/\/noticiasbahia360.com.br\/wp-content\/uploads\/2026\/05\/rj2-shakira-pgm-limpo-frame-233870-590x410.webp",590,410,true]},"author_info":{"display_name":"noticiasbahia360.com.br","author_link":"https:\/\/noticiasbahia360.com.br\/?author=1"},"category_info":"<a href=\"https:\/\/noticiasbahia360.com.br\/?cat=8\" rel=\"category\">Bahia<\/a> <a href=\"https:\/\/noticiasbahia360.com.br\/?cat=9\" rel=\"category\">Brasil<\/a> <a href=\"https:\/\/noticiasbahia360.com.br\/?cat=6\" rel=\"category\">Feira de Santana<\/a> <a href=\"https:\/\/noticiasbahia360.com.br\/?cat=57\" rel=\"category\">Mundo<\/a> <a href=\"https:\/\/noticiasbahia360.com.br\/?cat=56\" rel=\"category\">Pol\u00edcia<\/a> <a href=\"https:\/\/noticiasbahia360.com.br\/?cat=10\" rel=\"category\">Pol\u00edtica<\/a>","tag_info":"Pol\u00edtica","comment_count":"0","_links":{"self":[{"href":"https:\/\/noticiasbahia360.com.br\/index.php?rest_route=\/wp\/v2\/posts\/129391","targetHints":{"allow":["GET"]}}],"collection":[{"href":"https:\/\/noticiasbahia360.com.br\/index.php?rest_route=\/wp\/v2\/posts"}],"about":[{"href":"https:\/\/noticiasbahia360.com.br\/index.php?rest_route=\/wp\/v2\/types\/post"}],"author":[{"embeddable":true,"href":"https:\/\/noticiasbahia360.com.br\/index.php?rest_route=\/wp\/v2\/users\/1"}],"replies":[{"embeddable":true,"href":"https:\/\/noticiasbahia360.com.br\/index.php?rest_route=%2Fwp%2Fv2%2Fcomments&post=129391"}],"version-history":[{"count":0,"href":"https:\/\/noticiasbahia360.com.br\/index.php?rest_route=\/wp\/v2\/posts\/129391\/revisions"}],"wp:featuredmedia":[{"embeddable":true,"href":"https:\/\/noticiasbahia360.com.br\/index.php?rest_route=\/wp\/v2\/media\/129392"}],"wp:attachment":[{"href":"https:\/\/noticiasbahia360.com.br\/index.php?rest_route=%2Fwp%2Fv2%2Fmedia&parent=129391"}],"wp:term":[{"taxonomy":"category","embeddable":true,"href":"https:\/\/noticiasbahia360.com.br\/index.php?rest_route=%2Fwp%2Fv2%2Fcategories&post=129391"},{"taxonomy":"post_tag","embeddable":true,"href":"https:\/\/noticiasbahia360.com.br\/index.php?rest_route=%2Fwp%2Fv2%2Ftags&post=129391"}],"curies":[{"name":"wp","href":"https:\/\/api.w.org\/{rel}","templated":true}]}}