{"id":129397,"date":"2026-05-03T07:55:56","date_gmt":"2026-05-03T10:55:56","guid":{"rendered":"https:\/\/noticiasbahia360.com.br\/?p=129397"},"modified":"2026-05-03T07:55:56","modified_gmt":"2026-05-03T10:55:56","slug":"prefeito-promete-area-de-lazer-com-chafariz-e-parque-infantil-no-parque-getulio-vargas","status":"publish","type":"post","link":"https:\/\/noticiasbahia360.com.br\/?p=129397","title":{"rendered":"Prefeito promete \u00e1rea de lazer com chafariz e parque infantil no Parque Get\u00falio Vargas"},"content":{"rendered":"<div>\n<div>\n<figure><img decoding=\"async\" src=\"http:\/\/noticiasbahia360.com.br\/wp-content\/uploads\/2026\/05\/RUA-ANGRA-DOS-REIS-COM-CAMPOS-DO-JORDAO_lAGOA-GRANDE-NASCENTE-DE-AGUA-FOTO-04-POR-CAU-PRETTOjpg1_.webp\" alt=\"Parque Get\u00falio Vargas\"><figcaption>Foto: Cau Preto<\/figcaption><\/figure>\n<\/div>\n<p>O bairro Parque Get\u00falio Vargas vai ganhar um moderno espa\u00e7o de lazer multifuncional e com chafariz em uma \u00e1rea pr\u00f3xima a lagoa, local onde j\u00e1 jorra \u00e1gua por tubula\u00e7\u00e3o. As interven\u00e7\u00f5es ser\u00e3o promovidas pela Prefeitura de Feira de Santana e foram anunciadas pelo prefeito Jos\u00e9 Ronaldo de Carvalho, nesse s\u00e1bado (2), durante vista \u00e0 comunidade, atendendo pleito de moradores.<\/p>\n<p>As reivindica\u00e7\u00f5es foram refor\u00e7adas pelos alunos da escolinha de futebol do projeto Seninha, que receberam o prefeito Jos\u00e9 Ronaldo e solicitaram o aproveitamento de uma \u00e1rea ociosa para constru\u00e7\u00e3o de um espa\u00e7o de lazer, onde pudessem jogar bola e tamb\u00e9m tomar banho em um chafariz. Tamb\u00e9m reivindicaram a instala\u00e7\u00e3o de um parque infantil.<\/p>\n<figure class=\"wp-block-image size-full\"><img fetchpriority=\"high\" fetchpriority=\"high\" decoding=\"async\" width=\"1200\" height=\"799\" src=\"http:\/\/noticiasbahia360.com.br\/wp-content\/uploads\/2026\/05\/Parque-Getulio-Vargas.webp\" alt=\"Parque Get\u00falio Vargas\" class=\"wp-image-651894\" srcset=\"http:\/\/noticiasbahia360.com.br\/wp-content\/uploads\/2026\/05\/Parque-Getulio-Vargas.webp 1200w, https:\/\/uploads.acordacidade.com.br\/2026\/05\/Parque-Getulio-Vargas-750x499.webp 750w, https:\/\/uploads.acordacidade.com.br\/2026\/05\/Parque-Getulio-Vargas-1000x666.webp 1000w, https:\/\/uploads.acordacidade.com.br\/2026\/05\/Parque-Getulio-Vargas-450x300.webp 450w, https:\/\/uploads.acordacidade.com.br\/2026\/05\/Parque-Getulio-Vargas-150x100.webp 150w\" sizes=\"(max-width: 1200px) 100vw, 1200px\"><figcaption class=\"wp-element-caption\">Foto: Cau Preto<\/figcaption><\/figure>\n<p>As solicita\u00e7\u00f5es tamb\u00e9m foram refor\u00e7adas por moradores da comunidade. A aposentada Francisca Nunes de Freitas, 72 anos, dos quais 52 deles residindo na rua Angra dos Reis, mesma rua onde o Governo Municipal vai construir o equipamento de lazer, solicitou a inclus\u00e3o de equipamentos de gin\u00e1stica e a urbaniza\u00e7\u00e3o do espa\u00e7o.<\/p>\n<figure class=\"wp-block-image size-full\"><img decoding=\"async\" width=\"1200\" height=\"800\" src=\"http:\/\/noticiasbahia360.com.br\/wp-content\/uploads\/2026\/05\/RUA-ANGRA-DOS-REIS-COM-CAMPOS-DO-JORDAO_lAGOA-GRANDE-NASCENTE-DE-AGUA-FOTO-11-POR-CAU-PRETTOjpg1_.webp\" alt=\"Parque Get\u00falio Vargas\" class=\"wp-image-651892\" srcset=\"http:\/\/noticiasbahia360.com.br\/wp-content\/uploads\/2026\/05\/RUA-ANGRA-DOS-REIS-COM-CAMPOS-DO-JORDAO_lAGOA-GRANDE-NASCENTE-DE-AGUA-FOTO-11-POR-CAU-PRETTOjpg1_.webp 1200w, https:\/\/uploads.acordacidade.com.br\/2026\/05\/RUA-ANGRA-DOS-REIS-COM-CAMPOS-DO-JORDAO_lAGOA-GRANDE-NASCENTE-DE-AGUA-FOTO-11-POR-CAU-PRETTO.jpg1_-750x500.webp 750w, https:\/\/uploads.acordacidade.com.br\/2026\/05\/RUA-ANGRA-DOS-REIS-COM-CAMPOS-DO-JORDAO_lAGOA-GRANDE-NASCENTE-DE-AGUA-FOTO-11-POR-CAU-PRETTO.jpg1_-1000x667.webp 1000w, https:\/\/uploads.acordacidade.com.br\/2026\/05\/RUA-ANGRA-DOS-REIS-COM-CAMPOS-DO-JORDAO_lAGOA-GRANDE-NASCENTE-DE-AGUA-FOTO-11-POR-CAU-PRETTO.jpg1_-450x300.webp 450w, https:\/\/uploads.acordacidade.com.br\/2026\/05\/RUA-ANGRA-DOS-REIS-COM-CAMPOS-DO-JORDAO_lAGOA-GRANDE-NASCENTE-DE-AGUA-FOTO-11-POR-CAU-PRETTO.jpg1_-150x100.webp 150w\" sizes=\"(max-width: 1200px) 100vw, 1200px\"><figcaption class=\"wp-element-caption\">Foto: Cau Preto<\/figcaption><\/figure>\n<p>O prefeito visitou a comunidade acompanhado do secret\u00e1rio de Comunica\u00e7\u00e3o, Joilton Freitas; do superintendente da Superintend\u00eancia de Opera\u00e7\u00f5es e Manuten\u00e7\u00e3o da Prefeitura, Jo\u00e3o Vianey; e do subsecret\u00e1rio de Planejamento, Djavan Arag\u00e3o. Tamb\u00e9m presente o vereador Z\u00e9 Curuca, que apresentou as reivindica\u00e7\u00f5es da comunidade.<\/p>\n<figure class=\"wp-block-image size-full\"><img decoding=\"async\" width=\"1200\" height=\"800\" src=\"http:\/\/noticiasbahia360.com.br\/wp-content\/uploads\/2026\/05\/RUA-ANGRA-DOS-REIS-COM-CAMPOS-DO-JORDAO_lAGOA-GRANDE-ESGOTO-FOTO-18-POR-CAU-PRETTOjpg1_.webp\" alt=\"Parque Get\u00falio Vargas\" class=\"wp-image-651890\" srcset=\"http:\/\/noticiasbahia360.com.br\/wp-content\/uploads\/2026\/05\/RUA-ANGRA-DOS-REIS-COM-CAMPOS-DO-JORDAO_lAGOA-GRANDE-ESGOTO-FOTO-18-POR-CAU-PRETTOjpg1_.webp 1200w, https:\/\/uploads.acordacidade.com.br\/2026\/05\/RUA-ANGRA-DOS-REIS-COM-CAMPOS-DO-JORDAO_lAGOA-GRANDE-ESGOTO-FOTO-18-POR-CAU-PRETTO.jpg1_-750x500.webp 750w, https:\/\/uploads.acordacidade.com.br\/2026\/05\/RUA-ANGRA-DOS-REIS-COM-CAMPOS-DO-JORDAO_lAGOA-GRANDE-ESGOTO-FOTO-18-POR-CAU-PRETTO.jpg1_-1000x667.webp 1000w, https:\/\/uploads.acordacidade.com.br\/2026\/05\/RUA-ANGRA-DOS-REIS-COM-CAMPOS-DO-JORDAO_lAGOA-GRANDE-ESGOTO-FOTO-18-POR-CAU-PRETTO.jpg1_-450x300.webp 450w, https:\/\/uploads.acordacidade.com.br\/2026\/05\/RUA-ANGRA-DOS-REIS-COM-CAMPOS-DO-JORDAO_lAGOA-GRANDE-ESGOTO-FOTO-18-POR-CAU-PRETTO.jpg1_-150x100.webp 150w\" sizes=\"(max-width: 1200px) 100vw, 1200px\"><figcaption class=\"wp-element-caption\">Foto: Cau Preto<\/figcaption><\/figure>\n<p>Ap\u00f3s consultar t\u00e9cnicos da Prefeitura, o prefeito Jos\u00e9 Ronaldo determinou a elabora\u00e7\u00e3o do projeto para urbaniza\u00e7\u00e3o do espa\u00e7o, o que deve levar cerca de 60 dias. J\u00e1 as obras devem ser conclu\u00eddas em pelo menos mais 90 dias. \u201cA previs\u00e3o \u00e9 de que at\u00e9 dezembro deste ano estejamos inaugurando este importante espa\u00e7o de lazer para a comunidade\u201d, destacou.<\/p>\n<figure class=\"wp-block-image size-full\"><img decoding=\"async\" width=\"1200\" height=\"800\" src=\"http:\/\/noticiasbahia360.com.br\/wp-content\/uploads\/2026\/05\/RUA-ANGRA-DOS-REIS-COM-CAMPOS-DO-JORDAO_lAGOA-GRANDE-NASCENTE-DE-AGUA-FOTO-15-POR-CAU-PRETTOjpg1_.webp\" alt=\"Parque Get\u00falio Vargas\" class=\"wp-image-651893\" srcset=\"http:\/\/noticiasbahia360.com.br\/wp-content\/uploads\/2026\/05\/RUA-ANGRA-DOS-REIS-COM-CAMPOS-DO-JORDAO_lAGOA-GRANDE-NASCENTE-DE-AGUA-FOTO-15-POR-CAU-PRETTOjpg1_.webp 1200w, https:\/\/uploads.acordacidade.com.br\/2026\/05\/RUA-ANGRA-DOS-REIS-COM-CAMPOS-DO-JORDAO_lAGOA-GRANDE-NASCENTE-DE-AGUA-FOTO-15-POR-CAU-PRETTO.jpg1_-750x500.webp 750w, https:\/\/uploads.acordacidade.com.br\/2026\/05\/RUA-ANGRA-DOS-REIS-COM-CAMPOS-DO-JORDAO_lAGOA-GRANDE-NASCENTE-DE-AGUA-FOTO-15-POR-CAU-PRETTO.jpg1_-1000x667.webp 1000w, https:\/\/uploads.acordacidade.com.br\/2026\/05\/RUA-ANGRA-DOS-REIS-COM-CAMPOS-DO-JORDAO_lAGOA-GRANDE-NASCENTE-DE-AGUA-FOTO-15-POR-CAU-PRETTO.jpg1_-450x300.webp 450w, https:\/\/uploads.acordacidade.com.br\/2026\/05\/RUA-ANGRA-DOS-REIS-COM-CAMPOS-DO-JORDAO_lAGOA-GRANDE-NASCENTE-DE-AGUA-FOTO-15-POR-CAU-PRETTO.jpg1_-150x100.webp 150w\" sizes=\"(max-width: 1200px) 100vw, 1200px\"><figcaption class=\"wp-element-caption\">Foto: Cau Preto<\/figcaption><\/figure>\n<p><em>Com informa\u00e7\u00f5es da Secretaria Municipal de Comunica\u00e7\u00e3o Social (Secom)<\/em><\/p>\n<p><em>Siga o Acorda Cidade no<\/em><a href=\"https:\/\/news.google.com\/search?q=acorda%20cidade&amp;hl=pt-BR&amp;gl=BR&amp;ceid=BR%3Apt-419\"><strong><em>\u00a0Google Not\u00edcias<\/em><\/strong><\/a><em>\u00a0e receba os principais destaques do dia. Participe tamb\u00e9m dos nossos canais no\u00a0<\/em><a href=\"https:\/\/www.whatsapp.com\/channel\/0029Va6Rb4v3WHTNnsh8WI3N\"><strong><em>WhatsApp<\/em><\/strong><\/a><em>\u00a0e\u00a0<\/em><a href=\"https:\/\/www.youtube.com\/@acordacidadenoticias\/videos\"><strong>YouTube<\/strong><\/a><em>\u00a0e grupo de\u00a0<\/em><a href=\"https:\/\/t.me\/+sSz0khrgARA0ZmRh\"><strong><em>Telegram<\/em><\/strong><\/a><em>.<\/em><\/p>\n<\/div>\n","protected":false},"excerpt":{"rendered":"<div>\n<div>\n<figure><img decoding=\"async\" src=\"https:\/\/uploads.acordacidade.com.br\/2026\/05\/RUA-ANGRA-DOS-REIS-COM-CAMPOS-DO-JORDAO_lAGOA-GRANDE-NASCENTE-DE-AGUA-FOTO-04-POR-CAU-PRETTO.jpg1_.webp\" alt=\"Parque Get\u00falio Vargas\"><figcaption>Foto: Cau Preto<\/figcaption><\/figure>\n<\/div>\n<p>O prefeito Jos\u00e9 Ronaldo de Carvalho visitou a comunidade acompanhado de secret\u00e1rios e moradores no \u00faltimo s\u00e1bado (2).<\/p><\/div>\n","protected":false},"author":1,"featured_media":129398,"comment_status":"closed","ping_status":"closed","sticky":false,"template":"","format":"gallery","meta":{"footnotes":""},"categories":[8,9,6,57,56,10],"tags":[],"class_list":["post-129397","post","type-post","status-publish","format-gallery","has-post-thumbnail","hentry","category-bahia","category-brasil","category-feira-de-santana","category-mundo","category-policia","category-politica","post_format-post-format-gallery"],"featured_image_urls":{"full":["https:\/\/noticiasbahia360.com.br\/wp-content\/uploads\/2026\/05\/RUA-ANGRA-DOS-REIS-COM-CAMPOS-DO-JORDAO_lAGOA-GRANDE-NASCENTE-DE-AGUA-FOTO-04-POR-CAU-PRETTOjpg1_.webp",1200,800,false],"thumbnail":["https:\/\/noticiasbahia360.com.br\/wp-content\/uploads\/2026\/05\/RUA-ANGRA-DOS-REIS-COM-CAMPOS-DO-JORDAO_lAGOA-GRANDE-NASCENTE-DE-AGUA-FOTO-04-POR-CAU-PRETTOjpg1_-150x150.webp",150,150,true],"medium":["https:\/\/noticiasbahia360.com.br\/wp-content\/uploads\/2026\/05\/RUA-ANGRA-DOS-REIS-COM-CAMPOS-DO-JORDAO_lAGOA-GRANDE-NASCENTE-DE-AGUA-FOTO-04-POR-CAU-PRETTOjpg1_-300x200.webp",300,200,true],"medium_large":["https:\/\/noticiasbahia360.com.br\/wp-content\/uploads\/2026\/05\/RUA-ANGRA-DOS-REIS-COM-CAMPOS-DO-JORDAO_lAGOA-GRANDE-NASCENTE-DE-AGUA-FOTO-04-POR-CAU-PRETTOjpg1_-768x512.webp",640,427,true],"large":["https:\/\/noticiasbahia360.com.br\/wp-content\/uploads\/2026\/05\/RUA-ANGRA-DOS-REIS-COM-CAMPOS-DO-JORDAO_lAGOA-GRANDE-NASCENTE-DE-AGUA-FOTO-04-POR-CAU-PRETTOjpg1_-1024x683.webp",640,427,true],"1536x1536":["https:\/\/noticiasbahia360.com.br\/wp-content\/uploads\/2026\/05\/RUA-ANGRA-DOS-REIS-COM-CAMPOS-DO-JORDAO_lAGOA-GRANDE-NASCENTE-DE-AGUA-FOTO-04-POR-CAU-PRETTOjpg1_.webp",1200,800,false],"2048x2048":["https:\/\/noticiasbahia360.com.br\/wp-content\/uploads\/2026\/05\/RUA-ANGRA-DOS-REIS-COM-CAMPOS-DO-JORDAO_lAGOA-GRANDE-NASCENTE-DE-AGUA-FOTO-04-POR-CAU-PRETTOjpg1_.webp",1200,800,false],"chromenews-featured":["https:\/\/noticiasbahia360.com.br\/wp-content\/uploads\/2026\/05\/RUA-ANGRA-DOS-REIS-COM-CAMPOS-DO-JORDAO_lAGOA-GRANDE-NASCENTE-DE-AGUA-FOTO-04-POR-CAU-PRETTOjpg1_-1024x683.webp",1024,683,true],"chromenews-large":["https:\/\/noticiasbahia360.com.br\/wp-content\/uploads\/2026\/05\/RUA-ANGRA-DOS-REIS-COM-CAMPOS-DO-JORDAO_lAGOA-GRANDE-NASCENTE-DE-AGUA-FOTO-04-POR-CAU-PRETTOjpg1_-825x575.webp",825,575,true],"chromenews-medium":["https:\/\/noticiasbahia360.com.br\/wp-content\/uploads\/2026\/05\/RUA-ANGRA-DOS-REIS-COM-CAMPOS-DO-JORDAO_lAGOA-GRANDE-NASCENTE-DE-AGUA-FOTO-04-POR-CAU-PRETTOjpg1_-590x410.webp",590,410,true]},"author_info":{"display_name":"noticiasbahia360.com.br","author_link":"https:\/\/noticiasbahia360.com.br\/?author=1"},"category_info":"<a href=\"https:\/\/noticiasbahia360.com.br\/?cat=8\" rel=\"category\">Bahia<\/a> <a href=\"https:\/\/noticiasbahia360.com.br\/?cat=9\" rel=\"category\">Brasil<\/a> <a href=\"https:\/\/noticiasbahia360.com.br\/?cat=6\" rel=\"category\">Feira de Santana<\/a> <a href=\"https:\/\/noticiasbahia360.com.br\/?cat=57\" rel=\"category\">Mundo<\/a> <a href=\"https:\/\/noticiasbahia360.com.br\/?cat=56\" rel=\"category\">Pol\u00edcia<\/a> <a href=\"https:\/\/noticiasbahia360.com.br\/?cat=10\" rel=\"category\">Pol\u00edtica<\/a>","tag_info":"Pol\u00edtica","comment_count":"0","_links":{"self":[{"href":"https:\/\/noticiasbahia360.com.br\/index.php?rest_route=\/wp\/v2\/posts\/129397","targetHints":{"allow":["GET"]}}],"collection":[{"href":"https:\/\/noticiasbahia360.com.br\/index.php?rest_route=\/wp\/v2\/posts"}],"about":[{"href":"https:\/\/noticiasbahia360.com.br\/index.php?rest_route=\/wp\/v2\/types\/post"}],"author":[{"embeddable":true,"href":"https:\/\/noticiasbahia360.com.br\/index.php?rest_route=\/wp\/v2\/users\/1"}],"replies":[{"embeddable":true,"href":"https:\/\/noticiasbahia360.com.br\/index.php?rest_route=%2Fwp%2Fv2%2Fcomments&post=129397"}],"version-history":[{"count":0,"href":"https:\/\/noticiasbahia360.com.br\/index.php?rest_route=\/wp\/v2\/posts\/129397\/revisions"}],"wp:featuredmedia":[{"embeddable":true,"href":"https:\/\/noticiasbahia360.com.br\/index.php?rest_route=\/wp\/v2\/media\/129398"}],"wp:attachment":[{"href":"https:\/\/noticiasbahia360.com.br\/index.php?rest_route=%2Fwp%2Fv2%2Fmedia&parent=129397"}],"wp:term":[{"taxonomy":"category","embeddable":true,"href":"https:\/\/noticiasbahia360.com.br\/index.php?rest_route=%2Fwp%2Fv2%2Fcategories&post=129397"},{"taxonomy":"post_tag","embeddable":true,"href":"https:\/\/noticiasbahia360.com.br\/index.php?rest_route=%2Fwp%2Fv2%2Ftags&post=129397"}],"curies":[{"name":"wp","href":"https:\/\/api.w.org\/{rel}","templated":true}]}} 