{"id":129403,"date":"2026-05-03T08:46:07","date_gmt":"2026-05-03T11:46:07","guid":{"rendered":"https:\/\/noticiasbahia360.com.br\/?p=129403"},"modified":"2026-05-03T08:46:07","modified_gmt":"2026-05-03T11:46:07","slug":"vereador-articula-projeto-de-drenagem-para-o-conjunto-panorama-em-reuniao-com-jose-ronaldo","status":"publish","type":"post","link":"https:\/\/noticiasbahia360.com.br\/?p=129403","title":{"rendered":"Vereador articula projeto de drenagem para o Conjunto Panorama em reuni\u00e3o com Jos\u00e9 Ronaldo"},"content":{"rendered":"<div>\n<div>\n<figure><img decoding=\"async\" src=\"http:\/\/noticiasbahia360.com.br\/wp-content\/uploads\/2026\/05\/vereador-discute-sobre-drenagem-no-panorama.webp\" alt=\"Vereador articula projeto de drenagem para o Conjunto Panorama em reuni\u00e3o com Jos\u00e9 Ronaldo\"><figcaption>Foto: Divulga\u00e7\u00e3o<\/figcaption><\/figure>\n<\/div>\n<p>O vereador Edvaldo Lima (Uni\u00e3o Brasil) intensificou, nesta semana, a articula\u00e7\u00e3o junto ao Executivo Municipal para resolver um problema hist\u00f3rico que aflige os moradores do Conjunto Panorama, no bairro Tomba: as enchentes. Em reuni\u00e3o realizada na tarde de ontem (1\u00ba), que contou com a participa\u00e7\u00e3o direta do prefeito Jos\u00e9 Ronaldo, o parlamentar cobrou celeridade na elabora\u00e7\u00e3o do projeto t\u00e9cnico que dar\u00e1 base \u00e0s obras de drenagem da localidade.<\/p>\n<p>\u200bDurante o encontro, que reuniu lideran\u00e7as comunit\u00e1rias e t\u00e9cnicos da prefeitura, Edvaldo Lima destacou que a solu\u00e7\u00e3o para as inunda\u00e7\u00f5es na regi\u00e3o j\u00e1 est\u00e1 sendo desenhada. Engenheiros do munic\u00edpio e consultores especializados j\u00e1 realizaram vistorias de campo e levantamentos topogr\u00e1ficos nas \u00e1reas mais cr\u00edticas, com aten\u00e7\u00e3o especial \u00e0 Rua Liberdade.<\/p>\n<p><strong>\u200bCompromisso t\u00e9cnico e pol\u00edtico<\/strong><\/p>\n<p>\u200bO prefeito Jos\u00e9 Ronaldo, atento \u00e0s demandas apresentadas pelo vereador, assegurou que a equipe de infraestrutura est\u00e1 empenhada em finalizar o projeto de engenharia o mais r\u00e1pido poss\u00edvel. Esta etapa \u00e9 considerada crucial para garantir que a obra seja definitiva e suporte o volume de \u00e1guas pluviais do bairro.<\/p>\n<p>\u200b\u201dEstivemos presentes ouvindo a comunidade ao lado do prefeito Jos\u00e9 Ronaldo. O compromisso assumido \u00e9 claro: o projeto est\u00e1 sendo elaborado com rigor t\u00e9cnico. A visita dos engenheiros ao local \u00e9 o passo que garante uma obra eficiente para acabar com o sofrimento de quem perde bens e sossego em tempos de chuva\u201d, afirmou Edvaldo Lima.<\/p>\n<figure class=\"wp-block-image size-full\"><img fetchpriority=\"high\" fetchpriority=\"high\" decoding=\"async\" width=\"1200\" height=\"728\" src=\"http:\/\/noticiasbahia360.com.br\/wp-content\/uploads\/2026\/05\/vereador-discute-sobre-drenagem-no-panorama-.webp\" alt=\"Vereador articula projeto de drenagem para o Conjunto Panorama em reuni\u00e3o com Jos\u00e9 Ronaldo\" class=\"wp-image-651897\" srcset=\"http:\/\/noticiasbahia360.com.br\/wp-content\/uploads\/2026\/05\/vereador-discute-sobre-drenagem-no-panorama-.webp 1200w, https:\/\/uploads.acordacidade.com.br\/2026\/05\/vereador-discute-sobre-drenagem-no-panorama--750x455.webp 750w, https:\/\/uploads.acordacidade.com.br\/2026\/05\/vereador-discute-sobre-drenagem-no-panorama--1000x607.webp 1000w, https:\/\/uploads.acordacidade.com.br\/2026\/05\/vereador-discute-sobre-drenagem-no-panorama--450x273.webp 450w, https:\/\/uploads.acordacidade.com.br\/2026\/05\/vereador-discute-sobre-drenagem-no-panorama--150x91.webp 150w\" sizes=\"(max-width: 1200px) 100vw, 1200px\"><figcaption class=\"wp-element-caption\">Foto: Divulga\u00e7\u00e3o<\/figcaption><\/figure>\n<p><strong>\u200bArticula\u00e7\u00e3o pela dignidade no Tomba<\/strong><\/p>\n<p>\u200bComo interlocutor do Conjunto Panorama na C\u00e2mara Municipal, Edvaldo Lima tem pautado seu mandato na busca por melhorias estruturais para o Tomba. Para ele, a presen\u00e7a do prefeito na reuni\u00e3o refor\u00e7a a viabilidade da obra e a transpar\u00eancia nos prazos.<\/p>\n<p>\u200bO parlamentar pontuou que a execu\u00e7\u00e3o seguir\u00e1 um cronograma rigoroso assim que o projeto for aprovado. Entre os pontos priorit\u00e1rios da a\u00e7\u00e3o est\u00e3o:<\/p>\n<p>\u200bVistoria Especializada: An\u00e1lise t\u00e9cnica j\u00e1 conclu\u00edda por engenheiros da prefeitura e de conselhos profissionais.<\/p>\n<p>\u200bFoco Estrat\u00e9gico: Interven\u00e7\u00e3o priorit\u00e1ria em vias de escoamento cr\u00edtico, como a Rua Liberdade.<\/p>\n<p>Canal Direto: Manuten\u00e7\u00e3o do di\u00e1logo entre moradores e prefeitura para acompanhamento de cada etapa.<\/p>\n<p><strong>\u200bPr\u00f3ximos Passos<\/strong><\/p>\n<p>Com a conclus\u00e3o iminente do projeto de engenharia, os pr\u00f3ximos passos envolvem a libera\u00e7\u00e3o or\u00e7ament\u00e1ria e o processo licitat\u00f3rio para o in\u00edcio das obras. Edvaldo Lima garantiu que continuar\u00e1 fiscalizando o processo de perto. \u201cN\u00e3o descansaremos enquanto a drenagem do Panorama n\u00e3o for uma realidade. \u00c9 uma quest\u00e3o de dignidade e sa\u00fade p\u00fablica para as fam\u00edlias\u201d, finalizou o edil.<\/p>\n<p><em>Siga o Acorda Cidade no<\/em><a href=\"https:\/\/news.google.com\/search?q=acorda%20cidade&amp;hl=pt-BR&amp;gl=BR&amp;ceid=BR%3Apt-419\"><strong><em>\u00a0Google Not\u00edcias<\/em><\/strong><\/a><em>\u00a0e receba os principais destaques do dia. Participe tamb\u00e9m dos nossos canais no\u00a0<\/em><a href=\"https:\/\/www.whatsapp.com\/channel\/0029Va6Rb4v3WHTNnsh8WI3N\"><strong><em>WhatsApp<\/em><\/strong><\/a><em>\u00a0e\u00a0<\/em><a href=\"https:\/\/www.youtube.com\/@acordacidadenoticias\/videos\"><strong>YouTube<\/strong><\/a><em>\u00a0e grupo de\u00a0<\/em><a href=\"https:\/\/t.me\/+sSz0khrgARA0ZmRh\"><strong><em>Telegram<\/em><\/strong><\/a><em>.<\/em><\/p>\n<\/div>\n","protected":false},"excerpt":{"rendered":"<div>\n<div>\n<figure><img decoding=\"async\" src=\"https:\/\/uploads.acordacidade.com.br\/2026\/05\/vereador-discute-sobre-drenagem-no-panorama.webp\" alt=\"Vereador articula projeto de drenagem para o Conjunto Panorama em reuni\u00e3o com Jos\u00e9 Ronaldo\"><figcaption>Foto: Divulga\u00e7\u00e3o<\/figcaption><\/figure>\n<\/div>\n<p>\u200bO vereador Edvaldo Lima pontuou que a execu\u00e7\u00e3o seguir\u00e1 um cronograma rigoroso assim que o projeto for aprovado.<\/p><\/div>\n","protected":false},"author":1,"featured_media":129404,"comment_status":"closed","ping_status":"closed","sticky":false,"template":"","format":"gallery","meta":{"footnotes":""},"categories":[8,9,6,57,56,10],"tags":[],"class_list":["post-129403","post","type-post","status-publish","format-gallery","has-post-thumbnail","hentry","category-bahia","category-brasil","category-feira-de-santana","category-mundo","category-policia","category-politica","post_format-post-format-gallery"],"featured_image_urls":{"full":["https:\/\/noticiasbahia360.com.br\/wp-content\/uploads\/2026\/05\/vereador-discute-sobre-drenagem-no-panorama.webp",1200,728,false],"thumbnail":["https:\/\/noticiasbahia360.com.br\/wp-content\/uploads\/2026\/05\/vereador-discute-sobre-drenagem-no-panorama-150x150.webp",150,150,true],"medium":["https:\/\/noticiasbahia360.com.br\/wp-content\/uploads\/2026\/05\/vereador-discute-sobre-drenagem-no-panorama-300x182.webp",300,182,true],"medium_large":["https:\/\/noticiasbahia360.com.br\/wp-content\/uploads\/2026\/05\/vereador-discute-sobre-drenagem-no-panorama-768x466.webp",640,388,true],"large":["https:\/\/noticiasbahia360.com.br\/wp-content\/uploads\/2026\/05\/vereador-discute-sobre-drenagem-no-panorama-1024x621.webp",640,388,true],"1536x1536":["https:\/\/noticiasbahia360.com.br\/wp-content\/uploads\/2026\/05\/vereador-discute-sobre-drenagem-no-panorama.webp",1200,728,false],"2048x2048":["https:\/\/noticiasbahia360.com.br\/wp-content\/uploads\/2026\/05\/vereador-discute-sobre-drenagem-no-panorama.webp",1200,728,false],"chromenews-featured":["https:\/\/noticiasbahia360.com.br\/wp-content\/uploads\/2026\/05\/vereador-discute-sobre-drenagem-no-panorama-1024x621.webp",1024,621,true],"chromenews-large":["https:\/\/noticiasbahia360.com.br\/wp-content\/uploads\/2026\/05\/vereador-discute-sobre-drenagem-no-panorama-825x575.webp",825,575,true],"chromenews-medium":["https:\/\/noticiasbahia360.com.br\/wp-content\/uploads\/2026\/05\/vereador-discute-sobre-drenagem-no-panorama-590x410.webp",590,410,true]},"author_info":{"display_name":"noticiasbahia360.com.br","author_link":"https:\/\/noticiasbahia360.com.br\/?author=1"},"category_info":"<a href=\"https:\/\/noticiasbahia360.com.br\/?cat=8\" rel=\"category\">Bahia<\/a> <a href=\"https:\/\/noticiasbahia360.com.br\/?cat=9\" rel=\"category\">Brasil<\/a> <a href=\"https:\/\/noticiasbahia360.com.br\/?cat=6\" rel=\"category\">Feira de Santana<\/a> <a href=\"https:\/\/noticiasbahia360.com.br\/?cat=57\" rel=\"category\">Mundo<\/a> <a href=\"https:\/\/noticiasbahia360.com.br\/?cat=56\" rel=\"category\">Pol\u00edcia<\/a> <a href=\"https:\/\/noticiasbahia360.com.br\/?cat=10\" rel=\"category\">Pol\u00edtica<\/a>","tag_info":"Pol\u00edtica","comment_count":"0","_links":{"self":[{"href":"https:\/\/noticiasbahia360.com.br\/index.php?rest_route=\/wp\/v2\/posts\/129403","targetHints":{"allow":["GET"]}}],"collection":[{"href":"https:\/\/noticiasbahia360.com.br\/index.php?rest_route=\/wp\/v2\/posts"}],"about":[{"href":"https:\/\/noticiasbahia360.com.br\/index.php?rest_route=\/wp\/v2\/types\/post"}],"author":[{"embeddable":true,"href":"https:\/\/noticiasbahia360.com.br\/index.php?rest_route=\/wp\/v2\/users\/1"}],"replies":[{"embeddable":true,"href":"https:\/\/noticiasbahia360.com.br\/index.php?rest_route=%2Fwp%2Fv2%2Fcomments&post=129403"}],"version-history":[{"count":0,"href":"https:\/\/noticiasbahia360.com.br\/index.php?rest_route=\/wp\/v2\/posts\/129403\/revisions"}],"wp:featuredmedia":[{"embeddable":true,"href":"https:\/\/noticiasbahia360.com.br\/index.php?rest_route=\/wp\/v2\/media\/129404"}],"wp:attachment":[{"href":"https:\/\/noticiasbahia360.com.br\/index.php?rest_route=%2Fwp%2Fv2%2Fmedia&parent=129403"}],"wp:term":[{"taxonomy":"category","embeddable":true,"href":"https:\/\/noticiasbahia360.com.br\/index.php?rest_route=%2Fwp%2Fv2%2Fcategories&post=129403"},{"taxonomy":"post_tag","embeddable":true,"href":"https:\/\/noticiasbahia360.com.br\/index.php?rest_route=%2Fwp%2Fv2%2Ftags&post=129403"}],"curies":[{"name":"wp","href":"https:\/\/api.w.org\/{rel}","templated":true}]}}