{"id":129406,"date":"2026-05-03T09:10:56","date_gmt":"2026-05-03T12:10:56","guid":{"rendered":"https:\/\/noticiasbahia360.com.br\/?p=129406"},"modified":"2026-05-03T09:10:56","modified_gmt":"2026-05-03T12:10:56","slug":"idoso-sofre-infarto-e-e-socorrido-por-agentes-da-prf-na-br-116","status":"publish","type":"post","link":"https:\/\/noticiasbahia360.com.br\/?p=129406","title":{"rendered":"Idoso sofre infarto e \u00e9 socorrido por agentes da PRF na BR-116"},"content":{"rendered":"<div>\n<div>\n<figure><img decoding=\"async\" src=\"http:\/\/noticiasbahia360.com.br\/wp-content\/uploads\/2026\/05\/BR-116.webp\" alt=\"PRF\"><figcaption>Ilustrativa | Foto: Ed Santos\/Acorda Cidade<\/figcaption><\/figure>\n<\/div>\n<p>No s\u00e1bado (2), uma equipe da Pol\u00edcia Rodovi\u00e1ria Federal (<a href=\"https:\/\/www.acordacidade.com.br\/tag\/prf\/\" type=\"post_tag\" id=\"35382\">PRF<\/a>) realizou um atendimento de emerg\u00eancia que salvou a vida de um passageiro em uma linha interestadual.<\/p>\n<p>A equipe foi alertada sobre um idoso de 70 anos que passava mal a bordo de um \u00f4nibus que seguia de Fortaleza (CE) com destino a S\u00e3o Paulo (SP). Segundo informa\u00e7\u00f5es colhidas no local, o passageiro apresentava mal-estar persistente durante todo o percurso, tendo enfrentado sintomas cr\u00edticos desde a sa\u00edda do Cear\u00e1 e durante a passagem.<\/p>\n<p>Ao tomar conhecimento da situa\u00e7\u00e3o os policiais interceptaram o ve\u00edculo para verificar, mesmo sabendo que o \u00f4nibus havia parado anteriormente na rodovi\u00e1ria de Feira de Santana, a abordagem aconteceu nas proximidades do munic\u00edpio de Santo Est\u00eav\u00e3o, na Bahia.<\/p>\n<p>O passageiro foi prontamente encaminhado para a unidade hospitalar em Santo Est\u00eav\u00e3o. Ap\u00f3s avalia\u00e7\u00e3o m\u00e9dica de urg\u00eancia, confirmou-se que o homem estava sofrendo um infarto agudo do mioc\u00e1rdio, quadro que vinha se arrastando e se agravando ao longo da viagem.<\/p>\n<p>Gra\u00e7as \u00e0 interven\u00e7\u00e3o r\u00e1pida da PRF e ao encaminhamento hospitalar, o paciente recebeu o tratamento necess\u00e1rio para estabiliza\u00e7\u00e3o do quadro. A ocorr\u00eancia refor\u00e7a a import\u00e2ncia da aten\u00e7\u00e3o dos passageiros e funcion\u00e1rios de transporte aos sintomas de sa\u00fade, permitindo o acionamento dos \u00f3rg\u00e3os de seguran\u00e7a e sa\u00fade o mais r\u00e1pido poss\u00edvel.<\/p>\n<p><em>Siga o Acorda Cidade no<\/em><a href=\"https:\/\/news.google.com\/search?q=acorda%20cidade&amp;hl=pt-BR&amp;gl=BR&amp;ceid=BR%3Apt-419\"><strong><em>\u00a0Google Not\u00edcias<\/em><\/strong><\/a><em>\u00a0e receba os principais destaques do dia. Participe tamb\u00e9m dos nossos canais no\u00a0<\/em><a href=\"https:\/\/www.whatsapp.com\/channel\/0029Va6Rb4v3WHTNnsh8WI3N\"><strong><em>WhatsApp<\/em><\/strong><\/a><em>\u00a0e\u00a0<\/em><a href=\"https:\/\/www.youtube.com\/@acordacidadenoticias\/videos\"><strong>YouTube<\/strong><\/a><em>\u00a0e grupo de\u00a0<\/em><a href=\"https:\/\/t.me\/+sSz0khrgARA0ZmRh\"><strong><em>Telegram<\/em><\/strong><\/a><em>.<\/em><\/p>\n<\/div>\n","protected":false},"excerpt":{"rendered":"<div>\n<div>\n<figure><img decoding=\"async\" src=\"https:\/\/www.acordacidade.com.br\/wp-content\/uploads\/2026\/02\/BR-116.webp\" alt=\"PRF\"><figcaption>Ilustrativa | Foto: Ed Santos\/Acorda Cidade<\/figcaption><\/figure>\n<\/div>\n<p>A equipe foi alertada sobre um idoso de 70 anos que passava mal a bordo de um \u00f4nibus que seguia de Fortaleza com destino a S\u00e3o Paulo.<\/p><\/div>\n","protected":false},"author":1,"featured_media":129407,"comment_status":"closed","ping_status":"closed","sticky":false,"template":"","format":"gallery","meta":{"footnotes":""},"categories":[8,9,6,57,56,10],"tags":[],"class_list":["post-129406","post","type-post","status-publish","format-gallery","has-post-thumbnail","hentry","category-bahia","category-brasil","category-feira-de-santana","category-mundo","category-policia","category-politica","post_format-post-format-gallery"],"featured_image_urls":{"full":["https:\/\/noticiasbahia360.com.br\/wp-content\/uploads\/2026\/05\/BR-116.webp",1200,675,false],"thumbnail":["https:\/\/noticiasbahia360.com.br\/wp-content\/uploads\/2026\/05\/BR-116-150x150.webp",150,150,true],"medium":["https:\/\/noticiasbahia360.com.br\/wp-content\/uploads\/2026\/05\/BR-116-300x169.webp",300,169,true],"medium_large":["https:\/\/noticiasbahia360.com.br\/wp-content\/uploads\/2026\/05\/BR-116-768x432.webp",640,360,true],"large":["https:\/\/noticiasbahia360.com.br\/wp-content\/uploads\/2026\/05\/BR-116-1024x576.webp",640,360,true],"1536x1536":["https:\/\/noticiasbahia360.com.br\/wp-content\/uploads\/2026\/05\/BR-116.webp",1200,675,false],"2048x2048":["https:\/\/noticiasbahia360.com.br\/wp-content\/uploads\/2026\/05\/BR-116.webp",1200,675,false],"chromenews-featured":["https:\/\/noticiasbahia360.com.br\/wp-content\/uploads\/2026\/05\/BR-116-1024x576.webp",1024,576,true],"chromenews-large":["https:\/\/noticiasbahia360.com.br\/wp-content\/uploads\/2026\/05\/BR-116-825x575.webp",825,575,true],"chromenews-medium":["https:\/\/noticiasbahia360.com.br\/wp-content\/uploads\/2026\/05\/BR-116-590x410.webp",590,410,true]},"author_info":{"display_name":"noticiasbahia360.com.br","author_link":"https:\/\/noticiasbahia360.com.br\/?author=1"},"category_info":"<a href=\"https:\/\/noticiasbahia360.com.br\/?cat=8\" rel=\"category\">Bahia<\/a> <a href=\"https:\/\/noticiasbahia360.com.br\/?cat=9\" rel=\"category\">Brasil<\/a> <a href=\"https:\/\/noticiasbahia360.com.br\/?cat=6\" rel=\"category\">Feira de Santana<\/a> <a href=\"https:\/\/noticiasbahia360.com.br\/?cat=57\" rel=\"category\">Mundo<\/a> <a href=\"https:\/\/noticiasbahia360.com.br\/?cat=56\" rel=\"category\">Pol\u00edcia<\/a> <a href=\"https:\/\/noticiasbahia360.com.br\/?cat=10\" rel=\"category\">Pol\u00edtica<\/a>","tag_info":"Pol\u00edtica","comment_count":"0","_links":{"self":[{"href":"https:\/\/noticiasbahia360.com.br\/index.php?rest_route=\/wp\/v2\/posts\/129406","targetHints":{"allow":["GET"]}}],"collection":[{"href":"https:\/\/noticiasbahia360.com.br\/index.php?rest_route=\/wp\/v2\/posts"}],"about":[{"href":"https:\/\/noticiasbahia360.com.br\/index.php?rest_route=\/wp\/v2\/types\/post"}],"author":[{"embeddable":true,"href":"https:\/\/noticiasbahia360.com.br\/index.php?rest_route=\/wp\/v2\/users\/1"}],"replies":[{"embeddable":true,"href":"https:\/\/noticiasbahia360.com.br\/index.php?rest_route=%2Fwp%2Fv2%2Fcomments&post=129406"}],"version-history":[{"count":0,"href":"https:\/\/noticiasbahia360.com.br\/index.php?rest_route=\/wp\/v2\/posts\/129406\/revisions"}],"wp:featuredmedia":[{"embeddable":true,"href":"https:\/\/noticiasbahia360.com.br\/index.php?rest_route=\/wp\/v2\/media\/129407"}],"wp:attachment":[{"href":"https:\/\/noticiasbahia360.com.br\/index.php?rest_route=%2Fwp%2Fv2%2Fmedia&parent=129406"}],"wp:term":[{"taxonomy":"category","embeddable":true,"href":"https:\/\/noticiasbahia360.com.br\/index.php?rest_route=%2Fwp%2Fv2%2Fcategories&post=129406"},{"taxonomy":"post_tag","embeddable":true,"href":"https:\/\/noticiasbahia360.com.br\/index.php?rest_route=%2Fwp%2Fv2%2Ftags&post=129406"}],"curies":[{"name":"wp","href":"https:\/\/api.w.org\/{rel}","templated":true}]}} 