{"id":129410,"date":"2026-05-03T10:10:59","date_gmt":"2026-05-03T13:10:59","guid":{"rendered":"https:\/\/noticiasbahia360.com.br\/?p=129410"},"modified":"2026-05-03T10:10:59","modified_gmt":"2026-05-03T13:10:59","slug":"grupo-armado-mata-homem-a-tiros-e-foge-em-carro-com-placa-adulterada-em-feira-de-santana","status":"publish","type":"post","link":"https:\/\/noticiasbahia360.com.br\/?p=129410","title":{"rendered":"Grupo armado mata homem a tiros e foge em carro com placa adulterada em Feira de Santana"},"content":{"rendered":"<div>\n<div>\n<figure><img decoding=\"async\" src=\"http:\/\/noticiasbahia360.com.br\/wp-content\/uploads\/2026\/05\/Fernando-vitima-de-homicidio.webp\" alt=\"Grupo armado mata homem a tiros e foge em carro com placa adulterada em Feira de Santana\"><figcaption>Fernando de Souza Santos, de 44 anos<\/figcaption><\/figure>\n<\/div>\n<p>Um homem identificado como Fernando de Souza Santos, de 44 anos, foi morto a tiros na madrugada deste domingo (3), em Feira de Santana. O crime ocorreu por volta das 3h, na Avenida Tom\u00e9 de Souza, no bairro <a href=\"https:\/\/www.acordacidade.com.br\/tag\/calumbi\/\" type=\"post_tag\" id=\"37930\">Calumbi<\/a>, nas proximidades de um bar.<\/p>\n<p>De acordo com informa\u00e7\u00f5es apuradas pelo Acorda Cidade, a v\u00edtima foi surpreendida por quatro homens, que chegaram ao local em um ve\u00edculo, desceram e efetuaram diversos disparos antes de fugir.<\/p>\n<p>Fernando foi atingido por 18 tiros e morreu ainda no local. Tamb\u00e9m foram recolhidos aproximadamente 27 estojos de muni\u00e7\u00e3o, o que indica que muitos tiros foram disparados durante a a\u00e7\u00e3o. Segundo as investiga\u00e7\u00f5es foi usada uma arma calibre 9mm.<\/p>\n<p>Ainda segundo relatos colhidos pela pol\u00edcia, os suspeitos usavam balaclavas para esconder o rosto. Durante a fuga, testemunhas disseram ter visto um carro modelo Onix, de cor preta, com uma placa que n\u00e3o correspondia ao ve\u00edculo, o que levanta suspeita de adultera\u00e7\u00e3o. Ap\u00f3s o crime, o grupo teria seguido em dire\u00e7\u00e3o ao bairro Bara\u00fanas.<\/p>\n<p>A \u00e1rea foi isolada pela 65\u00aa Companhia Independnete at\u00e9 a chegada do Departamento de Pol\u00edcia T\u00e9cnica, que realizou os procedimentos de remo\u00e7\u00e3o do corpo.<\/p>\n<p>Fernando de Souza Santos residia no pr\u00f3prio bairro Calumbi.<br \/>Agora, o caso ser\u00e1 investigado pela Pol\u00edcia Civil, que busca identificar a motiva\u00e7\u00e3o e os autores do crime.<\/p>\n<p><em>Com informa\u00e7\u00f5es do rep\u00f3rter Ed Santos, do Acorda Cidade<\/em><\/p>\n<p><em>Siga o Acorda Cidade no<\/em><a href=\"https:\/\/news.google.com\/search?q=acorda%20cidade&amp;hl=pt-BR&amp;gl=BR&amp;ceid=BR%3Apt-419\"><strong><em>\u00a0Google Not\u00edcias<\/em><\/strong><\/a><em>\u00a0e receba os principais destaques do dia. Participe tamb\u00e9m dos nossos canais no\u00a0<\/em><a href=\"https:\/\/www.whatsapp.com\/channel\/0029Va6Rb4v3WHTNnsh8WI3N\"><strong><em>WhatsApp<\/em><\/strong><\/a><em>\u00a0e\u00a0<\/em><a href=\"https:\/\/www.youtube.com\/@acordacidadenoticias\/videos\"><strong>YouTube<\/strong><\/a><em>\u00a0e grupo de\u00a0<\/em><a href=\"https:\/\/t.me\/+sSz0khrgARA0ZmRh\"><strong><em>Telegram<\/em><\/strong><\/a><em>.<\/em><\/p>\n<\/div>\n","protected":false},"excerpt":{"rendered":"<div>\n<div>\n<figure><img decoding=\"async\" src=\"https:\/\/uploads.acordacidade.com.br\/2026\/05\/Fernando-vitima-de-homicidio.webp\" alt=\"Grupo armado mata homem a tiros e foge em carro com placa adulterada em Feira de Santana\"><figcaption>Fernando de Souza Santos, de 44 anos<\/figcaption><\/figure>\n<\/div>\n<p>Durante a fuga, testemunhas disseram ter visto um carro modelo Onix, de cor preta. A placa do carro era adulterada.<\/p><\/div>\n","protected":false},"author":1,"featured_media":129411,"comment_status":"closed","ping_status":"closed","sticky":false,"template":"","format":"gallery","meta":{"footnotes":""},"categories":[8,9,6,57,56,10],"tags":[],"class_list":["post-129410","post","type-post","status-publish","format-gallery","has-post-thumbnail","hentry","category-bahia","category-brasil","category-feira-de-santana","category-mundo","category-policia","category-politica","post_format-post-format-gallery"],"featured_image_urls":{"full":["https:\/\/noticiasbahia360.com.br\/wp-content\/uploads\/2026\/05\/Fernando-vitima-de-homicidio.webp",1200,552,false],"thumbnail":["https:\/\/noticiasbahia360.com.br\/wp-content\/uploads\/2026\/05\/Fernando-vitima-de-homicidio-150x150.webp",150,150,true],"medium":["https:\/\/noticiasbahia360.com.br\/wp-content\/uploads\/2026\/05\/Fernando-vitima-de-homicidio-300x138.webp",300,138,true],"medium_large":["https:\/\/noticiasbahia360.com.br\/wp-content\/uploads\/2026\/05\/Fernando-vitima-de-homicidio-768x353.webp",640,294,true],"large":["https:\/\/noticiasbahia360.com.br\/wp-content\/uploads\/2026\/05\/Fernando-vitima-de-homicidio-1024x471.webp",640,294,true],"1536x1536":["https:\/\/noticiasbahia360.com.br\/wp-content\/uploads\/2026\/05\/Fernando-vitima-de-homicidio.webp",1200,552,false],"2048x2048":["https:\/\/noticiasbahia360.com.br\/wp-content\/uploads\/2026\/05\/Fernando-vitima-de-homicidio.webp",1200,552,false],"chromenews-featured":["https:\/\/noticiasbahia360.com.br\/wp-content\/uploads\/2026\/05\/Fernando-vitima-de-homicidio-1024x471.webp",1024,471,true],"chromenews-large":["https:\/\/noticiasbahia360.com.br\/wp-content\/uploads\/2026\/05\/Fernando-vitima-de-homicidio-825x552.webp",825,552,true],"chromenews-medium":["https:\/\/noticiasbahia360.com.br\/wp-content\/uploads\/2026\/05\/Fernando-vitima-de-homicidio-590x410.webp",590,410,true]},"author_info":{"display_name":"noticiasbahia360.com.br","author_link":"https:\/\/noticiasbahia360.com.br\/?author=1"},"category_info":"<a href=\"https:\/\/noticiasbahia360.com.br\/?cat=8\" rel=\"category\">Bahia<\/a> <a href=\"https:\/\/noticiasbahia360.com.br\/?cat=9\" rel=\"category\">Brasil<\/a> <a href=\"https:\/\/noticiasbahia360.com.br\/?cat=6\" rel=\"category\">Feira de Santana<\/a> <a href=\"https:\/\/noticiasbahia360.com.br\/?cat=57\" rel=\"category\">Mundo<\/a> <a href=\"https:\/\/noticiasbahia360.com.br\/?cat=56\" rel=\"category\">Pol\u00edcia<\/a> <a href=\"https:\/\/noticiasbahia360.com.br\/?cat=10\" rel=\"category\">Pol\u00edtica<\/a>","tag_info":"Pol\u00edtica","comment_count":"0","_links":{"self":[{"href":"https:\/\/noticiasbahia360.com.br\/index.php?rest_route=\/wp\/v2\/posts\/129410","targetHints":{"allow":["GET"]}}],"collection":[{"href":"https:\/\/noticiasbahia360.com.br\/index.php?rest_route=\/wp\/v2\/posts"}],"about":[{"href":"https:\/\/noticiasbahia360.com.br\/index.php?rest_route=\/wp\/v2\/types\/post"}],"author":[{"embeddable":true,"href":"https:\/\/noticiasbahia360.com.br\/index.php?rest_route=\/wp\/v2\/users\/1"}],"replies":[{"embeddable":true,"href":"https:\/\/noticiasbahia360.com.br\/index.php?rest_route=%2Fwp%2Fv2%2Fcomments&post=129410"}],"version-history":[{"count":0,"href":"https:\/\/noticiasbahia360.com.br\/index.php?rest_route=\/wp\/v2\/posts\/129410\/revisions"}],"wp:featuredmedia":[{"embeddable":true,"href":"https:\/\/noticiasbahia360.com.br\/index.php?rest_route=\/wp\/v2\/media\/129411"}],"wp:attachment":[{"href":"https:\/\/noticiasbahia360.com.br\/index.php?rest_route=%2Fwp%2Fv2%2Fmedia&parent=129410"}],"wp:term":[{"taxonomy":"category","embeddable":true,"href":"https:\/\/noticiasbahia360.com.br\/index.php?rest_route=%2Fwp%2Fv2%2Fcategories&post=129410"},{"taxonomy":"post_tag","embeddable":true,"href":"https:\/\/noticiasbahia360.com.br\/index.php?rest_route=%2Fwp%2Fv2%2Ftags&post=129410"}],"curies":[{"name":"wp","href":"https:\/\/api.w.org\/{rel}","templated":true}]}}