{"id":129412,"date":"2026-05-03T10:46:08","date_gmt":"2026-05-03T13:46:08","guid":{"rendered":"https:\/\/noticiasbahia360.com.br\/?p=129412"},"modified":"2026-05-03T10:46:08","modified_gmt":"2026-05-03T13:46:08","slug":"feira-fc-e-jacobina-vencem-em-partidas-de-estreia-no-campeonato-baiano-da-serie-b","status":"publish","type":"post","link":"https:\/\/noticiasbahia360.com.br\/?p=129412","title":{"rendered":"Feira FC e Jacobina vencem em partidas de estreia no Campeonato Baiano da S\u00e9rie B"},"content":{"rendered":"<div>\n<div>\n<figure><img decoding=\"async\" src=\"http:\/\/noticiasbahia360.com.br\/wp-content\/uploads\/2026\/05\/jogadores-do-feira-fc-foto-reproducao-redes-sociais-.png\" alt=\"estreia campeonato\"><figcaption>Foto: Reprodu\u00e7\u00e3o \/ Redes Sociais <\/figcaption><\/figure>\n<\/div>\n<figure class=\"wp-block-image size-full\"><img fetchpriority=\"high\" fetchpriority=\"high\" decoding=\"async\" width=\"1200\" height=\"675\" src=\"http:\/\/noticiasbahia360.com.br\/wp-content\/uploads\/2026\/05\/jogadores-do-jacobina-foto-felipe-alves-02.png\" alt=\"\" class=\"wp-image-651910\" srcset=\"http:\/\/noticiasbahia360.com.br\/wp-content\/uploads\/2026\/05\/jogadores-do-jacobina-foto-felipe-alves-02.png 1200w, https:\/\/uploads.acordacidade.com.br\/2026\/05\/jogadores-do-jacobina-foto-felipe-alves-02-750x422.png 750w, https:\/\/uploads.acordacidade.com.br\/2026\/05\/jogadores-do-jacobina-foto-felipe-alves-02-1000x563.png 1000w, https:\/\/uploads.acordacidade.com.br\/2026\/05\/jogadores-do-jacobina-foto-felipe-alves-02-450x253.png 450w, https:\/\/uploads.acordacidade.com.br\/2026\/05\/jogadores-do-jacobina-foto-felipe-alves-02-150x84.png 150w\" sizes=\"(max-width: 1200px) 100vw, 1200px\"><figcaption class=\"wp-element-caption\">Foto: Felipe Alves <\/figcaption><\/figure>\n<p>O primeiro dia da rodada de estreia do <strong>Campeonato Baiano 2026 S\u00e9rie B <\/strong>teve dom\u00ednio do <strong>Feira FC<\/strong> e virada do <strong>Jacobina.<\/strong><\/p>\n<p>As duas equipes venceram seus respectivos jogos, que foram realizados no s\u00e1bado (2), em <a href=\"https:\/\/www.acordacidade.com.br\/tag\/feira-de-santana\/\" type=\"post_tag\" id=\"33807\">Feira de Santana<\/a>.<\/p>\n<div class=\"wp-block-group\">\n<div class=\"wp-block-group__inner-container is-layout-constrained wp-block-group-is-layout-constrained\">\n<h3 class=\"wp-block-heading\" id=\"h-jacobina-2-x-1-grapiuna\">Jacobina 2 x 1 Grapi\u00fana<\/h3>\n<p>Na partida no Est\u00e1dio Joia da Princesa, o<strong> Grapi\u00fana<\/strong> saiu na frente, abrindo o placar aos 30 minutos do primeiro tempo.<\/p>\n<figure class=\"wp-block-image size-full\"><img decoding=\"async\" width=\"1200\" height=\"675\" src=\"http:\/\/noticiasbahia360.com.br\/wp-content\/uploads\/2026\/05\/jogadores-do-jacobina-foto-felipe-alves-01.png\" alt=\"\" class=\"wp-image-651911\" srcset=\"http:\/\/noticiasbahia360.com.br\/wp-content\/uploads\/2026\/05\/jogadores-do-jacobina-foto-felipe-alves-01.png 1200w, https:\/\/uploads.acordacidade.com.br\/2026\/05\/jogadores-do-jacobina-foto-felipe-alves-01-750x422.png 750w, https:\/\/uploads.acordacidade.com.br\/2026\/05\/jogadores-do-jacobina-foto-felipe-alves-01-1000x563.png 1000w, https:\/\/uploads.acordacidade.com.br\/2026\/05\/jogadores-do-jacobina-foto-felipe-alves-01-450x253.png 450w, https:\/\/uploads.acordacidade.com.br\/2026\/05\/jogadores-do-jacobina-foto-felipe-alves-01-150x84.png 150w\" sizes=\"(max-width: 1200px) 100vw, 1200px\"><figcaption class=\"wp-element-caption\">Foto: Felipe Alves <\/figcaption><\/figure>\n<p>Na segunda fase, o <strong>Jacobina<\/strong> reagiu. Kayke fez para empatar, e Thierry Henry ampliou para garantir os tr\u00eas pontos para o Jacobina.<\/p>\n<figure class=\"wp-block-image size-full\"><img decoding=\"async\" width=\"1200\" height=\"675\" src=\"http:\/\/noticiasbahia360.com.br\/wp-content\/uploads\/2026\/05\/jogadores-do-jacobina-foto-felipe-alves-.png\" alt=\"\" class=\"wp-image-651913\" srcset=\"http:\/\/noticiasbahia360.com.br\/wp-content\/uploads\/2026\/05\/jogadores-do-jacobina-foto-felipe-alves-.png 1200w, https:\/\/uploads.acordacidade.com.br\/2026\/05\/jogadores-do-jacobina-foto-felipe-alves--750x422.png 750w, https:\/\/uploads.acordacidade.com.br\/2026\/05\/jogadores-do-jacobina-foto-felipe-alves--1000x563.png 1000w, https:\/\/uploads.acordacidade.com.br\/2026\/05\/jogadores-do-jacobina-foto-felipe-alves--450x253.png 450w, https:\/\/uploads.acordacidade.com.br\/2026\/05\/jogadores-do-jacobina-foto-felipe-alves--150x84.png 150w\" sizes=\"(max-width: 1200px) 100vw, 1200px\"><figcaption class=\"wp-element-caption\">Foto: Felipe Alves <\/figcaption><\/figure>\n<p><strong>Resultado final: Jacobina 2 x 1 Grapi\u00fana<\/strong><\/p>\n<\/div>\n<\/div>\n<div class=\"wp-block-group\">\n<div class=\"wp-block-group__inner-container is-layout-constrained wp-block-group-is-layout-constrained\">\n<h3 class=\"wp-block-heading\" id=\"h-feira-fc-3-x-0-vitoria-da-conquista\">Feira FC 3 x 0 Vit\u00f3ria da Conquista<\/h3>\n<p>J\u00e1 na Arena Cajueiro, o <strong>Feira FC,<\/strong> o mais novo clube de Feira de Santana, demonstrou dom\u00ednio sobre a equipe do <strong>Vit\u00f3ria da Conquista.<\/strong><\/p>\n<figure class=\"wp-block-image size-full\"><img decoding=\"async\" width=\"1200\" height=\"675\" src=\"http:\/\/noticiasbahia360.com.br\/wp-content\/uploads\/2026\/05\/jogo-do-Feira-Fc-contra-o-Vitoria-da-Conquista-foto-Juvenal-Martins-Acorda-Cidade-.png\" alt=\"\" class=\"wp-image-651914\" srcset=\"http:\/\/noticiasbahia360.com.br\/wp-content\/uploads\/2026\/05\/jogo-do-Feira-Fc-contra-o-Vitoria-da-Conquista-foto-Juvenal-Martins-Acorda-Cidade-.png 1200w, https:\/\/uploads.acordacidade.com.br\/2026\/05\/jogo-do-Feira-Fc-contra-o-Vitoria-da-Conquista-foto-Juvenal-Martins-Acorda-Cidade--750x422.png 750w, https:\/\/uploads.acordacidade.com.br\/2026\/05\/jogo-do-Feira-Fc-contra-o-Vitoria-da-Conquista-foto-Juvenal-Martins-Acorda-Cidade--1000x563.png 1000w, https:\/\/uploads.acordacidade.com.br\/2026\/05\/jogo-do-Feira-Fc-contra-o-Vitoria-da-Conquista-foto-Juvenal-Martins-Acorda-Cidade--450x253.png 450w, https:\/\/uploads.acordacidade.com.br\/2026\/05\/jogo-do-Feira-Fc-contra-o-Vitoria-da-Conquista-foto-Juvenal-Martins-Acorda-Cidade--150x84.png 150w\" sizes=\"(max-width: 1200px) 100vw, 1200px\"><figcaption class=\"wp-element-caption\">Foto: Juvenal Martins \/ Acorda Cidade <\/figcaption><\/figure>\n<p>No primeiro tempo, o experiente Thiago Galhardo balan\u00e7ou a rede do time visitante duas vezes e, na segunda fase, William marcou para consagrar a vit\u00f3ria do ca\u00e7ula da competi\u00e7\u00e3o.<\/p>\n<figure class=\"wp-block-image size-full\"><img loading=\"lazy\" decoding=\"async\" width=\"1200\" height=\"675\" src=\"http:\/\/noticiasbahia360.com.br\/wp-content\/uploads\/2026\/05\/jogo-do-Feira-Fc-contra-o-Vitoria-da-Conquista-foto-Juvenal-Martins-Acorda-Cidade-01.png\" alt=\"\" class=\"wp-image-651915\" srcset=\"http:\/\/noticiasbahia360.com.br\/wp-content\/uploads\/2026\/05\/jogo-do-Feira-Fc-contra-o-Vitoria-da-Conquista-foto-Juvenal-Martins-Acorda-Cidade-01.png 1200w, https:\/\/uploads.acordacidade.com.br\/2026\/05\/jogo-do-Feira-Fc-contra-o-Vitoria-da-Conquista-foto-Juvenal-Martins-Acorda-Cidade-01-750x422.png 750w, https:\/\/uploads.acordacidade.com.br\/2026\/05\/jogo-do-Feira-Fc-contra-o-Vitoria-da-Conquista-foto-Juvenal-Martins-Acorda-Cidade-01-1000x563.png 1000w, https:\/\/uploads.acordacidade.com.br\/2026\/05\/jogo-do-Feira-Fc-contra-o-Vitoria-da-Conquista-foto-Juvenal-Martins-Acorda-Cidade-01-450x253.png 450w, https:\/\/uploads.acordacidade.com.br\/2026\/05\/jogo-do-Feira-Fc-contra-o-Vitoria-da-Conquista-foto-Juvenal-Martins-Acorda-Cidade-01-150x84.png 150w\" sizes=\"(max-width: 1200px) 100vw, 1200px\"><figcaption class=\"wp-element-caption\">Foto: Reprodu\u00e7\u00e3o \/ Redes Sociais <\/figcaption><\/figure>\n<p><strong>Resultado final: Feira FC 3 x 0 Vit\u00f3ria da Conquista<\/strong><\/p>\n<\/div>\n<\/div>\n<div class=\"wp-block-group\">\n<div class=\"wp-block-group__inner-container is-layout-constrained wp-block-group-is-layout-constrained\">\n<h3 class=\"wp-block-heading\" id=\"h-solta-o-touro\">Solta o Touro<\/h3>\n<p>Neste domingo (3), acontecem os outros jogos desta rodada de estreia do Baian\u00e3o S\u00e9rie B, com destaque para o <strong>Fluminense de Feira<\/strong>, outro representante da cidade conhecida como Princesa do Sert\u00e3o, que entra em campo \u00e0s 15h contra o <strong>Reden\u00e7\u00e3o.<\/strong><\/p>\n<figure class=\"wp-block-image size-large\"><img loading=\"lazy\" decoding=\"async\" width=\"1024\" height=\"510\" src=\"http:\/\/noticiasbahia360.com.br\/wp-content\/uploads\/2026\/05\/roE0YyYC-Joia-da-Pincesa-1024x510-1.webp\" alt=\"Joia da Princesa se prepara para receber cl\u00e1ssico local com expectativa de casa cheia neste s\u00e1bado\" class=\"wp-image-555990\" srcset=\"http:\/\/noticiasbahia360.com.br\/wp-content\/uploads\/2026\/05\/roE0YyYC-Joia-da-Pincesa-1024x510-1.webp 1024w, https:\/\/www.acordacidade.com.br\/wp-content\/uploads\/2025\/05\/roE0YyYC-Joia-da-Pincesa--300x150.webp 300w, https:\/\/www.acordacidade.com.br\/wp-content\/uploads\/2025\/05\/roE0YyYC-Joia-da-Pincesa--768x383.webp 768w, https:\/\/www.acordacidade.com.br\/wp-content\/uploads\/2025\/05\/roE0YyYC-Joia-da-Pincesa--150x75.webp 150w, https:\/\/www.acordacidade.com.br\/wp-content\/uploads\/2025\/05\/roE0YyYC-Joia-da-Pincesa-.webp 1306w\" sizes=\"(max-width: 1024px) 100vw, 1024px\"><figcaption class=\"wp-element-caption\">Foto: Jorge Magalh\u00e3es\/ Secom<\/figcaption><\/figure>\n<p><strong>Jogos deste domingo<\/strong><\/p>\n<ul class=\"wp-block-list\">\n<li>Le\u00f4nico x SSA \u2013 15h \u2013 Arena Cajueiro (Feira de Santana)<\/li>\n<li><strong>Fluminense de Feira x Reden\u00e7\u00e3o \u2013 15h \u2013 Est\u00e1dio Joia da Princesa (Feira de Santana)<\/strong><\/li>\n<li>Barreiras x Cama\u00e7ari \u2013 16h \u2013 Est\u00e1dio Geraldo Pereira (Barreiras)<\/li>\n<\/ul>\n<\/div>\n<\/div>\n<p><em>Siga o Acorda Cidade no<\/em><a href=\"https:\/\/news.google.com\/search?q=acorda%20cidade&amp;hl=pt-BR&amp;gl=BR&amp;ceid=BR%3Apt-419\"><strong><em>\u00a0Google Not\u00edcias<\/em><\/strong><\/a><em>\u00a0e receba os principais destaques do dia. Participe tamb\u00e9m dos nossos canais no\u00a0<\/em><a href=\"https:\/\/www.whatsapp.com\/channel\/0029Va6Rb4v3WHTNnsh8WI3N\"><strong><em>WhatsApp<\/em><\/strong><\/a><em>\u00a0e\u00a0<\/em><a href=\"https:\/\/www.youtube.com\/@acordacidadenoticias\/videos\"><strong>Youtube<\/strong><\/a><em>\u00a0e grupo de\u00a0<\/em><a href=\"https:\/\/t.me\/+sSz0khrgARA0ZmRh\"><strong><em>Telegram<\/em><\/strong><\/a><em>.<\/em><\/p>\n<\/div>\n","protected":false},"excerpt":{"rendered":"<div>\n<div>\n<figure><img decoding=\"async\" src=\"https:\/\/uploads.acordacidade.com.br\/2026\/05\/jogadores-do-feira-fc-foto-reproducao-redes-sociais-.png\" alt=\"estreia campeonato\"><figcaption>Foto: Reprodu\u00e7\u00e3o \/ Redes Sociais <\/figcaption><\/figure>\n<\/div>\n<p>As duas equipes venceram seus respectivos jogos, que foram realizados no s\u00e1bado (2), em est\u00e1dios de Feira de Santana.<\/p><\/div>\n","protected":false},"author":1,"featured_media":129413,"comment_status":"closed","ping_status":"closed","sticky":false,"template":"","format":"gallery","meta":{"footnotes":""},"categories":[8,9,6,57,56,10],"tags":[],"class_list":["post-129412","post","type-post","status-publish","format-gallery","has-post-thumbnail","hentry","category-bahia","category-brasil","category-feira-de-santana","category-mundo","category-policia","category-politica","post_format-post-format-gallery"],"featured_image_urls":{"full":["https:\/\/noticiasbahia360.com.br\/wp-content\/uploads\/2026\/05\/jogadores-do-feira-fc-foto-reproducao-redes-sociais-.png",1200,675,false],"thumbnail":["https:\/\/noticiasbahia360.com.br\/wp-content\/uploads\/2026\/05\/jogadores-do-feira-fc-foto-reproducao-redes-sociais--150x150.png",150,150,true],"medium":["https:\/\/noticiasbahia360.com.br\/wp-content\/uploads\/2026\/05\/jogadores-do-feira-fc-foto-reproducao-redes-sociais--300x169.png",300,169,true],"medium_large":["https:\/\/noticiasbahia360.com.br\/wp-content\/uploads\/2026\/05\/jogadores-do-feira-fc-foto-reproducao-redes-sociais--768x432.png",640,360,true],"large":["https:\/\/noticiasbahia360.com.br\/wp-content\/uploads\/2026\/05\/jogadores-do-feira-fc-foto-reproducao-redes-sociais--1024x576.png",640,360,true],"1536x1536":["https:\/\/noticiasbahia360.com.br\/wp-content\/uploads\/2026\/05\/jogadores-do-feira-fc-foto-reproducao-redes-sociais-.png",1200,675,false],"2048x2048":["https:\/\/noticiasbahia360.com.br\/wp-content\/uploads\/2026\/05\/jogadores-do-feira-fc-foto-reproducao-redes-sociais-.png",1200,675,false],"chromenews-featured":["https:\/\/noticiasbahia360.com.br\/wp-content\/uploads\/2026\/05\/jogadores-do-feira-fc-foto-reproducao-redes-sociais--1024x576.png",1024,576,true],"chromenews-large":["https:\/\/noticiasbahia360.com.br\/wp-content\/uploads\/2026\/05\/jogadores-do-feira-fc-foto-reproducao-redes-sociais--825x575.png",825,575,true],"chromenews-medium":["https:\/\/noticiasbahia360.com.br\/wp-content\/uploads\/2026\/05\/jogadores-do-feira-fc-foto-reproducao-redes-sociais--590x410.png",590,410,true]},"author_info":{"display_name":"noticiasbahia360.com.br","author_link":"https:\/\/noticiasbahia360.com.br\/?author=1"},"category_info":"<a href=\"https:\/\/noticiasbahia360.com.br\/?cat=8\" rel=\"category\">Bahia<\/a> <a href=\"https:\/\/noticiasbahia360.com.br\/?cat=9\" rel=\"category\">Brasil<\/a> <a href=\"https:\/\/noticiasbahia360.com.br\/?cat=6\" rel=\"category\">Feira de Santana<\/a> <a href=\"https:\/\/noticiasbahia360.com.br\/?cat=57\" rel=\"category\">Mundo<\/a> <a href=\"https:\/\/noticiasbahia360.com.br\/?cat=56\" rel=\"category\">Pol\u00edcia<\/a> <a href=\"https:\/\/noticiasbahia360.com.br\/?cat=10\" rel=\"category\">Pol\u00edtica<\/a>","tag_info":"Pol\u00edtica","comment_count":"0","_links":{"self":[{"href":"https:\/\/noticiasbahia360.com.br\/index.php?rest_route=\/wp\/v2\/posts\/129412","targetHints":{"allow":["GET"]}}],"collection":[{"href":"https:\/\/noticiasbahia360.com.br\/index.php?rest_route=\/wp\/v2\/posts"}],"about":[{"href":"https:\/\/noticiasbahia360.com.br\/index.php?rest_route=\/wp\/v2\/types\/post"}],"author":[{"embeddable":true,"href":"https:\/\/noticiasbahia360.com.br\/index.php?rest_route=\/wp\/v2\/users\/1"}],"replies":[{"embeddable":true,"href":"https:\/\/noticiasbahia360.com.br\/index.php?rest_route=%2Fwp%2Fv2%2Fcomments&post=129412"}],"version-history":[{"count":0,"href":"https:\/\/noticiasbahia360.com.br\/index.php?rest_route=\/wp\/v2\/posts\/129412\/revisions"}],"wp:featuredmedia":[{"embeddable":true,"href":"https:\/\/noticiasbahia360.com.br\/index.php?rest_route=\/wp\/v2\/media\/129413"}],"wp:attachment":[{"href":"https:\/\/noticiasbahia360.com.br\/index.php?rest_route=%2Fwp%2Fv2%2Fmedia&parent=129412"}],"wp:term":[{"taxonomy":"category","embeddable":true,"href":"https:\/\/noticiasbahia360.com.br\/index.php?rest_route=%2Fwp%2Fv2%2Fcategories&post=129412"},{"taxonomy":"post_tag","embeddable":true,"href":"https:\/\/noticiasbahia360.com.br\/index.php?rest_route=%2Fwp%2Fv2%2Ftags&post=129412"}],"curies":[{"name":"wp","href":"https:\/\/api.w.org\/{rel}","templated":true}]}}