{"id":129420,"date":"2026-05-03T11:11:13","date_gmt":"2026-05-03T14:11:13","guid":{"rendered":"https:\/\/noticiasbahia360.com.br\/?p=129420"},"modified":"2026-05-03T11:11:13","modified_gmt":"2026-05-03T14:11:13","slug":"motociclista-morre-apos-colisao-com-carreta-na-br-116","status":"publish","type":"post","link":"https:\/\/noticiasbahia360.com.br\/?p=129420","title":{"rendered":"Motociclista morre ap\u00f3s colis\u00e3o com carreta na BR-116"},"content":{"rendered":"<div>\n<div>\n<figure><img decoding=\"async\" src=\"http:\/\/noticiasbahia360.com.br\/wp-content\/uploads\/2026\/05\/LeandroMorte-vitima-de-acidente-.webp\" alt=\"Motociclista morre ap\u00f3s colis\u00e3o com carreta na BR-116\"><figcaption>Foto: Reprodu\u00e7\u00e3o\/Redes Sociais <\/figcaption><\/figure>\n<\/div>\n<p>Um homem de 44 anos morreu na noite de s\u00e1bado (2) ap\u00f3s um acidente envolvendo uma motocicleta e uma carreta na BR-116, no trecho da rodovia entre os munic\u00edpios de Lafaiete Coutinho e Jequi\u00e9, no sudoeste da Bahia.<\/p>\n<p>Segundo o Blog do Marcos Frahm, site parceiro do Acorda Cidade, a colis\u00e3o aconteceu por volta das 18h, na altura do km 669, j\u00e1 em \u00e1rea urbana de Jequi\u00e9. O motociclista n\u00e3o resistiu aos ferimentos e morreu ainda no local.<\/p>\n<p>De acordo com informa\u00e7\u00f5es apuradas, a v\u00edtima, <strong>Leandro Barbosa dos Santos<\/strong>, seguia pela rodovia quando houve a batida com a carreta.<\/p>\n<figure class=\"wp-block-image size-full\"><img fetchpriority=\"high\" fetchpriority=\"high\" decoding=\"async\" width=\"1200\" height=\"780\" src=\"http:\/\/noticiasbahia360.com.br\/wp-content\/uploads\/2026\/05\/LeandroMorte-vitima-de-acidente.webp\" alt=\"Motociclista morre ap\u00f3s colis\u00e3o com carreta na BR-116\" class=\"wp-image-651926\" srcset=\"http:\/\/noticiasbahia360.com.br\/wp-content\/uploads\/2026\/05\/LeandroMorte-vitima-de-acidente.webp 1200w, https:\/\/uploads.acordacidade.com.br\/2026\/05\/LeandroMorte-vitima-de-acidente-750x488.webp 750w, https:\/\/uploads.acordacidade.com.br\/2026\/05\/LeandroMorte-vitima-de-acidente-1000x650.webp 1000w, https:\/\/uploads.acordacidade.com.br\/2026\/05\/LeandroMorte-vitima-de-acidente-450x293.webp 450w, https:\/\/uploads.acordacidade.com.br\/2026\/05\/LeandroMorte-vitima-de-acidente-150x98.webp 150w\" sizes=\"(max-width: 1200px) 100vw, 1200px\"><figcaption class=\"wp-element-caption\">Foto: Reprodu\u00e7\u00e3o\/Redes Sociais <\/figcaption><\/figure>\n<p>O acidente causou impacto no tr\u00e1fego da BR-116, que j\u00e1 registrava lentid\u00e3o desde o dia anterior por conta de outras ocorr\u00eancias na regi\u00e3o. Com isso, um longo congestionamento se formou entre Jequi\u00e9 e Jaguaquara.<\/p>\n<p>A Pol\u00edcia Rodovi\u00e1ria Federal esteve no local para organizar o tr\u00e2nsito e acionou o Departamento de Pol\u00edcia T\u00e9cnica, que realizou a remo\u00e7\u00e3o do corpo para o Instituto M\u00e9dico Legal de Jequi\u00e9.<\/p>\n<p>O homem trabalhava em uma empresa de cal\u00e7ados em Jequi\u00e9 e havia passado o dia na casa da esposa, em Lafaiete Coutinho, antes de retornar.<\/p>\n<p><em>Siga o Acorda Cidade no<\/em><a href=\"https:\/\/news.google.com\/search?q=acorda%20cidade&amp;hl=pt-BR&amp;gl=BR&amp;ceid=BR%3Apt-419\"><strong><em>\u00a0Google Not\u00edcias<\/em><\/strong><\/a><em>\u00a0e receba os principais destaques do dia. Participe tamb\u00e9m dos nossos canais no\u00a0<\/em><a href=\"https:\/\/www.whatsapp.com\/channel\/0029Va6Rb4v3WHTNnsh8WI3N\"><strong><em>WhatsApp<\/em><\/strong><\/a><em>\u00a0e\u00a0<\/em><a href=\"https:\/\/www.youtube.com\/@acordacidadenoticias\/videos\"><strong>YouTube<\/strong><\/a><em>\u00a0e grupo de\u00a0<\/em><a href=\"https:\/\/t.me\/+sSz0khrgARA0ZmRh\"><strong><em>Telegram<\/em><\/strong><\/a><em>.<\/em><\/p>\n<\/div>\n","protected":false},"excerpt":{"rendered":"<div>\n<div>\n<figure><img decoding=\"async\" src=\"https:\/\/uploads.acordacidade.com.br\/2026\/05\/LeandroMorte-vitima-de-acidente-.webp\" alt=\"Motociclista morre ap\u00f3s colis\u00e3o com carreta na BR-116\"><figcaption>Foto: Reprodu\u00e7\u00e3o\/Redes Sociais <\/figcaption><\/figure>\n<\/div>\n<p>De acordo com informa\u00e7\u00f5es apuradas, a v\u00edtima, Leandro Barbosa dos Santos, seguia pela rodovia quando houve a batida com a carreta.<\/p><\/div>\n","protected":false},"author":1,"featured_media":129421,"comment_status":"closed","ping_status":"closed","sticky":false,"template":"","format":"gallery","meta":{"footnotes":""},"categories":[8,9,6,57,56,10],"tags":[],"class_list":["post-129420","post","type-post","status-publish","format-gallery","has-post-thumbnail","hentry","category-bahia","category-brasil","category-feira-de-santana","category-mundo","category-policia","category-politica","post_format-post-format-gallery"],"featured_image_urls":{"full":["https:\/\/noticiasbahia360.com.br\/wp-content\/uploads\/2026\/05\/LeandroMorte-vitima-de-acidente-.webp",1200,829,false],"thumbnail":["https:\/\/noticiasbahia360.com.br\/wp-content\/uploads\/2026\/05\/LeandroMorte-vitima-de-acidente--150x150.webp",150,150,true],"medium":["https:\/\/noticiasbahia360.com.br\/wp-content\/uploads\/2026\/05\/LeandroMorte-vitima-de-acidente--300x207.webp",300,207,true],"medium_large":["https:\/\/noticiasbahia360.com.br\/wp-content\/uploads\/2026\/05\/LeandroMorte-vitima-de-acidente--768x531.webp",640,443,true],"large":["https:\/\/noticiasbahia360.com.br\/wp-content\/uploads\/2026\/05\/LeandroMorte-vitima-de-acidente--1024x707.webp",640,442,true],"1536x1536":["https:\/\/noticiasbahia360.com.br\/wp-content\/uploads\/2026\/05\/LeandroMorte-vitima-de-acidente-.webp",1200,829,false],"2048x2048":["https:\/\/noticiasbahia360.com.br\/wp-content\/uploads\/2026\/05\/LeandroMorte-vitima-de-acidente-.webp",1200,829,false],"chromenews-featured":["https:\/\/noticiasbahia360.com.br\/wp-content\/uploads\/2026\/05\/LeandroMorte-vitima-de-acidente--1024x707.webp",1024,707,true],"chromenews-large":["https:\/\/noticiasbahia360.com.br\/wp-content\/uploads\/2026\/05\/LeandroMorte-vitima-de-acidente--825x575.webp",825,575,true],"chromenews-medium":["https:\/\/noticiasbahia360.com.br\/wp-content\/uploads\/2026\/05\/LeandroMorte-vitima-de-acidente--590x410.webp",590,410,true]},"author_info":{"display_name":"noticiasbahia360.com.br","author_link":"https:\/\/noticiasbahia360.com.br\/?author=1"},"category_info":"<a href=\"https:\/\/noticiasbahia360.com.br\/?cat=8\" rel=\"category\">Bahia<\/a> <a href=\"https:\/\/noticiasbahia360.com.br\/?cat=9\" rel=\"category\">Brasil<\/a> <a href=\"https:\/\/noticiasbahia360.com.br\/?cat=6\" rel=\"category\">Feira de Santana<\/a> <a href=\"https:\/\/noticiasbahia360.com.br\/?cat=57\" rel=\"category\">Mundo<\/a> <a href=\"https:\/\/noticiasbahia360.com.br\/?cat=56\" rel=\"category\">Pol\u00edcia<\/a> <a href=\"https:\/\/noticiasbahia360.com.br\/?cat=10\" rel=\"category\">Pol\u00edtica<\/a>","tag_info":"Pol\u00edtica","comment_count":"0","_links":{"self":[{"href":"https:\/\/noticiasbahia360.com.br\/index.php?rest_route=\/wp\/v2\/posts\/129420","targetHints":{"allow":["GET"]}}],"collection":[{"href":"https:\/\/noticiasbahia360.com.br\/index.php?rest_route=\/wp\/v2\/posts"}],"about":[{"href":"https:\/\/noticiasbahia360.com.br\/index.php?rest_route=\/wp\/v2\/types\/post"}],"author":[{"embeddable":true,"href":"https:\/\/noticiasbahia360.com.br\/index.php?rest_route=\/wp\/v2\/users\/1"}],"replies":[{"embeddable":true,"href":"https:\/\/noticiasbahia360.com.br\/index.php?rest_route=%2Fwp%2Fv2%2Fcomments&post=129420"}],"version-history":[{"count":0,"href":"https:\/\/noticiasbahia360.com.br\/index.php?rest_route=\/wp\/v2\/posts\/129420\/revisions"}],"wp:featuredmedia":[{"embeddable":true,"href":"https:\/\/noticiasbahia360.com.br\/index.php?rest_route=\/wp\/v2\/media\/129421"}],"wp:attachment":[{"href":"https:\/\/noticiasbahia360.com.br\/index.php?rest_route=%2Fwp%2Fv2%2Fmedia&parent=129420"}],"wp:term":[{"taxonomy":"category","embeddable":true,"href":"https:\/\/noticiasbahia360.com.br\/index.php?rest_route=%2Fwp%2Fv2%2Fcategories&post=129420"},{"taxonomy":"post_tag","embeddable":true,"href":"https:\/\/noticiasbahia360.com.br\/index.php?rest_route=%2Fwp%2Fv2%2Ftags&post=129420"}],"curies":[{"name":"wp","href":"https:\/\/api.w.org\/{rel}","templated":true}]}} 