{"id":129423,"date":"2026-05-03T11:36:03","date_gmt":"2026-05-03T14:36:03","guid":{"rendered":"https:\/\/noticiasbahia360.com.br\/?p=129423"},"modified":"2026-05-03T11:36:03","modified_gmt":"2026-05-03T14:36:03","slug":"motorista-morre-dentro-de-delegacia-apos-se-apresentar-por-acidente-na-ba-938","status":"publish","type":"post","link":"https:\/\/noticiasbahia360.com.br\/?p=129423","title":{"rendered":"Motorista morre dentro de delegacia ap\u00f3s se apresentar por acidente na BA-938"},"content":{"rendered":"<div>\n<div>\n<figure><img decoding=\"async\" src=\"http:\/\/noticiasbahia360.com.br\/wp-content\/uploads\/2026\/05\/2178-delegacia-territorial-de-guanambi.webp\" alt=\"Motorista morre dentro de delegacia ap\u00f3s se apresentar por acidente na BA-938\"><figcaption>Foto: Lay Amorim\/Achei Sudoeste<\/figcaption><\/figure>\n<\/div>\n<p>Um homem morreu na noite de s\u00e1bado (2) dentro da Delegacia Territorial de Guanambi, no sudoeste da Bahia, ap\u00f3s se apresentar espontaneamente \u00e0 unidade policial depois de se envolver em um acidente de tr\u00e2nsito.<\/p>\n<p>O caso aconteceu na rodovia BA-938, que liga a sede do munic\u00edpio ao distrito de Cera\u00edma. Segundo o Achei Sudoeste, site parceiro do Acorda Cidade, ap\u00f3s a colis\u00e3o entre dois ve\u00edculos, o motorista foi at\u00e9 a delegacia para informar o ocorrido, sem prestar socorro \u00e0s v\u00edtimas do outro carro.<\/p>\n<p>Na unidade policial, os agentes perceberam que o homem apresentava sinais de embriaguez. Ele foi autuado e permaneceu custodiado em uma cela, como ocorre em situa\u00e7\u00f5es desse tipo.<\/p>\n<p>Segundo informa\u00e7\u00f5es da pol\u00edcia, a deten\u00e7\u00e3o seguiu os procedimentos previstos. O motorista foi colocado em uma cela separada ap\u00f3s o registro da ocorr\u00eancia.<\/p>\n<p>Pouco tempo depois, ele foi encontrado sem sinais de vida pelos policiais. O Servi\u00e7o de Atendimento M\u00f3vel de Urg\u00eancia (Samu) foi acionado e confirmou o \u00f3bito no local.<\/p>\n<p>De acordo com informa\u00e7\u00f5es iniciais, a suspeita \u00e9 de que a morte tenha sido causada por um infarto, hip\u00f3tese que ainda ser\u00e1 confirmada pelo laudo do Departamento de Pol\u00edcia T\u00e9cnica (DPT). O corpo foi encaminhado para o Instituto M\u00e9dico Legal (IML) de Guanambi.<\/p>\n<p><em>Siga o Acorda Cidade no<\/em><a href=\"https:\/\/news.google.com\/search?q=acorda%20cidade&amp;hl=pt-BR&amp;gl=BR&amp;ceid=BR%3Apt-419\"><strong><em>\u00a0Google Not\u00edcias<\/em><\/strong><\/a><em>\u00a0e receba os principais destaques do dia. Participe tamb\u00e9m dos nossos canais no\u00a0<\/em><a href=\"https:\/\/www.whatsapp.com\/channel\/0029Va6Rb4v3WHTNnsh8WI3N\"><strong><em>WhatsApp<\/em><\/strong><\/a><em>\u00a0e\u00a0<\/em><a href=\"https:\/\/www.youtube.com\/@acordacidadenoticias\/videos\"><strong>YouTube<\/strong><\/a><em>\u00a0e grupo de\u00a0<\/em><a href=\"https:\/\/t.me\/+sSz0khrgARA0ZmRh\"><strong><em>Telegram<\/em><\/strong><\/a><em>.<\/em><\/p>\n<\/div>\n","protected":false},"excerpt":{"rendered":"<div>\n<div>\n<figure><img decoding=\"async\" src=\"https:\/\/uploads.acordacidade.com.br\/2026\/05\/2178-delegacia-territorial-de-guanambi.webp\" alt=\"Motorista morre dentro de delegacia ap\u00f3s se apresentar por acidente na BA-938\"><figcaption>Foto: Lay Amorim\/Achei Sudoeste<\/figcaption><\/figure>\n<\/div>\n<p>Ap\u00f3s a colis\u00e3o entre dois ve\u00edculos, o motorista foi at\u00e9 a delegacia para informar o ocorrido, sem prestar socorro \u00e0s v\u00edtimas.<\/p><\/div>\n","protected":false},"author":1,"featured_media":129424,"comment_status":"closed","ping_status":"closed","sticky":false,"template":"","format":"gallery","meta":{"footnotes":""},"categories":[8,9,6,57,56,10],"tags":[],"class_list":["post-129423","post","type-post","status-publish","format-gallery","has-post-thumbnail","hentry","category-bahia","category-brasil","category-feira-de-santana","category-mundo","category-policia","category-politica","post_format-post-format-gallery"],"featured_image_urls":{"full":["https:\/\/noticiasbahia360.com.br\/wp-content\/uploads\/2026\/05\/2178-delegacia-territorial-de-guanambi.webp",1200,800,false],"thumbnail":["https:\/\/noticiasbahia360.com.br\/wp-content\/uploads\/2026\/05\/2178-delegacia-territorial-de-guanambi-150x150.webp",150,150,true],"medium":["https:\/\/noticiasbahia360.com.br\/wp-content\/uploads\/2026\/05\/2178-delegacia-territorial-de-guanambi-300x200.webp",300,200,true],"medium_large":["https:\/\/noticiasbahia360.com.br\/wp-content\/uploads\/2026\/05\/2178-delegacia-territorial-de-guanambi-768x512.webp",640,427,true],"large":["https:\/\/noticiasbahia360.com.br\/wp-content\/uploads\/2026\/05\/2178-delegacia-territorial-de-guanambi-1024x683.webp",640,427,true],"1536x1536":["https:\/\/noticiasbahia360.com.br\/wp-content\/uploads\/2026\/05\/2178-delegacia-territorial-de-guanambi.webp",1200,800,false],"2048x2048":["https:\/\/noticiasbahia360.com.br\/wp-content\/uploads\/2026\/05\/2178-delegacia-territorial-de-guanambi.webp",1200,800,false],"chromenews-featured":["https:\/\/noticiasbahia360.com.br\/wp-content\/uploads\/2026\/05\/2178-delegacia-territorial-de-guanambi-1024x683.webp",1024,683,true],"chromenews-large":["https:\/\/noticiasbahia360.com.br\/wp-content\/uploads\/2026\/05\/2178-delegacia-territorial-de-guanambi-825x575.webp",825,575,true],"chromenews-medium":["https:\/\/noticiasbahia360.com.br\/wp-content\/uploads\/2026\/05\/2178-delegacia-territorial-de-guanambi-590x410.webp",590,410,true]},"author_info":{"display_name":"noticiasbahia360.com.br","author_link":"https:\/\/noticiasbahia360.com.br\/?author=1"},"category_info":"<a href=\"https:\/\/noticiasbahia360.com.br\/?cat=8\" rel=\"category\">Bahia<\/a> <a href=\"https:\/\/noticiasbahia360.com.br\/?cat=9\" rel=\"category\">Brasil<\/a> <a href=\"https:\/\/noticiasbahia360.com.br\/?cat=6\" rel=\"category\">Feira de Santana<\/a> <a href=\"https:\/\/noticiasbahia360.com.br\/?cat=57\" rel=\"category\">Mundo<\/a> <a href=\"https:\/\/noticiasbahia360.com.br\/?cat=56\" rel=\"category\">Pol\u00edcia<\/a> <a href=\"https:\/\/noticiasbahia360.com.br\/?cat=10\" rel=\"category\">Pol\u00edtica<\/a>","tag_info":"Pol\u00edtica","comment_count":"0","_links":{"self":[{"href":"https:\/\/noticiasbahia360.com.br\/index.php?rest_route=\/wp\/v2\/posts\/129423","targetHints":{"allow":["GET"]}}],"collection":[{"href":"https:\/\/noticiasbahia360.com.br\/index.php?rest_route=\/wp\/v2\/posts"}],"about":[{"href":"https:\/\/noticiasbahia360.com.br\/index.php?rest_route=\/wp\/v2\/types\/post"}],"author":[{"embeddable":true,"href":"https:\/\/noticiasbahia360.com.br\/index.php?rest_route=\/wp\/v2\/users\/1"}],"replies":[{"embeddable":true,"href":"https:\/\/noticiasbahia360.com.br\/index.php?rest_route=%2Fwp%2Fv2%2Fcomments&post=129423"}],"version-history":[{"count":0,"href":"https:\/\/noticiasbahia360.com.br\/index.php?rest_route=\/wp\/v2\/posts\/129423\/revisions"}],"wp:featuredmedia":[{"embeddable":true,"href":"https:\/\/noticiasbahia360.com.br\/index.php?rest_route=\/wp\/v2\/media\/129424"}],"wp:attachment":[{"href":"https:\/\/noticiasbahia360.com.br\/index.php?rest_route=%2Fwp%2Fv2%2Fmedia&parent=129423"}],"wp:term":[{"taxonomy":"category","embeddable":true,"href":"https:\/\/noticiasbahia360.com.br\/index.php?rest_route=%2Fwp%2Fv2%2Fcategories&post=129423"},{"taxonomy":"post_tag","embeddable":true,"href":"https:\/\/noticiasbahia360.com.br\/index.php?rest_route=%2Fwp%2Fv2%2Ftags&post=129423"}],"curies":[{"name":"wp","href":"https:\/\/api.w.org\/{rel}","templated":true}]}}