{"id":133831,"date":"2026-05-31T17:03:58","date_gmt":"2026-05-31T20:03:58","guid":{"rendered":"https:\/\/noticiasbahia360.com.br\/?p=133831"},"modified":"2026-05-31T17:03:58","modified_gmt":"2026-05-31T20:03:58","slug":"prefeitura-manifesta-pesar-pela-morte-de-jacira-almeida-viuva-do-ex-vereador-tatai","status":"publish","type":"post","link":"https:\/\/noticiasbahia360.com.br\/?p=133831","title":{"rendered":"Prefeitura manifesta pesar pela morte de Jacira Almeida, vi\u00fava do ex-vereador Tatai"},"content":{"rendered":"<div>\n<div>\n<figure><img decoding=\"async\" src=\"http:\/\/noticiasbahia360.com.br\/wp-content\/uploads\/2026\/05\/Morre-Jacira-Cerqueira-de-Almeida-viuva-do-ex-vereador-Tatai-foto-reproducao-arquivo-pessoal-01-1.jpg\" alt=\"\"><figcaption>Morre Jacira Cerqueira de Almeida, vi\u00fava do ex-vereador Tatai | Foto: Reprodu\u00e7\u00e3o \/ Arquivo pessoal  <\/figcaption><\/figure>\n<\/div>\n<p>O prefeito Jos\u00e9 Ronaldo de Carvalho emitiu nota de pesar pelo falecimento de Dona Jacira Cerqueira de Almeida, ocorrido na manh\u00e3 deste domingo (30), aos 88 anos. Ela era m\u00e3e do deputado estadual feirense \u00c2ngelo Almeida e vi\u00fava do ex-vereador Ant\u00f4nio Carlos Pinto de Almeida, conhecido como Tatai.<\/p>\n<p>Dona Jacira, como era mais conhecida entre amigos e parentes, deixa filhos, noras, genros, netos e bisnetos. O vel\u00f3rio ser\u00e1 realizado a partir das 14h, no Pax Bahia, no bairro SIM, e o sepultamento ocorrer\u00e1 nesta segunda-feira (01), \u00e0s 10h, no Cemit\u00e9rio Jardim Celestial, ap\u00f3s missa de corpo presente.<\/p>\n<p>Dona Jacira nasceu na cidade de Cora\u00e7\u00e3o de Maria, no dia 9 de novembro de 1937. Deixa os filhos Antonio Carlos Pinto de Almeida Filho, Andr\u00e9 Lu\u00eds Cerqueira de Almeida, \u00c2ngelo M\u00e1rio Cerqueira de Almeida, Augusto C\u00e9sar Cerqueira de Almeida, Ana Cristina Cerqueira de Almeida e Adriana Maria Cerqueira de Almeida.<\/p>\n<p><em>Com informa\u00e7\u00f5es da Secretaria Municipal de Comunica\u00e7\u00e3o Social de Feira de Santana<\/em><\/p>\n<p><em>Siga o Acorda Cidade no\u00a0<\/em><a href=\"https:\/\/news.google.com\/search?q=acorda%20cidade&amp;hl=pt-BR&amp;gl=BR&amp;ceid=BR%3Apt-419\"><strong><em>Google Not\u00edcias<\/em><\/strong><\/a><em>\u00a0e receba os principais destaques do dia. Participe tamb\u00e9m dos nossos canais no\u00a0<\/em><a href=\"https:\/\/www.whatsapp.com\/channel\/0029Va6Rb4v3WHTNnsh8WI3N\"><strong><em>WhatsApp<\/em><\/strong><\/a><em>\u00a0e\u00a0<\/em><a href=\"https:\/\/www.youtube.com\/@acordacidadenoticias\/videos\"><strong>YouTube<\/strong><\/a><em>\u00a0e grupo de\u00a0<\/em><a href=\"https:\/\/t.me\/+sSz0khrgARA0ZmRh\"><strong><em>Telegram<\/em><\/strong><\/a><em>.<\/em><\/p>\n<\/div>\n","protected":false},"excerpt":{"rendered":"<p>Morre Jacira Cerqueira de Almeida, vi\u00fava do ex-vereador Tatai | Foto: Reprodu\u00e7\u00e3o \/ Arquivo pessoal<\/p>\n","protected":false},"author":1,"featured_media":133832,"comment_status":"closed","ping_status":"closed","sticky":false,"template":"","format":"gallery","meta":{"footnotes":""},"categories":[8,9,6,57,56,10],"tags":[],"class_list":["post-133831","post","type-post","status-publish","format-gallery","has-post-thumbnail","hentry","category-bahia","category-brasil","category-feira-de-santana","category-mundo","category-policia","category-politica","post_format-post-format-gallery"],"featured_image_urls":{"full":["https:\/\/noticiasbahia360.com.br\/wp-content\/uploads\/2026\/05\/Morre-Jacira-Cerqueira-de-Almeida-viuva-do-ex-vereador-Tatai-foto-reproducao-arquivo-pessoal-01-1.jpg",1200,675,false],"thumbnail":["https:\/\/noticiasbahia360.com.br\/wp-content\/uploads\/2026\/05\/Morre-Jacira-Cerqueira-de-Almeida-viuva-do-ex-vereador-Tatai-foto-reproducao-arquivo-pessoal-01-1-150x150.jpg",150,150,true],"medium":["https:\/\/noticiasbahia360.com.br\/wp-content\/uploads\/2026\/05\/Morre-Jacira-Cerqueira-de-Almeida-viuva-do-ex-vereador-Tatai-foto-reproducao-arquivo-pessoal-01-1-300x169.jpg",300,169,true],"medium_large":["https:\/\/noticiasbahia360.com.br\/wp-content\/uploads\/2026\/05\/Morre-Jacira-Cerqueira-de-Almeida-viuva-do-ex-vereador-Tatai-foto-reproducao-arquivo-pessoal-01-1-768x432.jpg",640,360,true],"large":["https:\/\/noticiasbahia360.com.br\/wp-content\/uploads\/2026\/05\/Morre-Jacira-Cerqueira-de-Almeida-viuva-do-ex-vereador-Tatai-foto-reproducao-arquivo-pessoal-01-1-1024x576.jpg",640,360,true],"1536x1536":["https:\/\/noticiasbahia360.com.br\/wp-content\/uploads\/2026\/05\/Morre-Jacira-Cerqueira-de-Almeida-viuva-do-ex-vereador-Tatai-foto-reproducao-arquivo-pessoal-01-1.jpg",1200,675,false],"2048x2048":["https:\/\/noticiasbahia360.com.br\/wp-content\/uploads\/2026\/05\/Morre-Jacira-Cerqueira-de-Almeida-viuva-do-ex-vereador-Tatai-foto-reproducao-arquivo-pessoal-01-1.jpg",1200,675,false],"chromenews-featured":["https:\/\/noticiasbahia360.com.br\/wp-content\/uploads\/2026\/05\/Morre-Jacira-Cerqueira-de-Almeida-viuva-do-ex-vereador-Tatai-foto-reproducao-arquivo-pessoal-01-1-1024x576.jpg",1024,576,true],"chromenews-large":["https:\/\/noticiasbahia360.com.br\/wp-content\/uploads\/2026\/05\/Morre-Jacira-Cerqueira-de-Almeida-viuva-do-ex-vereador-Tatai-foto-reproducao-arquivo-pessoal-01-1-825x575.jpg",825,575,true],"chromenews-medium":["https:\/\/noticiasbahia360.com.br\/wp-content\/uploads\/2026\/05\/Morre-Jacira-Cerqueira-de-Almeida-viuva-do-ex-vereador-Tatai-foto-reproducao-arquivo-pessoal-01-1-590x410.jpg",590,410,true]},"author_info":{"display_name":"noticiasbahia360.com.br","author_link":"https:\/\/noticiasbahia360.com.br\/?author=1"},"category_info":"<a href=\"https:\/\/noticiasbahia360.com.br\/?cat=8\" rel=\"category\">Bahia<\/a> <a href=\"https:\/\/noticiasbahia360.com.br\/?cat=9\" rel=\"category\">Brasil<\/a> <a href=\"https:\/\/noticiasbahia360.com.br\/?cat=6\" rel=\"category\">Feira de Santana<\/a> <a href=\"https:\/\/noticiasbahia360.com.br\/?cat=57\" rel=\"category\">Mundo<\/a> <a href=\"https:\/\/noticiasbahia360.com.br\/?cat=56\" rel=\"category\">Pol\u00edcia<\/a> <a href=\"https:\/\/noticiasbahia360.com.br\/?cat=10\" rel=\"category\">Pol\u00edtica<\/a>","tag_info":"Pol\u00edtica","comment_count":"0","_links":{"self":[{"href":"https:\/\/noticiasbahia360.com.br\/index.php?rest_route=\/wp\/v2\/posts\/133831","targetHints":{"allow":["GET"]}}],"collection":[{"href":"https:\/\/noticiasbahia360.com.br\/index.php?rest_route=\/wp\/v2\/posts"}],"about":[{"href":"https:\/\/noticiasbahia360.com.br\/index.php?rest_route=\/wp\/v2\/types\/post"}],"author":[{"embeddable":true,"href":"https:\/\/noticiasbahia360.com.br\/index.php?rest_route=\/wp\/v2\/users\/1"}],"replies":[{"embeddable":true,"href":"https:\/\/noticiasbahia360.com.br\/index.php?rest_route=%2Fwp%2Fv2%2Fcomments&post=133831"}],"version-history":[{"count":0,"href":"https:\/\/noticiasbahia360.com.br\/index.php?rest_route=\/wp\/v2\/posts\/133831\/revisions"}],"wp:featuredmedia":[{"embeddable":true,"href":"https:\/\/noticiasbahia360.com.br\/index.php?rest_route=\/wp\/v2\/media\/133832"}],"wp:attachment":[{"href":"https:\/\/noticiasbahia360.com.br\/index.php?rest_route=%2Fwp%2Fv2%2Fmedia&parent=133831"}],"wp:term":[{"taxonomy":"category","embeddable":true,"href":"https:\/\/noticiasbahia360.com.br\/index.php?rest_route=%2Fwp%2Fv2%2Fcategories&post=133831"},{"taxonomy":"post_tag","embeddable":true,"href":"https:\/\/noticiasbahia360.com.br\/index.php?rest_route=%2Fwp%2Fv2%2Ftags&post=133831"}],"curies":[{"name":"wp","href":"https:\/\/api.w.org\/{rel}","templated":true}]}}